{"id":9899,"date":"2017-11-05T00:25:00","date_gmt":"2017-11-04T23:25:00","guid":{"rendered":"http:\/\/smaria.salou.arqtgn.cat\/no-nos-pongamos-medallas-lo-nuestro-es-el-servicio-a-los-demas\/"},"modified":"2017-11-05T00:25:00","modified_gmt":"2017-11-04T23:25:00","slug":"no-nos-pongamos-medallas-lo-nuestro-es-el-servicio-a-los-demas","status":"publish","type":"post","link":"https:\/\/smaria.salou.arqtgn.cat\/es\/no-nos-pongamos-medallas-lo-nuestro-es-el-servicio-a-los-demas\/","title":{"rendered":"No nos pongamos medallas, lo nuestro es el servicio a los dem\u00e1s."},"content":{"rendered":"<p><a href=\"http:\/\/salou2.wp.arqtgn.cat\/wp-content\/uploads\/sites\/10\/2017\/11\/311_A.jpg\" target=\"_blank\" rel=\"noopener noreferrer\"><img loading=\"lazy\" decoding=\"async\" class=\"aligncenter wp-image-6692 size-full\" src=\"http:\/\/salou2.wp.arqtgn.cat\/wp-content\/uploads\/sites\/10\/2017\/11\/311_A.jpg\" alt=\"\" width=\"1024\" height=\"724\" srcset=\"https:\/\/smaria.salou.arqtgn.cat\/wp-content\/uploads\/sites\/10\/2017\/11\/311_A.jpg 1024w, https:\/\/smaria.salou.arqtgn.cat\/wp-content\/uploads\/sites\/10\/2017\/11\/311_A-300x212.jpg 300w, https:\/\/smaria.salou.arqtgn.cat\/wp-content\/uploads\/sites\/10\/2017\/11\/311_A-768x543.jpg 768w\" sizes=\"auto, (max-width: 1024px) 100vw, 1024px\" \/><\/a><\/p>\n<table>\n<tbody>\n<tr>\n<td>\n<h1><strong><span style=\"color: #ff9900\">Para pensar &#8230;<\/span><\/strong><\/h1>\n<p>&nbsp;<\/td>\n<\/tr>\n<\/tbody>\n<\/table>\n<p>No nos creamos los mejores ni los m\u00e1s buenos, porque eso no es importante. Esto es lo que Jes\u00fas nos dice. Quiere que estemos preocupados de hacer el bien a los dem\u00e1s, de servir a los dem\u00e1s.<\/p>\n<p>Estamos en un mundo en el que no se valora la humildad, en el que si alguien es humilde muchas veces se piensa que eso es debilidad.<\/p>\n<p>Pero la humildad es el camino del Se\u00f1or. Si no somos humildes, si no somos conscientes de que no somos el centro del mundo, entonces estaremos mucho m\u00e1s cerca de Jes\u00fas. S\u00f3lo podemos aprender de los crecer, crecer de los dem\u00e1s, si somos humildes.<\/p>\n<ul>\n<li>Escribe el nombre de una persona de la que creas que has aprendido algo importante en tu vida.<\/li>\n<li>\u00bfPor qu\u00e9 crees que debemos ser humildes los cristianos? \u00bfC\u00f3mo podemos ser humildes los cristianos?\u00bfQu\u00e9 debemos hacer?<\/li>\n<li>Escribe un compromiso que te ayude a crecer en humildad y en servicio a los dem\u00e1s..<\/li>\n<\/ul>\n<div class=\"clear largemarginbottom\"><\/div>\n<p>&nbsp;<\/p>\n<p>&nbsp;<\/p>\n<table>\n<tbody>\n<tr>\n<td>\n<h1><strong><span style=\"color: #ff9900\">Para rezar &#8230;<\/span><\/strong><\/h1>\n<\/td>\n<\/tr>\n<\/tbody>\n<\/table>\n<p>Que yo diga y haga.<\/p>\n<p>Se\u00f1or, que yo diga y haga.<\/p>\n<p>Si digo AMOR\u2026que ofrezca el perd\u00f3n a los dem\u00e1s.<br \/>\nSi digo JUSTICIA\u2026que no busque s\u00f3lo mi propio bien.<br \/>\nSi digo VERDAD\u2026.que me aleje de la mentira.<br \/>\nSi digo DIOS\u2026\u2026.que no adore a nadie m\u00e1s que a \u00e9l.<br \/>\nSi digo JESUS\u2026..que le siga haciendo lo que \u00e9l hizo.<br \/>\nSi digo ESPIRITU\u2026..que sienta su presencia.<br \/>\nSI digo HERMANO\u2026..que trate bien a las personas.<br \/>\nSi digo CREO EN TI\u2026..que no dude del Se\u00f1or.<br \/>\nSi digo ESPERO EN TI\u2026\u2026que me acuerde del Se\u00f1or.<br \/>\nSi digo SOMOS HERMANOS\u2026.que no busque venganza.<\/p>\n<p>Gracias, Jes\u00fas, por todo lo que nos dices.<br \/>\nGracias, Jes\u00fas, por todo lo que hiciste.<br \/>\nGracias, Jes\u00fas, porque nos invitas \u2013como t\u00fa-. a hacer lo que t\u00fa dijiste e hiciste por nosotros.<br \/>\nAm\u00e9n.<\/p>\n<p>&nbsp;<\/p>\n<p>&nbsp;<\/p>\n","protected":false},"excerpt":{"rendered":"<p>Para pensar &#8230; &nbsp; No nos creamos los mejores ni los m\u00e1s buenos, porque eso no es importante. Esto es lo que Jes\u00fas nos dice. Quiere que estemos preocupados de hacer el bien a los dem\u00e1s, de servir a los dem\u00e1s. Estamos en un mundo en el que no se valora la humildad, en el &hellip; <\/p>\n<p><a class=\"more-link btn\" href=\"https:\/\/smaria.salou.arqtgn.cat\/es\/no-nos-pongamos-medallas-lo-nuestro-es-el-servicio-a-los-demas\/\">Seguir leyendo<\/a><\/p>\n","protected":false},"author":11,"featured_media":0,"comment_status":"closed","ping_status":"closed","sticky":false,"template":"","format":"standard","meta":{"footnotes":""},"categories":[50,54,49],"tags":[],"class_list":["post-9899","post","type-post","status-publish","format-standard","hentry","category-catequesis","category-el-evangelio-en-imagenes","category-preparando-el-domingo","item-wrap"],"amp_enabled":true,"_links":{"self":[{"href":"https:\/\/smaria.salou.arqtgn.cat\/es\/wp-json\/wp\/v2\/posts\/9899","targetHints":{"allow":["GET"]}}],"collection":[{"href":"https:\/\/smaria.salou.arqtgn.cat\/es\/wp-json\/wp\/v2\/posts"}],"about":[{"href":"https:\/\/smaria.salou.arqtgn.cat\/es\/wp-json\/wp\/v2\/types\/post"}],"author":[{"embeddable":true,"href":"https:\/\/smaria.salou.arqtgn.cat\/es\/wp-json\/wp\/v2\/users\/11"}],"replies":[{"embeddable":true,"href":"https:\/\/smaria.salou.arqtgn.cat\/es\/wp-json\/wp\/v2\/comments?post=9899"}],"version-history":[{"count":0,"href":"https:\/\/smaria.salou.arqtgn.cat\/es\/wp-json\/wp\/v2\/posts\/9899\/revisions"}],"wp:attachment":[{"href":"https:\/\/smaria.salou.arqtgn.cat\/es\/wp-json\/wp\/v2\/media?parent=9899"}],"wp:term":[{"taxonomy":"category","embeddable":true,"href":"https:\/\/smaria.salou.arqtgn.cat\/es\/wp-json\/wp\/v2\/categories?post=9899"},{"taxonomy":"post_tag","embeddable":true,"href":"https:\/\/smaria.salou.arqtgn.cat\/es\/wp-json\/wp\/v2\/tags?post=9899"}],"curies":[{"name":"wp","href":"https:\/\/api.w.org\/{rel}","templated":true}]}}