{"id":9897,"date":"2017-11-03T16:35:08","date_gmt":"2017-11-03T15:35:08","guid":{"rendered":"http:\/\/smaria.salou.arqtgn.cat\/domingo-xxxi-tiempo-ordinario-a-2017\/"},"modified":"2017-11-03T16:35:08","modified_gmt":"2017-11-03T15:35:08","slug":"domingo-xxxi-tiempo-ordinario-a-2017","status":"publish","type":"post","link":"https:\/\/smaria.salou.arqtgn.cat\/es\/domingo-xxxi-tiempo-ordinario-a-2017\/","title":{"rendered":"Domingo XXXI tiempo ordinario \/ A \/ 2017"},"content":{"rendered":"<table style=\"height: 211px;width: 739px\">\n<tbody>\n<tr style=\"height: 256px\">\n<td style=\"height: 256px;width: 483.267px\">\n<p><div style=\"width: 364px\" class=\"wp-caption aligncenter\"><a href=\"http:\/\/lecturesmissa.arqtgn.cat\" target=\"_blank\" rel=\"noopener noreferrer\"><img loading=\"lazy\" decoding=\"async\" class=\"\" src=\"http:\/\/saintelizabethchurch.org\/wp-content\/uploads\/2014\/11\/Lecturas_01e-640x375.jpg\" width=\"364\" height=\"213\" \/><\/a><p class=\"wp-caption-text\">La Palabra de Dios<\/p><\/div><\/td>\n<td style=\"height: 256px;width: 231.733px\">\n<p><div id=\"attachment_5183\" style=\"width: 160px\" class=\"wp-caption aligncenter\"><a href=\"http:\/\/www.esglesiadetarragona.cat\/wp-content\/uploads\/2017\/11\/fpcastellano3530.pdf\" target=\"_blank\" rel=\"noopener noreferrer\"><img loading=\"lazy\" decoding=\"async\" aria-describedby=\"caption-attachment-5183\" class=\"wp-image-5183\" src=\"http:\/\/www.esglesiadetarragona.cat\/wp-content\/uploads\/2017\/11\/fpcastellano3530-2.jpg?sequence=3&amp;isAllowed=y?\" alt=\"\" width=\"160\" height=\"219\" \/><\/a><p id=\"caption-attachment-5183\" class=\"wp-caption-text\">Leer la Hoja Dominical<\/p><\/div><\/td>\n<\/tr>\n<tr style=\"height: 18.2667px\">\n<td style=\"height: 18.2667px;width: 715px\" colspan=\"2\">[youtube https:\/\/youtu.be\/pT6WI6B3z9U]<\/p>\n<hr \/>\n<p>[youtube https:\/\/youtu.be\/y3zZ5bg4YEI]<\/p>\n<hr \/>\n<\/td>\n<\/tr>\n<tr style=\"height: 18px\">\n<td style=\"height: 18px;width: 715px\" colspan=\"2\">\n<h3><strong><span style=\"color: #ff6600\">Lectura espiritual<br \/>\n<\/span><\/strong><\/h3>\n<p><strong>Y, volvi\u00e9ndose hacia la mujer, dijo a Sim\u00f3n: \u00bfVes a esta mujer? (Lc 7,44)<\/strong><\/p>\n<p style=\"text-align: justify\">Jes\u00fas, tocado por aquella mujer que lo ha conmovido, no la olvida: en la \u00faltima cena repetir\u00e1 el gesto de la pecadora desconocida y enamorada, lavar\u00e1 y enjugar\u00e1 los pies de sus disc\u00edpulos. Hay algo de grandioso y conmovedor: Dios imita los gestos de una mujer.<\/p>\n<p style=\"text-align: justify\">Jes\u00fas, el justo, hace suyo el gesto inventado por una pecadora: la persona y Dios usan los mismos gestos: Creador y criatura se encuentran aqu\u00ed, en el terreno del amor m\u00e1s creativo.<\/p>\n<p style=\"text-align: justify\">El amor es lo divino en nosotros. cuando ama, la persona realiza gestos divinos; cuando ama, Dios realiza gestos humanos, y lo hace con un coraz\u00f3n de carne.<\/p>\n<p style=\"text-align: justify\">Para Jes\u00fas, mirar y amar eran lo mismo. Para Sim\u00f3n, mirar y juzgar eran todo uno. Generalizar, colocar en una categor\u00eda, clasificar. Y as\u00ed no encontramos la vida, sino solo nuestros prejuicios.<\/p>\n<p style=\"text-align: justify\">M\u00edrala, Sim\u00f3n, ella ama mucho. Jes\u00fas la presenta como un magisterio para el sabio Sim\u00f3n. Aprendamos de esta disc\u00edpula la respiraci\u00f3n libre y plena, y a echar por la borda \u2013en un solo gesto- todo un patrimonio de c\u00e1lculos y tristezas.<\/p>\n<p style=\"text-align: justify\">Cuando habla con las mujeres Jes\u00fas va derecho al centro, al pozo del coraz\u00f3n. \u201cVe a llamar a tu marido\u201d, le pide Jes\u00fas a la samaritana, es decir, al hombre que ama (<em>Jn 4,16<\/em>). \u00danicamente entre las mujeres no tuvo enemigos Jes\u00fas; el suyo es su mismo lenguaje, el de los sentimientos, del deseo, de la b\u00fasqueda de las razones s\u00f3lidas para vivir.<\/p>\n<p style=\"text-align: justify\">El rostro de Dios en aquella cena aparece libre, cercano y nuevo: un Dios que ama el perfume, el perfume que no es un deber, que no prescribe ninguna ley, que est\u00e1 m\u00e1s all\u00e1 de lo l\u00edcito y lo il\u00edcito, m\u00e1s all\u00e1 del deber y no deber. Que no sigue diciendo \u201ct\u00fa debes\u201d, sino y sobre todo \u201ct\u00fa puedes\u201d.<\/p>\n<p style=\"text-align: justify\">T\u00fa puedes amar con todo el coraz\u00f3n, con toda el alma, con toda la mente, con todas las fuerzas. Amor perfumado.<\/p>\n<p style=\"text-align: justify\">Un Dios al que le gustan los besos y las caricias, porque el cuerpo con su lenguaje es el lugar donde aflora y florece el coraz\u00f3n. El monje camaldulense Benedetto Calati sol\u00eda repetir que dios es como un beso. Ternura de Dios ca\u00edda sobre la tierra como un beso.<\/p>\n<p style=\"text-align: justify\">A aquella mujer le bastaba, como a muchos otros, pedir perd\u00f3n; pero no lo hace; inventa un gesto para decir que Dios es as\u00ed, est\u00e1 bajo el signo de la fiesta gozosa.<\/p>\n<p>El Dios en quien yo creo es el Dios de las bodas de Can\u00e1, el Dios de la fiesta, del gozoso amor danzante, un dios feliz que est\u00e1 de la parte del vino, que ama el perfume de Betania, que hace del amor un lugar en que germinan los milagros, un rab\u00ed amante de los banquetes, consolador de pobres, un Dios feliz que otorga el placer de existir y de creer. Mi dios es el Dios del perfume, el Dios de Can\u00e1.<\/p>\n<p style=\"text-align: justify\">Ermes Ronchi: <em>Las preguntas escuetas del evangelio <\/em><\/p>\n<\/td>\n<\/tr>\n<\/tbody>\n<\/table>\n","protected":false},"excerpt":{"rendered":"<p>[youtube https:\/\/youtu.be\/pT6WI6B3z9U] [youtube https:\/\/youtu.be\/y3zZ5bg4YEI] Lectura espiritual Y, volvi\u00e9ndose hacia la mujer, dijo a Sim\u00f3n: \u00bfVes a esta mujer? (Lc 7,44) Jes\u00fas, tocado por aquella mujer que lo ha conmovido, no la olvida: en la \u00faltima cena repetir\u00e1 el gesto de la pecadora desconocida y enamorada, lavar\u00e1 y enjugar\u00e1 los pies de sus disc\u00edpulos. Hay algo &hellip; <\/p>\n<p><a class=\"more-link btn\" href=\"https:\/\/smaria.salou.arqtgn.cat\/es\/domingo-xxxi-tiempo-ordinario-a-2017\/\">Seguir leyendo<\/a><\/p>\n","protected":false},"author":11,"featured_media":0,"comment_status":"closed","ping_status":"closed","sticky":false,"template":"","format":"standard","meta":{"footnotes":""},"categories":[52,49],"tags":[],"class_list":["post-9897","post","type-post","status-publish","format-standard","hentry","category-para-reflexionar","category-preparando-el-domingo","item-wrap"],"amp_enabled":true,"_links":{"self":[{"href":"https:\/\/smaria.salou.arqtgn.cat\/es\/wp-json\/wp\/v2\/posts\/9897","targetHints":{"allow":["GET"]}}],"collection":[{"href":"https:\/\/smaria.salou.arqtgn.cat\/es\/wp-json\/wp\/v2\/posts"}],"about":[{"href":"https:\/\/smaria.salou.arqtgn.cat\/es\/wp-json\/wp\/v2\/types\/post"}],"author":[{"embeddable":true,"href":"https:\/\/smaria.salou.arqtgn.cat\/es\/wp-json\/wp\/v2\/users\/11"}],"replies":[{"embeddable":true,"href":"https:\/\/smaria.salou.arqtgn.cat\/es\/wp-json\/wp\/v2\/comments?post=9897"}],"version-history":[{"count":0,"href":"https:\/\/smaria.salou.arqtgn.cat\/es\/wp-json\/wp\/v2\/posts\/9897\/revisions"}],"wp:attachment":[{"href":"https:\/\/smaria.salou.arqtgn.cat\/es\/wp-json\/wp\/v2\/media?parent=9897"}],"wp:term":[{"taxonomy":"category","embeddable":true,"href":"https:\/\/smaria.salou.arqtgn.cat\/es\/wp-json\/wp\/v2\/categories?post=9897"},{"taxonomy":"post_tag","embeddable":true,"href":"https:\/\/smaria.salou.arqtgn.cat\/es\/wp-json\/wp\/v2\/tags?post=9897"}],"curies":[{"name":"wp","href":"https:\/\/api.w.org\/{rel}","templated":true}]}}