{"id":9895,"date":"2017-10-27T16:45:15","date_gmt":"2017-10-27T14:45:15","guid":{"rendered":"http:\/\/smaria.salou.arqtgn.cat\/domingo-xxx-tiempo-ordinario-a-2017\/"},"modified":"2017-10-27T16:45:15","modified_gmt":"2017-10-27T14:45:15","slug":"domingo-xxx-tiempo-ordinario-a-2017","status":"publish","type":"post","link":"https:\/\/smaria.salou.arqtgn.cat\/es\/domingo-xxx-tiempo-ordinario-a-2017\/","title":{"rendered":"Domingo XXX tiempo ordinario \/ A \/ 2017"},"content":{"rendered":"<table style=\"height: 211px;width: 739px\">\n<tbody>\n<tr style=\"height: 256px\">\n<td style=\"height: 256px;width: 483.267px\">\n<p><div style=\"width: 364px\" class=\"wp-caption aligncenter\"><a href=\"http:\/\/lecturesmissa.arqtgn.cat\" target=\"_blank\" rel=\"noopener noreferrer\"><img loading=\"lazy\" decoding=\"async\" class=\"\" src=\"http:\/\/saintelizabethchurch.org\/wp-content\/uploads\/2014\/11\/Lecturas_01e-640x375.jpg\" width=\"364\" height=\"213\" \/><\/a><p class=\"wp-caption-text\">La Palabra de Dios<\/p><\/div><\/td>\n<td style=\"height: 256px;width: 231.733px\">\n<p><div id=\"attachment_5183\" style=\"width: 160px\" class=\"wp-caption aligncenter\"><a href=\"http:\/\/www.esglesiadetarragona.cat\/wp-content\/uploads\/2017\/10\/fpcastellano3529.pdf\" target=\"_blank\" rel=\"noopener noreferrer\"><img loading=\"lazy\" decoding=\"async\" aria-describedby=\"caption-attachment-5183\" class=\"wp-image-5183\" src=\"http:\/\/www.esglesiadetarragona.cat\/wp-content\/uploads\/2017\/10\/fpcastellano3529-2.jpg?sequence=3&amp;isAllowed=y?\" alt=\"\" width=\"160\" height=\"219\" \/><\/a><p id=\"caption-attachment-5183\" class=\"wp-caption-text\">Leer la Hoja Dominical<\/p><\/div><\/td>\n<\/tr>\n<tr style=\"height: 18.2667px\">\n<td style=\"height: 18.2667px;width: 715px\" colspan=\"2\">[youtube https:\/\/youtu.be\/2RF9OdRZAck]<\/p>\n<hr \/>\n<p>[youtube https:\/\/youtu.be\/KmIxDDQBWGw]<\/p>\n<hr \/>\n<\/td>\n<\/tr>\n<tr style=\"height: 18px\">\n<td style=\"height: 18px;width: 715px\" colspan=\"2\">\n<h3><strong><span style=\"color: #ff6600\">Lectura espiritual<br \/>\n<\/span><\/strong><\/h3>\n<p><strong>Y, volvi\u00e9ndose hacia la mujer, dijo a Sim\u00f3n: \u00bfVes a esta mujer? (Lc 7,44)<\/strong><\/p>\n<p>\u00bfC\u00f3mo pasar de la mirada farisea a la mirada de Jes\u00fas? Es una invitaci\u00f3n a conquistar, a hacer nuestros los ojos de Jes\u00fas, a <strong>mirar el mundo con su misma mirada<\/strong>, mirada que sabe intuir el amor donde otros ven solo pecado y repara en la buena semilla del campo, mientras otros solo ven malas hierbas y ciza\u00f1a: mirada perspicaz de amor, buscadora de oro, que <strong>se fija en el tesoro y no en las vasijas de creta que lo contienen.<\/strong><\/p>\n<p>La mirada nueva de Jes\u00fas, que no se interesa nunca en el ayer, soberanamente indiferente a lo que ha sido el pasado pecaminoso de una persona, lanzada en cambio hacia el futuro, viendo primaveras que ya florecen dentro de nuestros inviernos.<\/p>\n<p>Las miradas de <strong>escribas y fariseos se fijan en el pecado<\/strong>, y por eso son violentas; <strong>la mirada de Jes\u00fas repara en la fragilidad<\/strong> y no produce nunca violencia.<\/p>\n<p>Es preciso tener ojos de <strong>profeta<\/strong>. Pero no podemos ser profetas si no somos <strong>m\u00edsticos<\/strong>. El cristiano del futuro ser\u00e1 un m\u00edstico o no ser\u00e1 cristiano (<em>Karl Rahner<\/em>).<\/p>\n<p>\u00bfC\u00f3mo mira Jes\u00fas? En Sim\u00f3n, el pescador, intuye a Cefas, Pedro, la Roca; en Juan y Santiago ve a los <em>boanerg\u00e9s<\/em>, los hijos del trueno; en Mar\u00eda de Magdala, la mujer de los siete demonios, divisa ya la ap\u00f3stol de los ap\u00f3stoles; en los pescadores del lago <strong>intuye potencialidades que nadie ha sabido ver<\/strong>; para \u00e9l son como instrumentos musicales que nadie ha sabido tocar todav\u00eda, pero de los que \u00e9l sabr\u00e1 sacar la melod\u00eda perfecta.<\/p>\n<p>No mira con la disimulada condescendencia de quien finge ignorar nuestras heridas o nuestra vida, sino que las <strong>sabe acoger y trabajar como vasija rota<\/strong> que vuelve a colocar en el torno del alfarero. Entonces le entregamos confiadamente lo que tenemos.<\/p>\n<p><strong>No ocultes tus debilidades, \u00a1construye sobre ellas!<\/strong> Lo peor que tienes puede convertirse en lo mejor. A partir de tus heridas te puedes convertir en curador de las heridas ajenas. <strong>La santidad no se funda en una pasi\u00f3n apagada, sino en una pasi\u00f3n convertida.<\/strong><\/p>\n<p><strong>Jes\u00fas no impone a la mujer un modo de amar, sino que acepta el suyo, tal como ella sabe y es capaz.<\/strong> No evita tampoco las caricias que podr\u00edan ser malinterpretadas, transmitiendo as\u00ed a su Iglesia el recuerdo de estos gestos, la necesidad y la alegr\u00eda de no permanecer siempre embridada, escayolada y fr\u00eda por temor a equivocarse.<\/p>\n<p>\u00bfVes a esta mujer? Aprendamos de ella, puesto que Jes\u00fas nos la propone como maestra. Ante todo, las manos y el abrazo. El amor virtual no existe.<\/p>\n<p><strong>Dios perdona con un perd\u00f3n previo, anterior al arrepentimiento.<\/strong> La anticipaci\u00f3n es el tiempo propio de la misericordia. El mucho perd\u00f3n no es el fruto del mucho amor de ahora. La mujer del perfume no es perdonada porque ha derramado el perfume y se ha soltado el pelo, sino que ha besado los pies del Se\u00f1or y ha llorado porque ha sentido que el perd\u00f3n la curaba la vida.<\/p>\n<p><strong>El perd\u00f3n es causa de amor<\/strong>. Lo hab\u00eda intuido tambi\u00e9n la m\u00edstica musulmana Rabi\u2019a (siglo VIII) en este ap\u00f3logo. Un hombre dijo a Rabi\u2019a: \u201cHe cometido muchos pecados. Si me arrepiento, \u00bfme perdonar\u00e1 Dios?\u201d. Rabi\u2019a respondi\u00f3: \u201cNo, t\u00fa te arrepentir\u00e1s cuando \u00e9l te perdone\u201d.<\/p>\n<p style=\"text-align: right\">Ermes Ronchi: <em>Las preguntas escuetas del evangelio <\/em><\/p>\n<\/td>\n<\/tr>\n<\/tbody>\n<\/table>\n<p>&nbsp;<\/p>\n","protected":false},"excerpt":{"rendered":"<p>[youtube https:\/\/youtu.be\/2RF9OdRZAck] [youtube https:\/\/youtu.be\/KmIxDDQBWGw] Lectura espiritual Y, volvi\u00e9ndose hacia la mujer, dijo a Sim\u00f3n: \u00bfVes a esta mujer? (Lc 7,44) \u00bfC\u00f3mo pasar de la mirada farisea a la mirada de Jes\u00fas? Es una invitaci\u00f3n a conquistar, a hacer nuestros los ojos de Jes\u00fas, a mirar el mundo con su misma mirada, mirada que sabe intuir &hellip; <\/p>\n<p><a class=\"more-link btn\" href=\"https:\/\/smaria.salou.arqtgn.cat\/es\/domingo-xxx-tiempo-ordinario-a-2017\/\">Seguir leyendo<\/a><\/p>\n","protected":false},"author":11,"featured_media":0,"comment_status":"closed","ping_status":"closed","sticky":false,"template":"","format":"standard","meta":{"footnotes":""},"categories":[52,49],"tags":[],"class_list":["post-9895","post","type-post","status-publish","format-standard","hentry","category-para-reflexionar","category-preparando-el-domingo","item-wrap"],"amp_enabled":true,"_links":{"self":[{"href":"https:\/\/smaria.salou.arqtgn.cat\/es\/wp-json\/wp\/v2\/posts\/9895","targetHints":{"allow":["GET"]}}],"collection":[{"href":"https:\/\/smaria.salou.arqtgn.cat\/es\/wp-json\/wp\/v2\/posts"}],"about":[{"href":"https:\/\/smaria.salou.arqtgn.cat\/es\/wp-json\/wp\/v2\/types\/post"}],"author":[{"embeddable":true,"href":"https:\/\/smaria.salou.arqtgn.cat\/es\/wp-json\/wp\/v2\/users\/11"}],"replies":[{"embeddable":true,"href":"https:\/\/smaria.salou.arqtgn.cat\/es\/wp-json\/wp\/v2\/comments?post=9895"}],"version-history":[{"count":0,"href":"https:\/\/smaria.salou.arqtgn.cat\/es\/wp-json\/wp\/v2\/posts\/9895\/revisions"}],"wp:attachment":[{"href":"https:\/\/smaria.salou.arqtgn.cat\/es\/wp-json\/wp\/v2\/media?parent=9895"}],"wp:term":[{"taxonomy":"category","embeddable":true,"href":"https:\/\/smaria.salou.arqtgn.cat\/es\/wp-json\/wp\/v2\/categories?post=9895"},{"taxonomy":"post_tag","embeddable":true,"href":"https:\/\/smaria.salou.arqtgn.cat\/es\/wp-json\/wp\/v2\/tags?post=9895"}],"curies":[{"name":"wp","href":"https:\/\/api.w.org\/{rel}","templated":true}]}}