{"id":9886,"date":"2017-10-26T23:50:03","date_gmt":"2017-10-26T21:50:03","guid":{"rendered":"http:\/\/smaria.salou.arqtgn.cat\/inicio-del-curso-de-catequesi-2017-18\/"},"modified":"2017-10-26T23:50:03","modified_gmt":"2017-10-26T21:50:03","slug":"inicio-del-curso-de-catequesi-2017-18","status":"publish","type":"post","link":"https:\/\/smaria.salou.arqtgn.cat\/es\/inicio-del-curso-de-catequesi-2017-18\/","title":{"rendered":"Inicio del curso de catequesi 2017\/18"},"content":{"rendered":"<p><a href=\"http:\/\/salou2.wp.arqtgn.cat\/wp-content\/uploads\/sites\/10\/2017\/11\/20171022_120916-001.jpg\"><img loading=\"lazy\" decoding=\"async\" class=\"aligncenter size-full wp-image-6702\" src=\"http:\/\/salou2.wp.arqtgn.cat\/wp-content\/uploads\/sites\/10\/2017\/11\/20171022_120916-001.jpg\" alt=\"\" width=\"800\" height=\"450\" srcset=\"https:\/\/smaria.salou.arqtgn.cat\/wp-content\/uploads\/sites\/10\/2017\/11\/20171022_120916-001.jpg 800w, https:\/\/smaria.salou.arqtgn.cat\/wp-content\/uploads\/sites\/10\/2017\/11\/20171022_120916-001-300x169.jpg 300w, https:\/\/smaria.salou.arqtgn.cat\/wp-content\/uploads\/sites\/10\/2017\/11\/20171022_120916-001-768x432.jpg 768w\" sizes=\"auto, (max-width: 800px) 100vw, 800px\" \/><\/a><\/p>\n<p>Un a\u00f1o m\u00e1s y despu\u00e9s de un largo y caluroso descanso estival, la Parroquia de Santa Maria del Mar, ha iniciado un nuevo curso de pastoral catequ\u00e9tico para ni\u00f1os y j\u00f3venes.<\/p>\n<p>De tal forma el martes 26 de septiembre 85 ni\u00f1os y ni\u00f1as iniciaban su primer a\u00f1o de formaci\u00f3n y preparaci\u00f3n para recibir el Sacramento de la Comuni\u00f3n. Igualmente el jueves 28, 70 ni\u00f1os y ni\u00f1as retomaban sus encuentros semanales para continuar con su formaci\u00f3n y preparaci\u00f3n que les llevar\u00e1 este pr\u00f3ximo a\u00f1o a recibir, por primera vez, a Jes\u00fas en el Sacramento de la Comuni\u00f3n.<\/p>\n<p>Tambi\u00e9n han iniciado la catequesis los ni\u00f1os y ni\u00f1as que habitualmente a la misa dominical de las 12h participan en la celebraci\u00f3n de la Eucarist\u00eda y colaboran de manera activa como monaguillos, leyendo la Palabra de Dios o las peticiones de los fieles, etc., y que previamente de 11h a 12h, participan en la catequesis de Postcomuni\u00f3n, como tambi\u00e9n el grupo de j\u00f3venes los cuales profundizan y se forman para recibir el Sacramento de la Confirmaci\u00f3n.<\/p>\n<p><a href=\"http:\/\/salou2.wp.arqtgn.cat\/wp-content\/uploads\/sites\/10\/2017\/11\/20171022_121128-001.jpg\"><img loading=\"lazy\" decoding=\"async\" class=\"aligncenter size-full wp-image-6703\" src=\"http:\/\/salou2.wp.arqtgn.cat\/wp-content\/uploads\/sites\/10\/2017\/11\/20171022_121128-001.jpg\" alt=\"\" width=\"800\" height=\"450\" srcset=\"https:\/\/smaria.salou.arqtgn.cat\/wp-content\/uploads\/sites\/10\/2017\/11\/20171022_121128-001.jpg 800w, https:\/\/smaria.salou.arqtgn.cat\/wp-content\/uploads\/sites\/10\/2017\/11\/20171022_121128-001-300x169.jpg 300w, https:\/\/smaria.salou.arqtgn.cat\/wp-content\/uploads\/sites\/10\/2017\/11\/20171022_121128-001-768x432.jpg 768w\" sizes=\"auto, (max-width: 800px) 100vw, 800px\" \/><\/a><\/p>\n<p>Dentro del movimiento de la vida parroquial, tambi\u00e9n hay una gran participaci\u00f3n por parte de los padres, en las celebraciones de la eucarist\u00eda familiar. As\u00ed el s\u00e1bado 21 de octubre a las 19h, tuvo lugar la primera misa familiar de los 85 ni\u00f1os y ni\u00f1as que han iniciado su preparaci\u00f3n para la Primera Comuni\u00f3n. En dicha celebraci\u00f3n, de manera sencilla pero emotiva, un grupito de ni\u00f1os y ni\u00f1as que no est\u00e1n bautizados, fueron acogidos por el resto de la Comunidad para iniciar el camino de su preparaci\u00f3n para recibir el Sacramento del Bautismo. En la celebraci\u00f3n, de manera sencilla pero no menos emotiva, todos los ni\u00f1os y ni\u00f1as recib\u00edan de manos de sus catequistas una peque\u00f1a cruz de madera, s\u00edmbolo de todo cristiano. Toda la celebraci\u00f3n fue vivida con una gran participaci\u00f3n, tanto de los padres como de los ni\u00f1os y ni\u00f1as que por primera vez, llevaron las ofrendas del Pan y Vino y una hucha en la que presentaban sus donativos como muestra de solidaridad por ser el domingo de las misiones (DOMUND)<\/p>\n<p><a href=\"http:\/\/salou2.wp.arqtgn.cat\/wp-content\/uploads\/sites\/10\/2017\/11\/20171021_192934-001.jpg\"><img loading=\"lazy\" decoding=\"async\" class=\"aligncenter size-full wp-image-6700\" src=\"http:\/\/salou2.wp.arqtgn.cat\/wp-content\/uploads\/sites\/10\/2017\/11\/20171021_192934-001.jpg\" alt=\"\" width=\"800\" height=\"450\" srcset=\"https:\/\/smaria.salou.arqtgn.cat\/wp-content\/uploads\/sites\/10\/2017\/11\/20171021_192934-001.jpg 800w, https:\/\/smaria.salou.arqtgn.cat\/wp-content\/uploads\/sites\/10\/2017\/11\/20171021_192934-001-300x169.jpg 300w, https:\/\/smaria.salou.arqtgn.cat\/wp-content\/uploads\/sites\/10\/2017\/11\/20171021_192934-001-768x432.jpg 768w\" sizes=\"auto, (max-width: 800px) 100vw, 800px\" \/><\/a><\/p>\n<p><a href=\"http:\/\/salou2.wp.arqtgn.cat\/wp-content\/uploads\/sites\/10\/2017\/11\/20171021_191448-001.jpg\"><img loading=\"lazy\" decoding=\"async\" class=\"aligncenter size-full wp-image-6699\" src=\"http:\/\/salou2.wp.arqtgn.cat\/wp-content\/uploads\/sites\/10\/2017\/11\/20171021_191448-001.jpg\" alt=\"\" width=\"800\" height=\"450\" srcset=\"https:\/\/smaria.salou.arqtgn.cat\/wp-content\/uploads\/sites\/10\/2017\/11\/20171021_191448-001.jpg 800w, https:\/\/smaria.salou.arqtgn.cat\/wp-content\/uploads\/sites\/10\/2017\/11\/20171021_191448-001-300x169.jpg 300w, https:\/\/smaria.salou.arqtgn.cat\/wp-content\/uploads\/sites\/10\/2017\/11\/20171021_191448-001-768x432.jpg 768w\" sizes=\"auto, (max-width: 800px) 100vw, 800px\" \/><\/a><\/p>\n<p><a href=\"http:\/\/salou2.wp.arqtgn.cat\/wp-content\/uploads\/sites\/10\/2017\/11\/20171021_194015-001.jpg\"><img loading=\"lazy\" decoding=\"async\" class=\"aligncenter size-full wp-image-6701\" src=\"http:\/\/salou2.wp.arqtgn.cat\/wp-content\/uploads\/sites\/10\/2017\/11\/20171021_194015-001.jpg\" alt=\"\" width=\"800\" height=\"450\" srcset=\"https:\/\/smaria.salou.arqtgn.cat\/wp-content\/uploads\/sites\/10\/2017\/11\/20171021_194015-001.jpg 800w, https:\/\/smaria.salou.arqtgn.cat\/wp-content\/uploads\/sites\/10\/2017\/11\/20171021_194015-001-300x169.jpg 300w, https:\/\/smaria.salou.arqtgn.cat\/wp-content\/uploads\/sites\/10\/2017\/11\/20171021_194015-001-768x432.jpg 768w\" sizes=\"auto, (max-width: 800px) 100vw, 800px\" \/><\/a><\/p>\n<p>Igualmente el s\u00e1bado anterior iniciaron las misas familiares el grupo de segundo a\u00f1o de catequesis de Comuni\u00f3n.<\/p>\n<p><a href=\"http:\/\/salou2.wp.arqtgn.cat\/wp-content\/uploads\/sites\/10\/2017\/11\/20170928_173529-001.jpg\"><img loading=\"lazy\" decoding=\"async\" class=\"aligncenter size-full wp-image-6697\" src=\"http:\/\/salou2.wp.arqtgn.cat\/wp-content\/uploads\/sites\/10\/2017\/11\/20170928_173529-001.jpg\" alt=\"\" width=\"800\" height=\"450\" srcset=\"https:\/\/smaria.salou.arqtgn.cat\/wp-content\/uploads\/sites\/10\/2017\/11\/20170928_173529-001.jpg 800w, https:\/\/smaria.salou.arqtgn.cat\/wp-content\/uploads\/sites\/10\/2017\/11\/20170928_173529-001-300x169.jpg 300w, https:\/\/smaria.salou.arqtgn.cat\/wp-content\/uploads\/sites\/10\/2017\/11\/20170928_173529-001-768x432.jpg 768w\" sizes=\"auto, (max-width: 800px) 100vw, 800px\" \/><\/a><\/p>\n","protected":false},"excerpt":{"rendered":"<p>Un a\u00f1o m\u00e1s y despu\u00e9s de un largo y caluroso descanso estival, la Parroquia de Santa Maria del Mar, ha iniciado un nuevo curso de pastoral catequ\u00e9tico para ni\u00f1os y j\u00f3venes. De tal forma el martes 26 de septiembre 85 ni\u00f1os y ni\u00f1as iniciaban su primer a\u00f1o de formaci\u00f3n y preparaci\u00f3n para recibir el Sacramento &hellip; <\/p>\n<p><a class=\"more-link btn\" href=\"https:\/\/smaria.salou.arqtgn.cat\/es\/inicio-del-curso-de-catequesi-2017-18\/\">Seguir leyendo<\/a><\/p>\n","protected":false},"author":11,"featured_media":0,"comment_status":"closed","ping_status":"closed","sticky":false,"template":"","format":"standard","meta":{"footnotes":""},"categories":[50],"tags":[],"class_list":["post-9886","post","type-post","status-publish","format-standard","hentry","category-catequesis","item-wrap"],"amp_enabled":true,"_links":{"self":[{"href":"https:\/\/smaria.salou.arqtgn.cat\/es\/wp-json\/wp\/v2\/posts\/9886","targetHints":{"allow":["GET"]}}],"collection":[{"href":"https:\/\/smaria.salou.arqtgn.cat\/es\/wp-json\/wp\/v2\/posts"}],"about":[{"href":"https:\/\/smaria.salou.arqtgn.cat\/es\/wp-json\/wp\/v2\/types\/post"}],"author":[{"embeddable":true,"href":"https:\/\/smaria.salou.arqtgn.cat\/es\/wp-json\/wp\/v2\/users\/11"}],"replies":[{"embeddable":true,"href":"https:\/\/smaria.salou.arqtgn.cat\/es\/wp-json\/wp\/v2\/comments?post=9886"}],"version-history":[{"count":0,"href":"https:\/\/smaria.salou.arqtgn.cat\/es\/wp-json\/wp\/v2\/posts\/9886\/revisions"}],"wp:attachment":[{"href":"https:\/\/smaria.salou.arqtgn.cat\/es\/wp-json\/wp\/v2\/media?parent=9886"}],"wp:term":[{"taxonomy":"category","embeddable":true,"href":"https:\/\/smaria.salou.arqtgn.cat\/es\/wp-json\/wp\/v2\/categories?post=9886"},{"taxonomy":"post_tag","embeddable":true,"href":"https:\/\/smaria.salou.arqtgn.cat\/es\/wp-json\/wp\/v2\/tags?post=9886"}],"curies":[{"name":"wp","href":"https:\/\/api.w.org\/{rel}","templated":true}]}}