{"id":9884,"date":"2017-10-26T00:18:01","date_gmt":"2017-10-25T22:18:01","guid":{"rendered":"http:\/\/smaria.salou.arqtgn.cat\/defuncio-de-bernardino-gomez-eslava\/"},"modified":"2017-10-26T00:18:01","modified_gmt":"2017-10-25T22:18:01","slug":"defuncio-de-bernardino-gomez-eslava","status":"publish","type":"post","link":"https:\/\/smaria.salou.arqtgn.cat\/es\/defuncio-de-bernardino-gomez-eslava\/","title":{"rendered":"Defunci\u00f3 de Bernardino G\u00f3mez Eslava"},"content":{"rendered":"<p><a href=\"http:\/\/salou2.wp.arqtgn.cat\/wp-content\/uploads\/sites\/10\/2015\/05\/memora.jpg\"><img loading=\"lazy\" decoding=\"async\" class=\"alignleft wp-image-3869 size-full\" src=\"http:\/\/salou2.wp.arqtgn.cat\/wp-content\/uploads\/sites\/10\/2015\/05\/memora.jpg\" alt=\"memora\" width=\"124\" height=\"160\" \/><\/a><strong>Edat: <\/strong>74 anys<strong><br \/>\n<\/strong><\/p>\n<p><strong>Lloc de la cerim\u00f2nia: <\/strong>Parr\u00f2quia Santa Maria del Mar<strong><br \/>\n<\/strong><\/p>\n<p><strong>Data i hora:<\/strong> dijous, 26 d&#8217;octubre de 2017, a les 16:00h<\/p>\n<p style=\"text-align: justify\"><em>Jes\u00fas diu: Jo s\u00f3c la resurrecci\u00f3 i la vida. Qui creu en mi, encara que mori, viur\u00e0; i tot aquell qui viu i creu en mi, no morir\u00e0 mai m\u00e9s.<\/em><\/p>\n<p style=\"text-align: right\"><em>Jn 11, 25-26<\/em><\/p>\n","protected":false},"excerpt":{"rendered":"<p>Edat: 74 anys Lloc de la cerim\u00f2nia: Parr\u00f2quia Santa Maria del Mar Data i hora: dijous, 26 d&#8217;octubre de 2017, a les 16:00h Jes\u00fas diu: Jo s\u00f3c la resurrecci\u00f3 i la vida. Qui creu en mi, encara que mori, viur\u00e0; i tot aquell qui viu i creu en mi, no morir\u00e0 mai m\u00e9s. Jn 11, &hellip; <\/p>\n<p><a class=\"more-link btn\" href=\"https:\/\/smaria.salou.arqtgn.cat\/es\/defuncio-de-bernardino-gomez-eslava\/\">Seguir leyendo<\/a><\/p>\n","protected":false},"author":11,"featured_media":0,"comment_status":"closed","ping_status":"closed","sticky":false,"template":"","format":"standard","meta":{"footnotes":""},"categories":[51],"tags":[],"class_list":["post-9884","post","type-post","status-publish","format-standard","hentry","category-defunciones","item-wrap"],"amp_enabled":true,"_links":{"self":[{"href":"https:\/\/smaria.salou.arqtgn.cat\/es\/wp-json\/wp\/v2\/posts\/9884","targetHints":{"allow":["GET"]}}],"collection":[{"href":"https:\/\/smaria.salou.arqtgn.cat\/es\/wp-json\/wp\/v2\/posts"}],"about":[{"href":"https:\/\/smaria.salou.arqtgn.cat\/es\/wp-json\/wp\/v2\/types\/post"}],"author":[{"embeddable":true,"href":"https:\/\/smaria.salou.arqtgn.cat\/es\/wp-json\/wp\/v2\/users\/11"}],"replies":[{"embeddable":true,"href":"https:\/\/smaria.salou.arqtgn.cat\/es\/wp-json\/wp\/v2\/comments?post=9884"}],"version-history":[{"count":0,"href":"https:\/\/smaria.salou.arqtgn.cat\/es\/wp-json\/wp\/v2\/posts\/9884\/revisions"}],"wp:attachment":[{"href":"https:\/\/smaria.salou.arqtgn.cat\/es\/wp-json\/wp\/v2\/media?parent=9884"}],"wp:term":[{"taxonomy":"category","embeddable":true,"href":"https:\/\/smaria.salou.arqtgn.cat\/es\/wp-json\/wp\/v2\/categories?post=9884"},{"taxonomy":"post_tag","embeddable":true,"href":"https:\/\/smaria.salou.arqtgn.cat\/es\/wp-json\/wp\/v2\/tags?post=9884"}],"curies":[{"name":"wp","href":"https:\/\/api.w.org\/{rel}","templated":true}]}}