{"id":9864,"date":"2017-10-05T15:43:38","date_gmt":"2017-10-05T13:43:38","guid":{"rendered":"http:\/\/smaria.salou.arqtgn.cat\/derechos-de-los-trabajadores-y-desempleados-el-video-del-papa-octubre-de-2017\/"},"modified":"2017-10-05T15:43:38","modified_gmt":"2017-10-05T13:43:38","slug":"derechos-de-los-trabajadores-y-desempleados-el-video-del-papa-octubre-de-2017","status":"publish","type":"post","link":"https:\/\/smaria.salou.arqtgn.cat\/es\/derechos-de-los-trabajadores-y-desempleados-el-video-del-papa-octubre-de-2017\/","title":{"rendered":"Derechos de los trabajadores y desempleados. El video del Papa, octubre de 2017"},"content":{"rendered":"<p>&nbsp;<\/p>\n<p>[youtube https:\/\/youtu.be\/aFkuqJADvSI]<\/p>\n<p style=\"text-align: justify\">Este mes el Papa Francisco nos pide que recemos por los derechos de los trabajadores y desempleados. El trabajo es uno de los derechos fundamentales de la persona. Luchemos para que todos tengamos acceso a \u00e9l en unas condiciones dignas.<\/p>\n<p style=\"text-align: justify\">\u201cDebemos recordar siempre la dignidad y los derechos de los trabajadores, denunciar las situaciones en las que se violan estos derechos, y ayudar a que contribuya a un aut\u00e9ntico progreso del hombre y de la sociedad.<\/p>\n<p style=\"text-align: justify\">Pidamos hermanos por el mundo del trabajo, para que a todos se pueda asegurar el respeto y la protecci\u00f3n de sus derechos y se le d\u00e9 a los desempleados la oportunidad de contribuir con el trabajo a la construcci\u00f3n del bien com\u00fan.\u201d<\/p>\n<p>Si quieres ver m\u00e1s videos sobre las intenciones del Papa los encontrar\u00e1s en <a class=\"yt-uix-servicelink \" href=\"http:\/\/www.elvideodelpapa.org\" target=\"_blank\" rel=\"nofollow noopener noreferrer\">http:\/\/www.elvideodelpapa.org<\/a><\/p>\n<p>&nbsp;<\/p>\n","protected":false},"excerpt":{"rendered":"<p>&nbsp; [youtube https:\/\/youtu.be\/aFkuqJADvSI] Este mes el Papa Francisco nos pide que recemos por los derechos de los trabajadores y desempleados. El trabajo es uno de los derechos fundamentales de la persona. Luchemos para que todos tengamos acceso a \u00e9l en unas condiciones dignas. \u201cDebemos recordar siempre la dignidad y los derechos de los trabajadores, denunciar &hellip; <\/p>\n<p><a class=\"more-link btn\" href=\"https:\/\/smaria.salou.arqtgn.cat\/es\/derechos-de-los-trabajadores-y-desempleados-el-video-del-papa-octubre-de-2017\/\">Seguir leyendo<\/a><\/p>\n","protected":false},"author":11,"featured_media":0,"comment_status":"closed","ping_status":"closed","sticky":false,"template":"","format":"standard","meta":{"footnotes":""},"categories":[52],"tags":[],"class_list":["post-9864","post","type-post","status-publish","format-standard","hentry","category-para-reflexionar","item-wrap"],"amp_enabled":true,"_links":{"self":[{"href":"https:\/\/smaria.salou.arqtgn.cat\/es\/wp-json\/wp\/v2\/posts\/9864","targetHints":{"allow":["GET"]}}],"collection":[{"href":"https:\/\/smaria.salou.arqtgn.cat\/es\/wp-json\/wp\/v2\/posts"}],"about":[{"href":"https:\/\/smaria.salou.arqtgn.cat\/es\/wp-json\/wp\/v2\/types\/post"}],"author":[{"embeddable":true,"href":"https:\/\/smaria.salou.arqtgn.cat\/es\/wp-json\/wp\/v2\/users\/11"}],"replies":[{"embeddable":true,"href":"https:\/\/smaria.salou.arqtgn.cat\/es\/wp-json\/wp\/v2\/comments?post=9864"}],"version-history":[{"count":0,"href":"https:\/\/smaria.salou.arqtgn.cat\/es\/wp-json\/wp\/v2\/posts\/9864\/revisions"}],"wp:attachment":[{"href":"https:\/\/smaria.salou.arqtgn.cat\/es\/wp-json\/wp\/v2\/media?parent=9864"}],"wp:term":[{"taxonomy":"category","embeddable":true,"href":"https:\/\/smaria.salou.arqtgn.cat\/es\/wp-json\/wp\/v2\/categories?post=9864"},{"taxonomy":"post_tag","embeddable":true,"href":"https:\/\/smaria.salou.arqtgn.cat\/es\/wp-json\/wp\/v2\/tags?post=9864"}],"curies":[{"name":"wp","href":"https:\/\/api.w.org\/{rel}","templated":true}]}}