{"id":9858,"date":"2017-09-29T16:00:38","date_gmt":"2017-09-29T14:00:38","guid":{"rendered":"http:\/\/smaria.salou.arqtgn.cat\/catequesis-de-postcomunion-y-confirmacion\/"},"modified":"2017-09-29T16:00:38","modified_gmt":"2017-09-29T14:00:38","slug":"catequesis-de-postcomunion-y-confirmacion","status":"publish","type":"post","link":"https:\/\/smaria.salou.arqtgn.cat\/es\/catequesis-de-postcomunion-y-confirmacion\/","title":{"rendered":"Catequesis de PostComuni\u00f3n y Confirmaci\u00f3n"},"content":{"rendered":"<p><img loading=\"lazy\" decoding=\"async\" class=\"aligncenter wp-image-5216 size-full\" src=\"http:\/\/salou2.wp.arqtgn.cat\/wp-content\/uploads\/sites\/10\/2016\/10\/logo_cate_SM.jpg\" alt=\"logo_cate_sm\" width=\"800\" height=\"155\" srcset=\"https:\/\/smaria.salou.arqtgn.cat\/wp-content\/uploads\/sites\/10\/2016\/10\/logo_cate_SM.jpg 800w, https:\/\/smaria.salou.arqtgn.cat\/wp-content\/uploads\/sites\/10\/2016\/10\/logo_cate_SM-300x58.jpg 300w, https:\/\/smaria.salou.arqtgn.cat\/wp-content\/uploads\/sites\/10\/2016\/10\/logo_cate_SM-768x149.jpg 768w\" sizes=\"auto, (max-width: 800px) 100vw, 800px\" \/><\/p>\n<p><span id=\"result_box\" class=\"\" lang=\"es\">Una vez que los ni\u00f1os y ni\u00f1as han hecho la primera comuni\u00f3n, desde la parroquia os ofrecemos la posibilidad de seguir su proceso formativo catequ\u00e9tico que concluir\u00e1 con el sacramento de la confirmaci\u00f3n. La oferta de este a\u00f1o es la de un rato de formaci\u00f3n cristiana y de participaci\u00f3n en la Eucarist\u00eda dominical como <span class=\"\">monaguillos<\/span> los <span class=\"\">s\u00e1bados por la tarde<\/span> o los domingos por la ma\u00f1ana.<\/span><\/p>\n<p>Para <span class=\"\">m\u00e1s informaci\u00f3n e inscripciones<\/span>, pueden acercarse a los <strong>locales <span class=\"\">de catequesis<\/span> <span class=\"\">de la parroquia<\/span> el domingo 8 de octubre a las 10:45h o el lunes 9 o el mi\u00e8rcoles 11 en el despacho parroquial de 19:15h a 20:30h<\/strong>.<\/p>\n<p><a href=\"http:\/\/salou2.wp.arqtgn.cat\/wp-content\/uploads\/sites\/10\/2016\/10\/Insc_Poscomuni\u00f3_17.jpg\"><img loading=\"lazy\" decoding=\"async\" class=\"aligncenter size-full wp-image-6529\" src=\"http:\/\/salou2.wp.arqtgn.cat\/wp-content\/uploads\/sites\/10\/2016\/10\/Insc_Poscomuni\u00f3_17.jpg\" alt=\"\" width=\"800\" height=\"1132\" srcset=\"https:\/\/smaria.salou.arqtgn.cat\/wp-content\/uploads\/sites\/10\/2016\/10\/Insc_Poscomuni\u00f3_17.jpg 800w, https:\/\/smaria.salou.arqtgn.cat\/wp-content\/uploads\/sites\/10\/2016\/10\/Insc_Poscomuni\u00f3_17-212x300.jpg 212w, https:\/\/smaria.salou.arqtgn.cat\/wp-content\/uploads\/sites\/10\/2016\/10\/Insc_Poscomuni\u00f3_17-768x1087.jpg 768w, https:\/\/smaria.salou.arqtgn.cat\/wp-content\/uploads\/sites\/10\/2016\/10\/Insc_Poscomuni\u00f3_17-724x1024.jpg 724w\" sizes=\"auto, (max-width: 800px) 100vw, 800px\" \/><\/a><\/p>\n","protected":false},"excerpt":{"rendered":"<p>Una vez que los ni\u00f1os y ni\u00f1as han hecho la primera comuni\u00f3n, desde la parroquia os ofrecemos la posibilidad de seguir su proceso formativo catequ\u00e9tico que concluir\u00e1 con el sacramento de la confirmaci\u00f3n. La oferta de este a\u00f1o es la de un rato de formaci\u00f3n cristiana y de participaci\u00f3n en la Eucarist\u00eda dominical como monaguillos &hellip; <\/p>\n<p><a class=\"more-link btn\" href=\"https:\/\/smaria.salou.arqtgn.cat\/es\/catequesis-de-postcomunion-y-confirmacion\/\">Seguir leyendo<\/a><\/p>\n","protected":false},"author":11,"featured_media":0,"comment_status":"closed","ping_status":"closed","sticky":false,"template":"","format":"standard","meta":{"footnotes":""},"categories":[50],"tags":[],"class_list":["post-9858","post","type-post","status-publish","format-standard","hentry","category-catequesis","item-wrap"],"amp_enabled":true,"_links":{"self":[{"href":"https:\/\/smaria.salou.arqtgn.cat\/es\/wp-json\/wp\/v2\/posts\/9858","targetHints":{"allow":["GET"]}}],"collection":[{"href":"https:\/\/smaria.salou.arqtgn.cat\/es\/wp-json\/wp\/v2\/posts"}],"about":[{"href":"https:\/\/smaria.salou.arqtgn.cat\/es\/wp-json\/wp\/v2\/types\/post"}],"author":[{"embeddable":true,"href":"https:\/\/smaria.salou.arqtgn.cat\/es\/wp-json\/wp\/v2\/users\/11"}],"replies":[{"embeddable":true,"href":"https:\/\/smaria.salou.arqtgn.cat\/es\/wp-json\/wp\/v2\/comments?post=9858"}],"version-history":[{"count":0,"href":"https:\/\/smaria.salou.arqtgn.cat\/es\/wp-json\/wp\/v2\/posts\/9858\/revisions"}],"wp:attachment":[{"href":"https:\/\/smaria.salou.arqtgn.cat\/es\/wp-json\/wp\/v2\/media?parent=9858"}],"wp:term":[{"taxonomy":"category","embeddable":true,"href":"https:\/\/smaria.salou.arqtgn.cat\/es\/wp-json\/wp\/v2\/categories?post=9858"},{"taxonomy":"post_tag","embeddable":true,"href":"https:\/\/smaria.salou.arqtgn.cat\/es\/wp-json\/wp\/v2\/tags?post=9858"}],"curies":[{"name":"wp","href":"https:\/\/api.w.org\/{rel}","templated":true}]}}