{"id":9854,"date":"2017-09-29T00:18:44","date_gmt":"2017-09-28T22:18:44","guid":{"rendered":"http:\/\/smaria.salou.arqtgn.cat\/los-obispos-espanoles-reconocen-los-derechos-propios-de-los-pueblos\/"},"modified":"2017-09-29T00:18:44","modified_gmt":"2017-09-28T22:18:44","slug":"los-obispos-espanoles-reconocen-los-derechos-propios-de-los-pueblos","status":"publish","type":"post","link":"https:\/\/smaria.salou.arqtgn.cat\/es\/los-obispos-espanoles-reconocen-los-derechos-propios-de-los-pueblos\/","title":{"rendered":"Los obispos espa\u00f1oles reconocen \u00ablos derechos propios de los pueblos\u00bb"},"content":{"rendered":"<div class=\"embed-container\"><iframe loading=\"lazy\" title=\"Declaraci\u00f3n de la Comisi\u00f3n Permanente ante la situaci\u00f3n en Catalu\u00f1a\" width=\"560\" height=\"315\" src=\"https:\/\/www.youtube.com\/embed\/Casayz-ETtM?feature=oembed\" frameborder=\"0\" allow=\"accelerometer; autoplay; clipboard-write; encrypted-media; gyroscope; picture-in-picture; web-share\" referrerpolicy=\"strict-origin-when-cross-origin\" allowfullscreen><\/iframe><\/div>\n<p><strong>Declaraci\u00f3n de la Comisi\u00f3n Permanente de la Conferencia Episcopal Espa\u00f1ola ante la situaci\u00f3n en Catalu\u00f1a:<\/strong><\/p>\n<p>Ante la grave situaci\u00f3n que se vive en Catalu\u00f1a, con gran preocupaci\u00f3n en el resto de Espa\u00f1a, los obispos queremos en primer lugar hacer nuestros los deseos y sentimientos manifestados recientemente de forma conjunta por los obispos con sede en el territorio de Catalu\u00f1a, aut\u00e9nticos representantes de sus di\u00f3cesis.<\/p>\n<p>En especial invitamos a la oraci\u00f3n por quienes en este momento dif\u00edcil \u201ctienen la responsabilidad en el gobierno de las diferentes administraciones p\u00fablicas, de la gesti\u00f3n del bien com\u00fan y de la convivencia social\u201d, a fin de que todos seamos guiados \u201cpor la sensatez, y el deseo de ser justos y fraternos\u201d, y con responsabilidad \u201cavanzar en el camino del di\u00e1logo y del entendimiento, del respeto a los derechos y a las instituciones y de la no confrontaci\u00f3n, ayudando a que nuestra sociedad sea un espacio de fraternidad, de libertad y de paz\u201d (<em>Comunicado<\/em>. Obs. Catalu\u00f1a. 20-9-2017).<\/p>\n<p>En estos momentos graves la verdadera soluci\u00f3n del conflicto pasa por el recurso al di\u00e1logo desde la verdad y la b\u00fasqueda del bien com\u00fan de todos, como se\u00f1ala la Doctrina Social de la Iglesia. El papa Francisco nos indica que \u201ces hora de saber c\u00f3mo dise\u00f1ar, en una cultura que privilegie el di\u00e1logo como forma de encuentro, la b\u00fasqueda de consensos y acuerdos, pero sin separarla de la preocupaci\u00f3n por una sociedad justa, con memoria y sin exclusiones\u201d (Exhortaci\u00f3n Apost\u00f3lica\u00a0<em>Evangelii Gaudium<\/em>, n. 239).<\/p>\n<p>Para hacer posible este di\u00e1logo honesto y generoso, que salvaguarde los bienes comunes de siglos y los derechos propios de los diferentes pueblos que conforman el Estado, es necesario que, tanto las autoridades de las administraciones p\u00fablicas como los partidos pol\u00edticos y otras organizaciones, as\u00ed como los ciudadanos, eviten decisiones y actuaciones irreversibles y de graves consecuencias, que los sit\u00fae al margen de la pr\u00e1ctica democr\u00e1tica amparada por las leg\u00edtimas leyes que garantizan nuestra convivencia pac\u00edfica y origine fracturas familiares, sociales y eclesiales.<\/p>\n<p>Como ya hemos se\u00f1alado los obispos, en otra ocasi\u00f3n tambi\u00e9n dif\u00edcil para nuestra convivencia democr\u00e1tica y pac\u00edfica, \u201ces de todo punto necesario recuperar la conciencia ciudadana y la confianza en las instituciones, todo ello en el respeto de los cauces y principios que el pueblo ha sancionado en la Constituci\u00f3n\u201d ( XXXIV Asamblea Plenaria de la Conferencia Episcopal Espa\u00f1ola. 28-2-1981).<\/p>\n<p>Por \u00faltimo, reiterando nuestra llamada a la esperanza y la plegaria a Dios, a la serenidad y entendimiento, ofrecemos nuestra colaboraci\u00f3n sincera al dialogo en favor de una pac\u00edfica y libre convivencia entre todos.<\/p>\n<p><em>Madrid, 27 de setiembre de 2017<\/em><\/p>\n","protected":false},"excerpt":{"rendered":"<p>Declaraci\u00f3n de la Comisi\u00f3n Permanente de la Conferencia Episcopal Espa\u00f1ola ante la situaci\u00f3n en Catalu\u00f1a: Ante la grave situaci\u00f3n que se vive en Catalu\u00f1a, con gran preocupaci\u00f3n en el resto de Espa\u00f1a, los obispos queremos en primer lugar hacer nuestros los deseos y sentimientos manifestados recientemente de forma conjunta por los obispos con sede en &hellip; <\/p>\n<p><a class=\"more-link btn\" href=\"https:\/\/smaria.salou.arqtgn.cat\/es\/los-obispos-espanoles-reconocen-los-derechos-propios-de-los-pueblos\/\">Seguir leyendo<\/a><\/p>\n","protected":false},"author":11,"featured_media":0,"comment_status":"closed","ping_status":"closed","sticky":false,"template":"","format":"standard","meta":{"footnotes":""},"categories":[52],"tags":[],"class_list":["post-9854","post","type-post","status-publish","format-standard","hentry","category-para-reflexionar","item-wrap"],"amp_enabled":true,"_links":{"self":[{"href":"https:\/\/smaria.salou.arqtgn.cat\/es\/wp-json\/wp\/v2\/posts\/9854","targetHints":{"allow":["GET"]}}],"collection":[{"href":"https:\/\/smaria.salou.arqtgn.cat\/es\/wp-json\/wp\/v2\/posts"}],"about":[{"href":"https:\/\/smaria.salou.arqtgn.cat\/es\/wp-json\/wp\/v2\/types\/post"}],"author":[{"embeddable":true,"href":"https:\/\/smaria.salou.arqtgn.cat\/es\/wp-json\/wp\/v2\/users\/11"}],"replies":[{"embeddable":true,"href":"https:\/\/smaria.salou.arqtgn.cat\/es\/wp-json\/wp\/v2\/comments?post=9854"}],"version-history":[{"count":0,"href":"https:\/\/smaria.salou.arqtgn.cat\/es\/wp-json\/wp\/v2\/posts\/9854\/revisions"}],"wp:attachment":[{"href":"https:\/\/smaria.salou.arqtgn.cat\/es\/wp-json\/wp\/v2\/media?parent=9854"}],"wp:term":[{"taxonomy":"category","embeddable":true,"href":"https:\/\/smaria.salou.arqtgn.cat\/es\/wp-json\/wp\/v2\/categories?post=9854"},{"taxonomy":"post_tag","embeddable":true,"href":"https:\/\/smaria.salou.arqtgn.cat\/es\/wp-json\/wp\/v2\/tags?post=9854"}],"curies":[{"name":"wp","href":"https:\/\/api.w.org\/{rel}","templated":true}]}}