{"id":9848,"date":"2017-09-16T15:06:38","date_gmt":"2017-09-16T13:06:38","guid":{"rendered":"http:\/\/smaria.salou.arqtgn.cat\/domingo-xxiv-tiempo-ordinario-a-2017\/"},"modified":"2017-09-16T15:06:38","modified_gmt":"2017-09-16T13:06:38","slug":"domingo-xxiv-tiempo-ordinario-a-2017","status":"publish","type":"post","link":"https:\/\/smaria.salou.arqtgn.cat\/es\/domingo-xxiv-tiempo-ordinario-a-2017\/","title":{"rendered":"Domingo XXIV tiempo ordinario \/ A \/ 2017"},"content":{"rendered":"<table style=\"height: 211px;width: 508.5px\">\n<tbody>\n<tr style=\"height: 256px\">\n<td style=\"height: 256px;width: 319px\">\n<p><div style=\"width: 292px\" class=\"wp-caption aligncenter\"><a href=\"http:\/\/lecturesmissa.arqtgn.cat\" target=\"_blank\" rel=\"noopener noreferrer\"><img loading=\"lazy\" decoding=\"async\" src=\"http:\/\/saintelizabethchurch.org\/wp-content\/uploads\/2014\/11\/Lecturas_01e-640x375.jpg\" width=\"292\" height=\"171\" \/><\/a><p class=\"wp-caption-text\">La Palabra de Dios<\/p><\/div><\/td>\n<td style=\"height: 256px;width: 165.5px\">\n<p><div id=\"attachment_5183\" style=\"width: 138px\" class=\"wp-caption alignnone\"><a href=\"http:\/\/www.esglesiadetarragona.cat\/wp-content\/uploads\/2017\/09\/fpcastellano3523.pdf\" target=\"_blank\" rel=\"noopener noreferrer\"><img loading=\"lazy\" decoding=\"async\" aria-describedby=\"caption-attachment-5183\" class=\"wp-image-5183\" src=\"http:\/\/www.esglesiadetarragona.cat\/wp-content\/uploads\/2017\/09\/fpcastellano3523-2.jpg?sequence=3&amp;isAllowed=y?\" alt=\"\" width=\"138\" height=\"197\" \/><\/a><p id=\"caption-attachment-5183\" class=\"wp-caption-text\">Leer la Hoja Dominical<\/p><\/div><\/td>\n<\/tr>\n<tr style=\"height: 18.2667px\">\n<td style=\"height: 18.2667px;width: 484.5px\" colspan=\"2\">[youtube https:\/\/youtu.be\/0apBU1AuOlU]<\/p>\n<hr \/>\n<p>[youtube https:\/\/youtu.be\/87vrDbOEHU8]<\/p>\n<hr \/>\n<\/td>\n<\/tr>\n<tr style=\"height: 18px\">\n<td style=\"height: 18px;width: 484.5px\" colspan=\"2\">\n<h3><strong><span style=\"color: #ff6600\">Lectura espiritual<br \/>\n<\/span><\/strong><\/h3>\n<p style=\"text-align: justify\"><strong>\u00a0Y vosotros, \u00bfqui\u00e9n dec\u00eds que soy? (Lc 9,20)<\/strong><\/p>\n<p style=\"text-align: justify\">\u201cJes\u00fas estaba orando en un lugar retirado\u201d. Silencio, soledad, oraci\u00f3n: es un momento cargado de la m\u00e1s grande intimidad para este peque\u00f1o grupo de hombres. Intimidad entre ellos y entre ellos y Dios.<\/p>\n<p style=\"text-align: justify\">Es una de esas zonas especiales donde el amor se hace casi tangible, lo sientes encima, debajo y alrededor de ti, como un manto luminoso en el que te sientes d\u00f3cil fibra del universo.<\/p>\n<p style=\"text-align: justify\">En esta hora importante, Jes\u00fas hace una pregunta decisiva, algo de lo que despu\u00e9s depender\u00e1 todo: fe, opciones, vida: \u201cPero vosotros, \u00bfqui\u00e9n dec\u00eds que soy?\u201d<\/p>\n<p style=\"text-align: justify\">En la vida, m\u00e1s que las respuestas, importan las preguntas. No interrogar sino dejarse interrogar. Vivir preguntas que hacen vivir la fe. No seguir cuestionando al Se\u00f1or, sino dejarse cuestionar por \u00e9l.<\/p>\n<p style=\"text-align: justify\">Es el coraz\u00f3n palpitante de la fe: \u00bfqui\u00e9n soy yo para ti? Jes\u00fas no busca palabras, busca personas; no busca definiciones, sino implicaciones: \u00bfqu\u00e9 te ha pasado cuando me has encontrado?<\/p>\n<p style=\"text-align: justify\">El maestro del coraz\u00f3n no da lecciones ni sugiere respuestas, te conduce con delicadeza a buscar dentro de ti. Yo oigo respuestas: encontrarte ha sido lo mejor que me ha sucedido en la vida. T\u00fa has sido lo m\u00e1s bello y fuerte que pod\u00eda esperar.<\/p>\n<p style=\"text-align: justify\">Muchas personas que conozco, que se profesan no creyentes y que sin embargo tienen un desmedido e inconfesable deseo de creer, temen acercarse a la Iglesia y a los sacerdotes por miedo \u201cde ser adoctrinados\u201d. Y temen perder algo de su libertad, incluso de la libertad de pensamiento; recibir respuestas preparadas con antelaci\u00f3n, de cuestionario, y quiz\u00e1 tengan raz\u00f3n. Jes\u00fas, maestro de humanidad, no adoctrina a nadie, estimula respuestas. Y haci\u00e9ndolo as\u00ed, estimula nacimientos.<\/p>\n<p style=\"text-align: justify\">\u00bfQui\u00e9n soy yo para ti? Se parece a las preguntas que se hacen los enamorados: \u00bfqu\u00e9 lugar ocupo en tu vida?, \u00bfcu\u00e1nto te importo?, \u00bfqui\u00e9n soy para ti? Y el otro responde: t\u00fa eres mi vida, eres mi mujer, mi hombre, mi amor.<\/p>\n<p style=\"text-align: justify\">Jes\u00fas no tiene necesidad de la opini\u00f3n de sus ap\u00f3stoles para saber si es mejor que los profetas anteriores, sino para cerciorarse que Pedro y los otros son de los enamorados que han abierto el coraz\u00f3n. Cristo est\u00e1 vivo solo si est\u00e1 vivo dentro de nosotros. Nuestro coraz\u00f3n puede ser la cuna o la tumba de Dios.<\/p>\n<p style=\"text-align: justify\">Pedro responde con la vehemencia y la decisi\u00f3n acostumbradas: \u201cT\u00fa eres el mes\u00edas de Dios\u201d, su brazo, su proyecto, su boca, su coraz\u00f3n. T\u00fa nos traes a Dios, en tus manos est\u00e1 Dios acariciando el mundo.<\/p>\n<p style=\"text-align: justify\">Una palabra discurre bajo todas las palabras del Libro, como una corriente subterr\u00e1nea o una nervadura de las p\u00e1ginas: la palabra \u201cvida\u201d. \u00bfQu\u00e9 tienes que ver conmigo, Hijo del hombre? La respuesta es incluso desconcertante, excesiva: yo hago vivir.<\/p>\n<p style=\"text-align: justify\">Pedro lo ha saboreado y lo ha confesado: \u201cT\u00fa solo tienes palabras de vida eterna\u201d (Jn 6,68). Palabras que hacen viva por fin la vida.<\/p>\n<p style=\"text-align: justify\">Que son vida para la mente, porque la mente vive de verdades o de lo contrario enferma. Vida del coraz\u00f3n, que vive de amor, de lo contrario muere. Vida del esp\u00edritu, que vive de libertad, de lo contrario se apaga.<\/p>\n<p style=\"text-align: justify\">La fe de Pedro atestigua: no solo est\u00e1s vivo, Jes\u00fas, sino que eres el Viviente, eres la acci\u00f3n misma del vivir, no una porci\u00f3n de vida; eres el verbo cargado de poder que obra, no un adjetivo que describe; est\u00e1s en la vida como dador de vida.<\/p>\n<p style=\"text-align: right\">Ermes Ronchi, <em>Las preguntas escuetas del evangelio<\/em><\/p>\n<p>&nbsp;<\/td>\n<\/tr>\n<\/tbody>\n<\/table>\n<p>&nbsp;<\/p>\n","protected":false},"excerpt":{"rendered":"<p>[youtube https:\/\/youtu.be\/0apBU1AuOlU] [youtube https:\/\/youtu.be\/87vrDbOEHU8] Lectura espiritual \u00a0Y vosotros, \u00bfqui\u00e9n dec\u00eds que soy? (Lc 9,20) \u201cJes\u00fas estaba orando en un lugar retirado\u201d. Silencio, soledad, oraci\u00f3n: es un momento cargado de la m\u00e1s grande intimidad para este peque\u00f1o grupo de hombres. Intimidad entre ellos y entre ellos y Dios. Es una de esas zonas especiales donde el &hellip; <\/p>\n<p><a class=\"more-link btn\" href=\"https:\/\/smaria.salou.arqtgn.cat\/es\/domingo-xxiv-tiempo-ordinario-a-2017\/\">Seguir leyendo<\/a><\/p>\n","protected":false},"author":11,"featured_media":0,"comment_status":"closed","ping_status":"closed","sticky":false,"template":"","format":"standard","meta":{"footnotes":""},"categories":[52,49],"tags":[],"class_list":["post-9848","post","type-post","status-publish","format-standard","hentry","category-para-reflexionar","category-preparando-el-domingo","item-wrap"],"amp_enabled":true,"_links":{"self":[{"href":"https:\/\/smaria.salou.arqtgn.cat\/es\/wp-json\/wp\/v2\/posts\/9848","targetHints":{"allow":["GET"]}}],"collection":[{"href":"https:\/\/smaria.salou.arqtgn.cat\/es\/wp-json\/wp\/v2\/posts"}],"about":[{"href":"https:\/\/smaria.salou.arqtgn.cat\/es\/wp-json\/wp\/v2\/types\/post"}],"author":[{"embeddable":true,"href":"https:\/\/smaria.salou.arqtgn.cat\/es\/wp-json\/wp\/v2\/users\/11"}],"replies":[{"embeddable":true,"href":"https:\/\/smaria.salou.arqtgn.cat\/es\/wp-json\/wp\/v2\/comments?post=9848"}],"version-history":[{"count":0,"href":"https:\/\/smaria.salou.arqtgn.cat\/es\/wp-json\/wp\/v2\/posts\/9848\/revisions"}],"wp:attachment":[{"href":"https:\/\/smaria.salou.arqtgn.cat\/es\/wp-json\/wp\/v2\/media?parent=9848"}],"wp:term":[{"taxonomy":"category","embeddable":true,"href":"https:\/\/smaria.salou.arqtgn.cat\/es\/wp-json\/wp\/v2\/categories?post=9848"},{"taxonomy":"post_tag","embeddable":true,"href":"https:\/\/smaria.salou.arqtgn.cat\/es\/wp-json\/wp\/v2\/tags?post=9848"}],"curies":[{"name":"wp","href":"https:\/\/api.w.org\/{rel}","templated":true}]}}