{"id":9842,"date":"2017-09-13T14:09:17","date_gmt":"2017-09-13T14:09:17","guid":{"rendered":"http:\/\/smaria.salou.arqtgn.cat\/eucaristia-de-clausura-del-centenario-de-mn-ramon-muntanyola\/"},"modified":"2017-09-13T14:09:17","modified_gmt":"2017-09-13T14:09:17","slug":"eucaristia-de-clausura-del-centenario-de-mn-ramon-muntanyola","status":"publish","type":"post","link":"https:\/\/smaria.salou.arqtgn.cat\/es\/eucaristia-de-clausura-del-centenario-de-mn-ramon-muntanyola\/","title":{"rendered":"Eucarist\u00eda de clausura del centenario de Mn. Ramon Muntanyola"},"content":{"rendered":"<p style=\"text-align: justify\"><img loading=\"lazy\" decoding=\"async\" class=\" alignleft\" src=\"http:\/\/www.arquebisbattarragona.cat\/ftp\/banners2\/logo_any_ramommuntanyola.jpg\" width=\"248\" height=\"249\" \/>El pasado domingo 10 de septiembre a las 12h se celebr\u00f3 en nuestra parroquia la Eucarist\u00eda de clausura del centenario del nacimiento de padre Ramon Muntanyola.<\/p>\n<p style=\"text-align: justify\">La celebraci\u00f3n que fue presidida por el rector Mn. Santi Soro, que cont\u00f3 con la asistencia del Sr. Alcalde de Salou Pere Granados y de concejales de su Ayuntamiento, de David Rovira Minguella, alcalde de la Espluga de Francol\u00ed, lugar del nacimiento de Mn. Muntanyola, de miembros de la comisi\u00f3n organizadora del centenario, sobrinos de Mn. Muntanyola, y feligreses.<\/p>\n<p style=\"text-align: justify\">Mn. Santiago Soro inici\u00f3 la celebraci\u00f3n leyendo un texto donde se hac\u00eda una breve semejanza de la persona y obra de Mn. Muntanyola, tras el cual continu\u00f3 la eucarist\u00eda, destacando que la consagraci\u00f3n se hizo con el c\u00e1liz de Mn. Muntanyola, gentileza del Ayuntamiento de la Espluga de Francol\u00ed.<\/p>\n<p style=\"text-align: justify\">Al finalizar la eucarist\u00eda una buena parte de los asistentes a la celebraci\u00f3n bailaron la sardana de Salou haciendo corro al monumento a Mn. Muntanyola de la plaza que lleva su nombre.<\/p>\n<p>Repoducimos a continuaci\u00f3 la rese\u00f1a period\u00edstica publicada en La Vanguardia ese mismo d\u00eda.<\/p>\n<p><a href=\"http:\/\/salou2.wp.arqtgn.cat\/wp-content\/uploads\/sites\/10\/2017\/09\/Munt_LV_es.jpg\"><img loading=\"lazy\" decoding=\"async\" class=\"aligncenter wp-image-6468 size-full\" src=\"http:\/\/salou2.wp.arqtgn.cat\/wp-content\/uploads\/sites\/10\/2017\/09\/Munt_LV_es.jpg\" alt=\"\" width=\"800\" height=\"1786\" \/><\/a><\/p>\n","protected":false},"excerpt":{"rendered":"<p>El pasado domingo 10 de septiembre a las 12h se celebr\u00f3 en nuestra parroquia la Eucarist\u00eda de clausura del centenario del nacimiento de padre Ramon Muntanyola. La celebraci\u00f3n que fue presidida por el rector Mn. Santi Soro, que cont\u00f3 con la asistencia del Sr. Alcalde de Salou Pere Granados y de concejales de su Ayuntamiento, &hellip; <\/p>\n<p><a class=\"more-link btn\" href=\"https:\/\/smaria.salou.arqtgn.cat\/es\/eucaristia-de-clausura-del-centenario-de-mn-ramon-muntanyola\/\">Seguir leyendo<\/a><\/p>\n","protected":false},"author":11,"featured_media":0,"comment_status":"closed","ping_status":"closed","sticky":false,"template":"","format":"standard","meta":{"footnotes":""},"categories":[],"tags":[],"class_list":["post-9842","post","type-post","status-publish","format-standard","hentry","item-wrap"],"amp_enabled":true,"_links":{"self":[{"href":"https:\/\/smaria.salou.arqtgn.cat\/es\/wp-json\/wp\/v2\/posts\/9842","targetHints":{"allow":["GET"]}}],"collection":[{"href":"https:\/\/smaria.salou.arqtgn.cat\/es\/wp-json\/wp\/v2\/posts"}],"about":[{"href":"https:\/\/smaria.salou.arqtgn.cat\/es\/wp-json\/wp\/v2\/types\/post"}],"author":[{"embeddable":true,"href":"https:\/\/smaria.salou.arqtgn.cat\/es\/wp-json\/wp\/v2\/users\/11"}],"replies":[{"embeddable":true,"href":"https:\/\/smaria.salou.arqtgn.cat\/es\/wp-json\/wp\/v2\/comments?post=9842"}],"version-history":[{"count":0,"href":"https:\/\/smaria.salou.arqtgn.cat\/es\/wp-json\/wp\/v2\/posts\/9842\/revisions"}],"wp:attachment":[{"href":"https:\/\/smaria.salou.arqtgn.cat\/es\/wp-json\/wp\/v2\/media?parent=9842"}],"wp:term":[{"taxonomy":"category","embeddable":true,"href":"https:\/\/smaria.salou.arqtgn.cat\/es\/wp-json\/wp\/v2\/categories?post=9842"},{"taxonomy":"post_tag","embeddable":true,"href":"https:\/\/smaria.salou.arqtgn.cat\/es\/wp-json\/wp\/v2\/tags?post=9842"}],"curies":[{"name":"wp","href":"https:\/\/api.w.org\/{rel}","templated":true}]}}