{"id":9840,"date":"2017-09-09T15:05:34","date_gmt":"2017-09-09T15:05:34","guid":{"rendered":"http:\/\/smaria.salou.arqtgn.cat\/centenario-de-mn-ramon-muntanyola\/"},"modified":"2017-09-09T15:05:34","modified_gmt":"2017-09-09T15:05:34","slug":"centenario-de-mn-ramon-muntanyola","status":"publish","type":"post","link":"https:\/\/smaria.salou.arqtgn.cat\/es\/centenario-de-mn-ramon-muntanyola\/","title":{"rendered":"Centenario de Mn. Ramon Muntanyola"},"content":{"rendered":"<p><a href=\"http:\/\/www.esglesiadetarragona.cat\/es\/centenari-muntanyola\/\" target=\"_blank\" rel=\"noopener noreferrer\"><img loading=\"lazy\" decoding=\"async\" class=\"aligncenter\" src=\"http:\/\/www.esglesiadetarragona.cat\/wp-content\/uploads\/2017\/06\/webmuntanyola-1024x305.jpg\" alt=\"\" width=\"1024\" height=\"305\" \/><\/a>Este domingo 10 de setemmbre de 2017, en la misa mayor de las 12h, tendr\u00e1 lugar el acto de clausura del a\u00f1o de mos\u00e9n Ramon Muntanyola, donde se han celebrado una serie de actos en motivo del centenario de su nacimiento . Los puede consultar haciendo clic sobre la imagen.<\/p>\n","protected":false},"excerpt":{"rendered":"<p>Este domingo 10 de setemmbre de 2017, en la misa mayor de las 12h, tendr\u00e1 lugar el acto de clausura del a\u00f1o de mos\u00e9n Ramon Muntanyola, donde se han celebrado una serie de actos en motivo del centenario de su nacimiento . Los puede consultar haciendo clic sobre la imagen.<\/p>\n","protected":false},"author":11,"featured_media":0,"comment_status":"closed","ping_status":"closed","sticky":false,"template":"","format":"standard","meta":{"footnotes":""},"categories":[],"tags":[],"class_list":["post-9840","post","type-post","status-publish","format-standard","hentry","item-wrap"],"amp_enabled":true,"_links":{"self":[{"href":"https:\/\/smaria.salou.arqtgn.cat\/es\/wp-json\/wp\/v2\/posts\/9840","targetHints":{"allow":["GET"]}}],"collection":[{"href":"https:\/\/smaria.salou.arqtgn.cat\/es\/wp-json\/wp\/v2\/posts"}],"about":[{"href":"https:\/\/smaria.salou.arqtgn.cat\/es\/wp-json\/wp\/v2\/types\/post"}],"author":[{"embeddable":true,"href":"https:\/\/smaria.salou.arqtgn.cat\/es\/wp-json\/wp\/v2\/users\/11"}],"replies":[{"embeddable":true,"href":"https:\/\/smaria.salou.arqtgn.cat\/es\/wp-json\/wp\/v2\/comments?post=9840"}],"version-history":[{"count":0,"href":"https:\/\/smaria.salou.arqtgn.cat\/es\/wp-json\/wp\/v2\/posts\/9840\/revisions"}],"wp:attachment":[{"href":"https:\/\/smaria.salou.arqtgn.cat\/es\/wp-json\/wp\/v2\/media?parent=9840"}],"wp:term":[{"taxonomy":"category","embeddable":true,"href":"https:\/\/smaria.salou.arqtgn.cat\/es\/wp-json\/wp\/v2\/categories?post=9840"},{"taxonomy":"post_tag","embeddable":true,"href":"https:\/\/smaria.salou.arqtgn.cat\/es\/wp-json\/wp\/v2\/tags?post=9840"}],"curies":[{"name":"wp","href":"https:\/\/api.w.org\/{rel}","templated":true}]}}