{"id":9838,"date":"2017-09-08T14:59:45","date_gmt":"2017-09-08T14:59:45","guid":{"rendered":"http:\/\/smaria.salou.arqtgn.cat\/domingo-xxiii-tiempo-ordinario-a-2017\/"},"modified":"2017-09-08T14:59:45","modified_gmt":"2017-09-08T14:59:45","slug":"domingo-xxiii-tiempo-ordinario-a-2017","status":"publish","type":"post","link":"https:\/\/smaria.salou.arqtgn.cat\/es\/domingo-xxiii-tiempo-ordinario-a-2017\/","title":{"rendered":"Domingo XXIII tiempo ordinario \/ A \/ 2017"},"content":{"rendered":"<table style=\"height: 211px;width: 508.5px\">\n<tbody>\n<tr style=\"height: 256px\">\n<td style=\"height: 256px;width: 319px\">\n<p><div style=\"width: 292px\" class=\"wp-caption aligncenter\"><a href=\"http:\/\/lecturesmissa.arqtgn.cat\" target=\"_blank\" rel=\"noopener noreferrer\"><img loading=\"lazy\" decoding=\"async\" src=\"http:\/\/saintelizabethchurch.org\/wp-content\/uploads\/2014\/11\/Lecturas_01e-640x375.jpg\" width=\"292\" height=\"171\" \/><\/a><p class=\"wp-caption-text\">La Palabra de Dios<\/p><\/div><\/td>\n<td style=\"height: 256px;width: 165.5px\">\n<p><div id=\"attachment_5183\" style=\"width: 138px\" class=\"wp-caption alignnone\"><a href=\"http:\/\/www.esglesiadetarragona.cat\/wp-content\/uploads\/2017\/09\/fpcatala3522.pdf\" target=\"_blank\" rel=\"noopener noreferrer\"><img loading=\"lazy\" decoding=\"async\" aria-describedby=\"caption-attachment-5183\" class=\"wp-image-5183\" src=\"http:\/\/www.esglesiadetarragona.cat\/wp-content\/uploads\/2017\/09\/fpcatala3522-2.jpg?sequence=3&amp;isAllowed=y?\" alt=\"\" width=\"138\" height=\"197\" \/><\/a><p id=\"caption-attachment-5183\" class=\"wp-caption-text\">Leer la Hoja Dominical<\/p><\/div><\/td>\n<\/tr>\n<tr style=\"height: 18.2667px\">\n<td style=\"height: 18.2667px;width: 484.5px\" colspan=\"2\">[youtube https:\/\/youtu.be\/g8OowGYBp0g]<\/p>\n<hr \/>\n<p>[youtube https:\/\/youtu.be\/DhrpeeI0tcg]<\/p>\n<hr \/>\n<\/td>\n<\/tr>\n<tr style=\"height: 18px\">\n<td style=\"height: 18px;width: 484.5px\" colspan=\"2\">\n<h3><strong><span style=\"color: #ff6600\">Lectura espiritual<br \/>\n<\/span><\/strong><\/h3>\n<p style=\"text-align: justify\"><strong>\u00bfCon qu\u00e9 se salar\u00e1? (Mt 5,13)<\/strong><\/p>\n<p style=\"text-align: justify\">Vuestro mal es que no sab\u00e9is lo bellos que sois\u201d (F\u00ebdor Dostoievski). Que Dios es luz lo hemos o\u00eddo y creemos en ello; pero o\u00edr y creer que tambi\u00e9n la persona humana es luz, que yo y t\u00fa tambi\u00e9n lo somos, con todos nuestros l\u00edmites y nuestras sombras, es maravilloso.<\/p>\n<p style=\"text-align: justify\">\u00a0Isa\u00edas sugiere un primer camino para que la l\u00e1mpara ilumine la casa y la sal no pierda el sabor. Reparte tu pan, acoge en tu casa el extranjero, viste al desnudo, no apartes tus ojos de tu gente (Is 58,7-8).<\/p>\n<p style=\"text-align: justify\">Ilumina a otros y te iluminar\u00e1s, cura a otros y te curar\u00e1s. No te inclines sobre tus historias o sobre tus derrotas y tus victorias; oc\u00fapate m\u00e1s bien de la tierra y de la ciudad.<\/p>\n<p style=\"text-align: justify\">Si apartas los ojos de los dem\u00e1s, no ser\u00e1s nunca un hombre y una mujer, un sacerdote, un obispo brillante. El que se mira solo a s\u00ed mismo no ilumina nunca.<\/p>\n<p style=\"text-align: justify\">Nadie es demasiado peque\u00f1o o demasiado grande para poderse eximir del empe\u00f1o de transmitir el sabor y el esplendor de Dios. La mayor\u00eda de las veces, si somos personas logradas, lo hacemos incluso sin saberlo.<\/p>\n<p style=\"text-align: justify\">Es posible no experimentar nada de Dios y sin embargo difundirlo entre los otros sin darse cuenta. Dios act\u00faa as\u00ed. Puede que zozobremos en la duda, en la noche, y ser luz para alguien, con una palabra o un gesto que no s\u00e9 de d\u00f3nde vienen. Dios act\u00faa as\u00ed.<\/p>\n<p style=\"text-align: justify\">Ser luz o vela en el candelero no significa para nosotros hacernos ver, sino hacer ver.<\/p>\n<p style=\"text-align: justify\">\u00a0El segundo camino para que no se pierdan ni la luz ni la sal nos lo indica san Pablo: \u201cNunca entre vosotros me preci\u00e9 de saber otra cosa que a Jesucristo, y a Jesucristo crucificado\u201d (1Cor 2,2). N\u00facleo incandescente de nuestra fe: saber a Cristo. \u201cSaber\u201d es mucho m\u00e1s que \u201cconocer\u201d: es tener el sabor de Cristo. Y sucede cuando Cristo, como sal, est\u00e1 disuelto dentro de m\u00ed; cuando como pan, penetra en todas las fibras de mi vida y se convierte en mis palabras, mis gestos y mi coraz\u00f3n.<\/p>\n<p style=\"text-align: justify\">\u201cYo quiero saber a Cristo crucificado\u201d. Una persona no puede mirar al sol sin que su rostro se ilumine. S\u00ed, hay rostros habitados por Dios, porque no nos exponemos d\u00eda tras d\u00eda a la mirada de la infinita ternura sin recibir de \u00e9l alguna ins\u00f3lita belleza.<\/p>\n<p style=\"text-align: justify\">Son rostros que irradian luz sin saberlo: basta verlos. Es la elocuencia de los gestos, de la acogida, de las sonrisas, incluso la elocuencia de las l\u00e1grimas. Los miro y comprendo que Dios existe, que Dios es luz, y tu coraz\u00f3n te dir\u00e1 que est\u00e1s hecho para la luz.<\/p>\n<p style=\"text-align: justify\">Y por \u00faltimo el tercer camino de la luz. Dice Jes\u00fas: \u201cVosotros sois la luz\u201d, no yo o t\u00fa, sino nosotros. Cuando un yo y un t\u00fa se encuentran, generando un nosotros, entonces nos volvemos luz en las fraternidades c\u00e1lidas de nuestras asambleas y en la acogida del migrante desconocido.<\/p>\n<p style=\"text-align: justify\">Una par\u00e1bola dice que cada persona viene al mundo con una peque\u00f1a llama en la frente, que solo se ve con el coraz\u00f3n. Cuando dos estrellas se funden y reavivan -cada una da y toma energ\u00eda de la otra- como dos troncos de madera colocados en la chimenea. El encuentro engendra luz.<\/p>\n<p style=\"text-align: justify\">Nuestra luz vive de comuni\u00f3n, de encuentros, de compartici\u00f3n. No nos preocupemos de cu\u00e1ntos logramos iluminar. No importa ser visibles o relevantes, ser admirados o ignorados, sino ser guardianes de la luz, vivir encendidos.<\/p>\n<p style=\"text-align: right\">Ermes Ronchi, <em>Las preguntas escuetas del evangelio<\/em><\/p>\n<p>&nbsp;<\/td>\n<\/tr>\n<\/tbody>\n<\/table>\n<p>&nbsp;<\/p>\n","protected":false},"excerpt":{"rendered":"<p>[youtube https:\/\/youtu.be\/g8OowGYBp0g] [youtube https:\/\/youtu.be\/DhrpeeI0tcg] Lectura espiritual \u00bfCon qu\u00e9 se salar\u00e1? (Mt 5,13) Vuestro mal es que no sab\u00e9is lo bellos que sois\u201d (F\u00ebdor Dostoievski). Que Dios es luz lo hemos o\u00eddo y creemos en ello; pero o\u00edr y creer que tambi\u00e9n la persona humana es luz, que yo y t\u00fa tambi\u00e9n lo somos, con todos &hellip; <\/p>\n<p><a class=\"more-link btn\" href=\"https:\/\/smaria.salou.arqtgn.cat\/es\/domingo-xxiii-tiempo-ordinario-a-2017\/\">Seguir leyendo<\/a><\/p>\n","protected":false},"author":11,"featured_media":0,"comment_status":"closed","ping_status":"closed","sticky":false,"template":"","format":"standard","meta":{"footnotes":""},"categories":[52,49],"tags":[],"class_list":["post-9838","post","type-post","status-publish","format-standard","hentry","category-para-reflexionar","category-preparando-el-domingo","item-wrap"],"amp_enabled":true,"_links":{"self":[{"href":"https:\/\/smaria.salou.arqtgn.cat\/es\/wp-json\/wp\/v2\/posts\/9838","targetHints":{"allow":["GET"]}}],"collection":[{"href":"https:\/\/smaria.salou.arqtgn.cat\/es\/wp-json\/wp\/v2\/posts"}],"about":[{"href":"https:\/\/smaria.salou.arqtgn.cat\/es\/wp-json\/wp\/v2\/types\/post"}],"author":[{"embeddable":true,"href":"https:\/\/smaria.salou.arqtgn.cat\/es\/wp-json\/wp\/v2\/users\/11"}],"replies":[{"embeddable":true,"href":"https:\/\/smaria.salou.arqtgn.cat\/es\/wp-json\/wp\/v2\/comments?post=9838"}],"version-history":[{"count":0,"href":"https:\/\/smaria.salou.arqtgn.cat\/es\/wp-json\/wp\/v2\/posts\/9838\/revisions"}],"wp:attachment":[{"href":"https:\/\/smaria.salou.arqtgn.cat\/es\/wp-json\/wp\/v2\/media?parent=9838"}],"wp:term":[{"taxonomy":"category","embeddable":true,"href":"https:\/\/smaria.salou.arqtgn.cat\/es\/wp-json\/wp\/v2\/categories?post=9838"},{"taxonomy":"post_tag","embeddable":true,"href":"https:\/\/smaria.salou.arqtgn.cat\/es\/wp-json\/wp\/v2\/tags?post=9838"}],"curies":[{"name":"wp","href":"https:\/\/api.w.org\/{rel}","templated":true}]}}