{"id":9836,"date":"2017-09-07T14:43:10","date_gmt":"2017-09-07T14:43:10","guid":{"rendered":"http:\/\/smaria.salou.arqtgn.cat\/parroquias-al-servicio-de-la-mision-el-video-del-papa-septiembre-de-2017\/"},"modified":"2017-09-07T14:43:10","modified_gmt":"2017-09-07T14:43:10","slug":"parroquias-al-servicio-de-la-mision-el-video-del-papa-septiembre-de-2017","status":"publish","type":"post","link":"https:\/\/smaria.salou.arqtgn.cat\/es\/parroquias-al-servicio-de-la-mision-el-video-del-papa-septiembre-de-2017\/","title":{"rendered":"Parroquias al servicio de la misi\u00f3n. El video del Papa, septiembre de 2017"},"content":{"rendered":"<p>&nbsp;<\/p>\n<p>[youtube https:\/\/youtu.be\/G9jy1BJd-U4]<\/p>\n<p>\u201cLas parroquias tienen que estar en contacto con los hogares, con la vida de la gente, con la vida del pueblo\u00bb.<\/p>\n<p>La puertas de nuestras parroquias siempre est\u00e1n abiertas. Pidamos para que sigan as\u00ed al servicio de los dem\u00e1s y de la transmisi\u00f3n de la fe.<\/p>\n<p>Tienen que ser casas donde la puerta est\u00e9 siempre abierta para salir hacia los dem\u00e1s. Y es importante que la salida siga una clara propuesta de fe. Se trata de abrir las puertas y dejar que Jes\u00fas salga afuera con toda la alegr\u00eda de su mensaje. <\/p>\n<p>Pidamos por nuestras parroquias, para que no sean oficinas funcionales sino que animadas por un esp\u00edritu misionero, sean lugares de transmisi\u00f3n de la fe y testimonio de la caridad.<\/p>\n<p>.Si quieres ver m\u00e1s videos sobre las intenciones del Papa los encontrar\u00e1s en <a class=\"yt-uix-servicelink \" href=\"http:\/\/www.elvideodelpapa.org\" target=\"_blank\" rel=\"nofollow noopener noreferrer\">http:\/\/www.elvideodelpapa.org<\/a><\/p>\n<p>&nbsp;<\/p>\n","protected":false},"excerpt":{"rendered":"<p>&nbsp; [youtube https:\/\/youtu.be\/G9jy1BJd-U4] \u201cLas parroquias tienen que estar en contacto con los hogares, con la vida de la gente, con la vida del pueblo\u00bb. La puertas de nuestras parroquias siempre est\u00e1n abiertas. Pidamos para que sigan as\u00ed al servicio de los dem\u00e1s y de la transmisi\u00f3n de la fe. Tienen que ser casas donde la &hellip; <\/p>\n<p><a class=\"more-link btn\" href=\"https:\/\/smaria.salou.arqtgn.cat\/es\/parroquias-al-servicio-de-la-mision-el-video-del-papa-septiembre-de-2017\/\">Seguir leyendo<\/a><\/p>\n","protected":false},"author":11,"featured_media":0,"comment_status":"closed","ping_status":"closed","sticky":false,"template":"","format":"standard","meta":{"footnotes":""},"categories":[52],"tags":[],"class_list":["post-9836","post","type-post","status-publish","format-standard","hentry","category-para-reflexionar","item-wrap"],"amp_enabled":true,"_links":{"self":[{"href":"https:\/\/smaria.salou.arqtgn.cat\/es\/wp-json\/wp\/v2\/posts\/9836","targetHints":{"allow":["GET"]}}],"collection":[{"href":"https:\/\/smaria.salou.arqtgn.cat\/es\/wp-json\/wp\/v2\/posts"}],"about":[{"href":"https:\/\/smaria.salou.arqtgn.cat\/es\/wp-json\/wp\/v2\/types\/post"}],"author":[{"embeddable":true,"href":"https:\/\/smaria.salou.arqtgn.cat\/es\/wp-json\/wp\/v2\/users\/11"}],"replies":[{"embeddable":true,"href":"https:\/\/smaria.salou.arqtgn.cat\/es\/wp-json\/wp\/v2\/comments?post=9836"}],"version-history":[{"count":0,"href":"https:\/\/smaria.salou.arqtgn.cat\/es\/wp-json\/wp\/v2\/posts\/9836\/revisions"}],"wp:attachment":[{"href":"https:\/\/smaria.salou.arqtgn.cat\/es\/wp-json\/wp\/v2\/media?parent=9836"}],"wp:term":[{"taxonomy":"category","embeddable":true,"href":"https:\/\/smaria.salou.arqtgn.cat\/es\/wp-json\/wp\/v2\/categories?post=9836"},{"taxonomy":"post_tag","embeddable":true,"href":"https:\/\/smaria.salou.arqtgn.cat\/es\/wp-json\/wp\/v2\/tags?post=9836"}],"curies":[{"name":"wp","href":"https:\/\/api.w.org\/{rel}","templated":true}]}}