{"id":9834,"date":"2017-09-01T11:27:35","date_gmt":"2017-09-01T11:27:35","guid":{"rendered":"http:\/\/smaria.salou.arqtgn.cat\/domingo-xxii-tiempo-ordinario-a-2017\/"},"modified":"2017-09-01T11:27:35","modified_gmt":"2017-09-01T11:27:35","slug":"domingo-xxii-tiempo-ordinario-a-2017","status":"publish","type":"post","link":"https:\/\/smaria.salou.arqtgn.cat\/es\/domingo-xxii-tiempo-ordinario-a-2017\/","title":{"rendered":"Domingo XXII tiempo ordinario \/ A \/ 2017"},"content":{"rendered":"<table style=\"height: 211px;width: 508.5px\">\n<tbody>\n<tr style=\"height: 256px\">\n<td style=\"height: 256px;width: 319px\">\n<p><div style=\"width: 292px\" class=\"wp-caption aligncenter\"><a href=\"http:\/\/lecturesmissa.arqtgn.cat\" target=\"_blank\" rel=\"noopener noreferrer\"><img loading=\"lazy\" decoding=\"async\" src=\"http:\/\/saintelizabethchurch.org\/wp-content\/uploads\/2014\/11\/Lecturas_01e-640x375.jpg\" width=\"292\" height=\"171\" \/><\/a><p class=\"wp-caption-text\">La Paraula de D\u00e9u<\/p><\/div><\/td>\n<td style=\"height: 256px;width: 165.5px\">\n<p><div id=\"attachment_5183\" style=\"width: 138px\" class=\"wp-caption alignnone\"><a href=\"http:\/\/www.esglesiadetarragona.cat\/wp-content\/uploads\/2017\/08\/fpcastelllano3521-2b.jpg\" target=\"_blank\" rel=\"noopener noreferrer\"><img loading=\"lazy\" decoding=\"async\" aria-describedby=\"caption-attachment-5183\" class=\"wp-image-5183\" src=\"http:\/\/www.esglesiadetarragona.cat\/wp-content\/uploads\/2017\/08\/fpcastelllano3521-2b.jpg?sequence=3&amp;isAllowed=y?\" alt=\"\" width=\"138\" height=\"197\" \/><\/a><p id=\"caption-attachment-5183\" class=\"wp-caption-text\">Llegir el Full Dominical<\/p><\/div><\/td>\n<\/tr>\n<tr style=\"height: 18.2667px\">\n<td style=\"height: 18.2667px;width: 484.5px\" colspan=\"2\">[youtube https:\/\/youtu.be\/gRCgxYgF-pw]<\/p>\n<hr \/>\n<p>[youtube https:\/\/youtu.be\/xKUvknm4nyE]<\/p>\n<hr \/>\n<\/td>\n<\/tr>\n<tr style=\"height: 18px\">\n<td style=\"height: 18px;width: 484.5px\" colspan=\"2\">\n<h3><strong><span style=\"color: #ff6600\">Lectura espiritual<br \/>\n<\/span><\/strong><\/h3>\n<p style=\"text-align: justify\"><strong>\u00bfCon qu\u00e9 se salar\u00e1? (Mt 5,13)<\/strong><\/p>\n<p style=\"text-align: justify\">Me pregunto: \u00bfcu\u00e1ndo soy sal que ha perdido su sabor?<\/p>\n<p style=\"text-align: justify\">1 . Primera respuesta: cuando yo, hombre o mujer de Dios, atraigo la atenci\u00f3n sobre m\u00ed y no sobre Dios. \u00bfSeguimos hablando de \u00e9l o s\u00f3lo de nosotros? \u00bfEn nuestras largu\u00edsimas agendas hay todav\u00eda lugar para \u00e9l?<\/p>\n<p style=\"text-align: justify\">2 . Cuando no s\u00e9 querer debidamente a la gente y no transmito amor, cuando no me doy con generosidad y soy avaro de sentimientos, entonces he perdido el sabor del evangelio.<\/p>\n<p style=\"text-align: justify\">3 . Soy sal que ha perdido el sabor cuando no comunico dos cosas: esperanza y libertad. \u201cSi conservamos la libertad y la esperanza somos casa de Dios\u201d (cf. He 3,6).<\/p>\n<p style=\"text-align: justify\">Las fuerzas que nos hacen morada de Dios, no son ni la vida de perfecci\u00f3n ni las grandes obras, sino la libertad y la esperanza. \u201cEl evangelio no es una moral, sino una desconcertante liberaci\u00f3n\u201d (Giovanni Vannucci).<\/p>\n<p style=\"text-align: justify\">\u00bfT\u00fa puedes o debes? \u00a1Vosotros pod\u00e9is! Dios es la fuente de la libertad. Ciertamente que hay prohibiciones; no todo es l\u00edcito. La prohibici\u00f3n es importante pero secundaria. Esto nos dice que el eje fundamental de la fe es el don, no el mandamiento. \u201cSi conocieras el don de Dios\u2026\u201d (Jn 4,10) el don de Dios es Dios que se da.<\/p>\n<p style=\"text-align: justify\">\u201cVosotros pod\u00e9is\u201d, dice Dios. \u201cT\u00fa puedes\u201d, dice Dios a cada uno. Y a Ca\u00edn: \u201cEl mal est\u00e1 agazapado a tu puerta, pero t\u00fa puedes dominarlo\u201d (cf. G\u00e9n 4,7). Eres m\u00e1s fuerte que la bestia del mal.<\/p>\n<p style=\"text-align: justify\">El in principio de la libertad est\u00e1 en Dios, fuente de vidas libres. Libres de dos cosas: de la m\u00e1scara y del miedo. De la adulaci\u00f3n y de la hipocres\u00eda. Y dar un nuevo encanto a la existencia. En la tenaza que atrapa el hoy, los dos brazos son el nihilismo-indiferencia y el fundamentalismo. Los fundamentalistas se distinguen inmediatamente porque son infelices\u2026<\/p>\n<p style=\"text-align: justify\">4 . He perdido el sabor y no sirvo para nada cuando en mi actuar no me distingo de los dem\u00e1s, me he homologado al sistema del mundo. Leonardo Sciascia escrib\u00eda: \u201cYo espero que alguna vez los cristianos acaricien el mundo a contrapelo\u201d, a contra corriente.<\/p>\n<p style=\"text-align: justify\">En el mundo las cosas van en la misma direcci\u00f3n: el violento se impone al d\u00e9bil y los poderosos humillan a los inferiores: \u201c\u00a1Entre vosotros no debe ser as\u00ed!\u201d. En el mundo son felices los ricos, los astutos, los famosos. En efecto, hemos elegido el lema m\u00e1s desconcertante y a contramano que se pueda imaginar: las bienaventuranzas. Dichosos los pobres, los apaleados, los empe\u00f1ados en buscar la paz.<\/p>\n<p style=\"text-align: justify\">5 . Soy sal que ha perdido el sabor cuando no me he vuelto m\u00e1s persona, no he crecido en humanidad ni se ha producido en mi un florecimiento de lo humano.<\/p>\n<p style=\"text-align: justify\">La persona humana no se expresa en tu doctrina, sino en las relaciones concretas y armoniosas con las cosas, cuando eres una persona que pasa libre, real, ben\u00e9fica y feliz entre las cosas. Si viv\u00eds seg\u00fan el evangelio vosotros sois \u201cun haz de luz proyectado contra el mundo, no para deslumbrar sino para encender\u201d. Y lo sois no con la doctrina o las palabras, sino con las obras.<\/p>\n<p style=\"text-align: right\">Ermes Ronchi, <em>Las preguntas escuetas del evangelio<\/em><\/p>\n<p>&nbsp;<\/td>\n<\/tr>\n<\/tbody>\n<\/table>\n","protected":false},"excerpt":{"rendered":"<p>[youtube https:\/\/youtu.be\/gRCgxYgF-pw] [youtube https:\/\/youtu.be\/xKUvknm4nyE] Lectura espiritual \u00bfCon qu\u00e9 se salar\u00e1? (Mt 5,13) Me pregunto: \u00bfcu\u00e1ndo soy sal que ha perdido su sabor? 1 . Primera respuesta: cuando yo, hombre o mujer de Dios, atraigo la atenci\u00f3n sobre m\u00ed y no sobre Dios. \u00bfSeguimos hablando de \u00e9l o s\u00f3lo de nosotros? \u00bfEn nuestras largu\u00edsimas agendas hay &hellip; <\/p>\n<p><a class=\"more-link btn\" href=\"https:\/\/smaria.salou.arqtgn.cat\/es\/domingo-xxii-tiempo-ordinario-a-2017\/\">Seguir leyendo<\/a><\/p>\n","protected":false},"author":11,"featured_media":0,"comment_status":"closed","ping_status":"closed","sticky":false,"template":"","format":"standard","meta":{"footnotes":""},"categories":[52,49],"tags":[],"class_list":["post-9834","post","type-post","status-publish","format-standard","hentry","category-para-reflexionar","category-preparando-el-domingo","item-wrap"],"amp_enabled":true,"_links":{"self":[{"href":"https:\/\/smaria.salou.arqtgn.cat\/es\/wp-json\/wp\/v2\/posts\/9834","targetHints":{"allow":["GET"]}}],"collection":[{"href":"https:\/\/smaria.salou.arqtgn.cat\/es\/wp-json\/wp\/v2\/posts"}],"about":[{"href":"https:\/\/smaria.salou.arqtgn.cat\/es\/wp-json\/wp\/v2\/types\/post"}],"author":[{"embeddable":true,"href":"https:\/\/smaria.salou.arqtgn.cat\/es\/wp-json\/wp\/v2\/users\/11"}],"replies":[{"embeddable":true,"href":"https:\/\/smaria.salou.arqtgn.cat\/es\/wp-json\/wp\/v2\/comments?post=9834"}],"version-history":[{"count":0,"href":"https:\/\/smaria.salou.arqtgn.cat\/es\/wp-json\/wp\/v2\/posts\/9834\/revisions"}],"wp:attachment":[{"href":"https:\/\/smaria.salou.arqtgn.cat\/es\/wp-json\/wp\/v2\/media?parent=9834"}],"wp:term":[{"taxonomy":"category","embeddable":true,"href":"https:\/\/smaria.salou.arqtgn.cat\/es\/wp-json\/wp\/v2\/categories?post=9834"},{"taxonomy":"post_tag","embeddable":true,"href":"https:\/\/smaria.salou.arqtgn.cat\/es\/wp-json\/wp\/v2\/tags?post=9834"}],"curies":[{"name":"wp","href":"https:\/\/api.w.org\/{rel}","templated":true}]}}