{"id":9830,"date":"2017-09-01T08:40:05","date_gmt":"2017-09-01T08:40:05","guid":{"rendered":"http:\/\/smaria.salou.arqtgn.cat\/caritas-presente-en-la-fira-medieval-de-salou\/"},"modified":"2017-09-01T08:40:05","modified_gmt":"2017-09-01T08:40:05","slug":"caritas-presente-en-la-fira-medieval-de-salou","status":"publish","type":"post","link":"https:\/\/smaria.salou.arqtgn.cat\/es\/caritas-presente-en-la-fira-medieval-de-salou\/","title":{"rendered":"C\u00e0ritas presente en la Fira Medieval de Salou"},"content":{"rendered":"<p><a href=\"http:\/\/salou2.wp.arqtgn.cat\/wp-content\/uploads\/sites\/10\/2017\/09\/170831_Car_Fir_Med_01.jpg\"><img loading=\"lazy\" decoding=\"async\" class=\"aligncenter size-full wp-image-6436\" src=\"http:\/\/salou2.wp.arqtgn.cat\/wp-content\/uploads\/sites\/10\/2017\/09\/170831_Car_Fir_Med_01.jpg\" alt=\"\" width=\"800\" height=\"600\" srcset=\"https:\/\/smaria.salou.arqtgn.cat\/wp-content\/uploads\/sites\/10\/2017\/09\/170831_Car_Fir_Med_01.jpg 800w, https:\/\/smaria.salou.arqtgn.cat\/wp-content\/uploads\/sites\/10\/2017\/09\/170831_Car_Fir_Med_01-300x225.jpg 300w, https:\/\/smaria.salou.arqtgn.cat\/wp-content\/uploads\/sites\/10\/2017\/09\/170831_Car_Fir_Med_01-768x576.jpg 768w\" sizes=\"auto, (max-width: 800px) 100vw, 800px\" \/><\/a> Como cada a\u00f1o, C\u00e1ritas interparroquial de Salou participa en la feria medieval que se hace en el marco de la tradicional Fiesta de Jaume I cada a\u00f1o por estas fechas.<\/p>\n<p>El ayuntamiento nos cede gratuitamente un espacio para poder poner nuestra parada, como si fu\u00e9ramos un feria m\u00e1s, donde podemos ofrecer productos de todas clases, la venta de los cuales, sirven para ayudar y financiar los proyectos que tenemos en marcha.<\/p>\n<p>Son cuatro d\u00edas de feria y muchas horas de presencia que se cubren por voluntarios de C\u00e1ritas a los que agradecemos, no s\u00f3lo su disposici\u00f3n y tiempo, sino tambi\u00e9n su ilusi\u00f3n y la alegr\u00eda. Adelante!, os deseamos unos buenos d\u00edas de feria.<\/p>\n<p><a href=\"http:\/\/salou2.wp.arqtgn.cat\/wp-content\/uploads\/sites\/10\/2017\/09\/170831_Car_Fir_Med_02.jpg\"><img loading=\"lazy\" decoding=\"async\" class=\"aligncenter size-full wp-image-6437\" src=\"http:\/\/salou2.wp.arqtgn.cat\/wp-content\/uploads\/sites\/10\/2017\/09\/170831_Car_Fir_Med_02.jpg\" alt=\"\" width=\"800\" height=\"448\" srcset=\"https:\/\/smaria.salou.arqtgn.cat\/wp-content\/uploads\/sites\/10\/2017\/09\/170831_Car_Fir_Med_02.jpg 800w, https:\/\/smaria.salou.arqtgn.cat\/wp-content\/uploads\/sites\/10\/2017\/09\/170831_Car_Fir_Med_02-300x168.jpg 300w, https:\/\/smaria.salou.arqtgn.cat\/wp-content\/uploads\/sites\/10\/2017\/09\/170831_Car_Fir_Med_02-768x430.jpg 768w\" sizes=\"auto, (max-width: 800px) 100vw, 800px\" \/><\/a><\/p>\n","protected":false},"excerpt":{"rendered":"<p>Como cada a\u00f1o, C\u00e1ritas interparroquial de Salou participa en la feria medieval que se hace en el marco de la tradicional Fiesta de Jaume I cada a\u00f1o por estas fechas. El ayuntamiento nos cede gratuitamente un espacio para poder poner nuestra parada, como si fu\u00e9ramos un feria m\u00e1s, donde podemos ofrecer productos de todas clases, &hellip; <\/p>\n<p><a class=\"more-link btn\" href=\"https:\/\/smaria.salou.arqtgn.cat\/es\/caritas-presente-en-la-fira-medieval-de-salou\/\">Seguir leyendo<\/a><\/p>\n","protected":false},"author":11,"featured_media":0,"comment_status":"closed","ping_status":"closed","sticky":false,"template":"","format":"standard","meta":{"footnotes":""},"categories":[],"tags":[],"class_list":["post-9830","post","type-post","status-publish","format-standard","hentry","item-wrap"],"amp_enabled":true,"_links":{"self":[{"href":"https:\/\/smaria.salou.arqtgn.cat\/es\/wp-json\/wp\/v2\/posts\/9830","targetHints":{"allow":["GET"]}}],"collection":[{"href":"https:\/\/smaria.salou.arqtgn.cat\/es\/wp-json\/wp\/v2\/posts"}],"about":[{"href":"https:\/\/smaria.salou.arqtgn.cat\/es\/wp-json\/wp\/v2\/types\/post"}],"author":[{"embeddable":true,"href":"https:\/\/smaria.salou.arqtgn.cat\/es\/wp-json\/wp\/v2\/users\/11"}],"replies":[{"embeddable":true,"href":"https:\/\/smaria.salou.arqtgn.cat\/es\/wp-json\/wp\/v2\/comments?post=9830"}],"version-history":[{"count":0,"href":"https:\/\/smaria.salou.arqtgn.cat\/es\/wp-json\/wp\/v2\/posts\/9830\/revisions"}],"wp:attachment":[{"href":"https:\/\/smaria.salou.arqtgn.cat\/es\/wp-json\/wp\/v2\/media?parent=9830"}],"wp:term":[{"taxonomy":"category","embeddable":true,"href":"https:\/\/smaria.salou.arqtgn.cat\/es\/wp-json\/wp\/v2\/categories?post=9830"},{"taxonomy":"post_tag","embeddable":true,"href":"https:\/\/smaria.salou.arqtgn.cat\/es\/wp-json\/wp\/v2\/tags?post=9830"}],"curies":[{"name":"wp","href":"https:\/\/api.w.org\/{rel}","templated":true}]}}