{"id":9828,"date":"2017-08-30T22:51:16","date_gmt":"2017-08-30T22:51:16","guid":{"rendered":"http:\/\/smaria.salou.arqtgn.cat\/sacerdotes-de-tarragona-denuncian-la-agresividad-de-los-tertulianos-de-13tv\/"},"modified":"2017-08-30T22:51:16","modified_gmt":"2017-08-30T22:51:16","slug":"sacerdotes-de-tarragona-denuncian-la-agresividad-de-los-tertulianos-de-13tv","status":"publish","type":"post","link":"https:\/\/smaria.salou.arqtgn.cat\/es\/sacerdotes-de-tarragona-denuncian-la-agresividad-de-los-tertulianos-de-13tv\/","title":{"rendered":"Sacerdotes de Tarragona denuncian \u00abla agresividad de los tertulianos\u00bb de 13TV"},"content":{"rendered":"<p><strong>\u00abNo podemos callar m\u00e1s ante las opiniones que, noche tras noche, se expresan en las tertulias de 13tv\u00bb<\/strong>.<\/p>\n<p>As\u00ed justifican la carta abierta que 26 sacerdotes diocesanos de Tarragona han enviado esta semana al presidente de la Conferencia Episcopal Espa\u00f1ola, el cardenal Ricardo Bl\u00e1zquez. Los sacerdotes denuncian que desde la cadena de televisi\u00f3n propiedad de los obispos espa\u00f1oles \u00abse siguen fomentando los sentimientos contrarios al respeto, la tolerancia, el di\u00e1logo y la solidaridad\u00bb. Y, especialmente, lamentan que \u00aben estos \u00faltimos d\u00edas, tras los atentados en Catalu\u00f1a, la agresividad de los tertulianos y los responsables del programa, si cabe, se ha hecho a\u00fan mayor\u00bb.<\/p>\n<p>Pod\u00e9is leer el contenido de la carta a <a href=\"https:\/\/www.catalunyareligio.cat\/es\/13tv-sacerdotes-tarragona-agresividad\" target=\"_blank\" rel=\"noopener noreferrer\">catalunyareligio<\/a>. A continuaci\u00f3n el corte de la noticia a TAC12.<\/p>\n<p>&nbsp;<\/p>\n<p>[youtube https:\/\/youtu.be\/5wYKJO_EdKk]<\/p>\n","protected":false},"excerpt":{"rendered":"<p>\u00abNo podemos callar m\u00e1s ante las opiniones que, noche tras noche, se expresan en las tertulias de 13tv\u00bb. As\u00ed justifican la carta abierta que 26 sacerdotes diocesanos de Tarragona han enviado esta semana al presidente de la Conferencia Episcopal Espa\u00f1ola, el cardenal Ricardo Bl\u00e1zquez. Los sacerdotes denuncian que desde la cadena de televisi\u00f3n propiedad de &hellip; <\/p>\n<p><a class=\"more-link btn\" href=\"https:\/\/smaria.salou.arqtgn.cat\/es\/sacerdotes-de-tarragona-denuncian-la-agresividad-de-los-tertulianos-de-13tv\/\">Seguir leyendo<\/a><\/p>\n","protected":false},"author":11,"featured_media":0,"comment_status":"closed","ping_status":"closed","sticky":false,"template":"","format":"standard","meta":{"footnotes":""},"categories":[52],"tags":[],"class_list":["post-9828","post","type-post","status-publish","format-standard","hentry","category-para-reflexionar","item-wrap"],"amp_enabled":true,"_links":{"self":[{"href":"https:\/\/smaria.salou.arqtgn.cat\/es\/wp-json\/wp\/v2\/posts\/9828","targetHints":{"allow":["GET"]}}],"collection":[{"href":"https:\/\/smaria.salou.arqtgn.cat\/es\/wp-json\/wp\/v2\/posts"}],"about":[{"href":"https:\/\/smaria.salou.arqtgn.cat\/es\/wp-json\/wp\/v2\/types\/post"}],"author":[{"embeddable":true,"href":"https:\/\/smaria.salou.arqtgn.cat\/es\/wp-json\/wp\/v2\/users\/11"}],"replies":[{"embeddable":true,"href":"https:\/\/smaria.salou.arqtgn.cat\/es\/wp-json\/wp\/v2\/comments?post=9828"}],"version-history":[{"count":0,"href":"https:\/\/smaria.salou.arqtgn.cat\/es\/wp-json\/wp\/v2\/posts\/9828\/revisions"}],"wp:attachment":[{"href":"https:\/\/smaria.salou.arqtgn.cat\/es\/wp-json\/wp\/v2\/media?parent=9828"}],"wp:term":[{"taxonomy":"category","embeddable":true,"href":"https:\/\/smaria.salou.arqtgn.cat\/es\/wp-json\/wp\/v2\/categories?post=9828"},{"taxonomy":"post_tag","embeddable":true,"href":"https:\/\/smaria.salou.arqtgn.cat\/es\/wp-json\/wp\/v2\/tags?post=9828"}],"curies":[{"name":"wp","href":"https:\/\/api.w.org\/{rel}","templated":true}]}}