{"id":9824,"date":"2017-08-26T05:20:15","date_gmt":"2017-08-26T05:20:15","guid":{"rendered":"http:\/\/smaria.salou.arqtgn.cat\/domingo-xxi-tiempo-ordinario-a-2017\/"},"modified":"2017-08-26T05:20:15","modified_gmt":"2017-08-26T05:20:15","slug":"domingo-xxi-tiempo-ordinario-a-2017","status":"publish","type":"post","link":"https:\/\/smaria.salou.arqtgn.cat\/es\/domingo-xxi-tiempo-ordinario-a-2017\/","title":{"rendered":"Domingo XXI tiempo ordinario \/ A \/ 2017"},"content":{"rendered":"<table style=\"height: 211px;width: 508.5px\">\n<tbody>\n<tr style=\"height: 256px\">\n<td style=\"height: 256px;width: 319px\">\n<p><div style=\"width: 292px\" class=\"wp-caption aligncenter\"><a href=\"http:\/\/lecturesmissa.arqtgn.cat\" target=\"_blank\" rel=\"noopener noreferrer\"><img loading=\"lazy\" decoding=\"async\" src=\"http:\/\/saintelizabethchurch.org\/wp-content\/uploads\/2014\/11\/Lecturas_01e-640x375.jpg\" width=\"292\" height=\"171\" \/><\/a><p class=\"wp-caption-text\">La Paraula de D\u00e9u<\/p><\/div><\/td>\n<td style=\"height: 256px;width: 165.5px\">\n<p><div id=\"attachment_5183\" style=\"width: 138px\" class=\"wp-caption alignnone\"><a href=\"http:\/\/www.esglesiadetarragona.cat\/wp-content\/uploads\/2017\/07\/fpcastellano3520.pdf\" target=\"_blank\" rel=\"noopener noreferrer\"><img loading=\"lazy\" decoding=\"async\" aria-describedby=\"caption-attachment-5183\" class=\"wp-image-5183\" src=\"http:\/\/www.esglesiadetarragona.cat\/wp-content\/uploads\/2017\/07\/fpcastellano3520-3.jpg?sequence=3&amp;isAllowed=y?\" alt=\"\" width=\"138\" height=\"197\" \/><\/a><p id=\"caption-attachment-5183\" class=\"wp-caption-text\">Llegir el Full Dominical<\/p><\/div><\/td>\n<\/tr>\n<tr style=\"height: 18.2667px\">\n<td style=\"height: 18.2667px;width: 484.5px\" colspan=\"2\">[youtube https:\/\/youtu.be\/iSofZ7ShFvU?list=PL6VYXEmP-xjAh3r5pGX5unc1GGzx5rjaA]<\/p>\n<p>&nbsp;<\/td>\n<\/tr>\n<tr style=\"height: 18px\">\n<td style=\"height: 18px;width: 484.5px\" colspan=\"2\">\n<h3><strong><span style=\"color: #ff6600\">Lectura espiritual<br \/>\n<\/span><\/strong><\/h3>\n<p style=\"text-align: justify\"><strong>\u00bfCon qu\u00e9 se salar\u00e1?<\/strong><\/p>\n<p style=\"text-align: justify\">Vosotros sois la sal de la tierra. Si la sal se desvit\u00faa, \u00bfcon qu\u00e9 se salar\u00e1? (Mt 5,13)<\/p>\n<p style=\"text-align: justify\">Vosotros, los disc\u00edpulos, ten\u00e9is la misi\u00f3n de preservar lo que alimenta la vida sobre la tierra, las cosas que merecen la pena que duren. \u00abVale lo que dura y dura lo que vale\u201d.<\/p>\n<p style=\"text-align: justify\">Entonces el evangelio que llevamos penetra en las cosas como la sal, como un instinto de vida, que se opone a su degradaci\u00f3n y la hace durar. Pero el acento de las palabras de Jes\u00fas recae sobre el sabor.<\/p>\n<p style=\"text-align: justify\">\u201cPero si la sal se desvirt\u00faa\u2026\u201d. Una frase dura, severa, que nos hace pensar. Todos nosotros podemos perder el evangelio y no servir para nada.<\/p>\n<p style=\"text-align: justify\">Y sucede cuando nos apegamos al aparato, a la apariencia, a lo superfluo, a lo que es secundario, residuo cultural, y olvidamos la sal y nos empe\u00f1amos en venerar la ceniza en lugar de conservar el fuego (Gustav Mahler).<\/p>\n<p style=\"text-align: justify\">Jes\u00fas duplica la met\u00e1fora de la sal con la de la luz, como se suele hacer a menudo juntando dos sentidos distintos: el gusto y la vista.<\/p>\n<p style=\"text-align: justify\">La sal no tiene sabor, nadie come sal; es importante porque al diluirse enriquece el sabor de la comida. La luz no se ilumina a s\u00ed misma, no luce para s\u00ed, sino para iluminar las cosas y los rostros. La l\u00e1mpara no se pone en el candelero para ser admirada, sino para dar luz a los de casa. La humildad de la sal y de la luz que no atraen la atenci\u00f3n sobre s\u00ed mismas, no se ponen en el centro, sino que dan valor a lo que encuentran.<\/p>\n<p style=\"text-align: justify\">Lo mismo ha de ser la humildad de la Iglesia o de los disc\u00edpulos del Se\u00f1or: no deben dirigir la atenci\u00f3n sobre s\u00ed mismos, sino sobre el pan y sobre la casa com\u00fan, sobre el inmenso campamento de los hombres y mujeres y su hambre de pan y de sentido.<\/p>\n<p style=\"text-align: justify\">Hay un movimiento descendente, como un perderse de la luz sobre las cosas y de la sal dentro de ella, de la levadura en la masa. Movimiento de encarnaci\u00f3n que contin\u00faa.<\/p>\n<p style=\"text-align: justify\">Tambi\u00e9n nosotros deber\u00edamos tener miradas luminosas, que cuando se fijan en las personas hacen emerger todo lo m\u00e1s bello que hay en el hombre y en la mujer: la belleza de los corazones, de las relaciones, de la justicia, del amor: gaudium et spes. Como un prejuicio positivo sobre la vida de todas las criaturas o una confianza anticipada sobre todas las cosas. La luz, y nosotros guardianes de la belleza.<\/p>\n<p style=\"text-align: justify\">Observo la sal. Su finalidad es perderse para hacer mejores las cosas. Se da y desaparece. Iglesia que se disuelve y enciende, se da y disfruta con ello.<\/p>\n<p style=\"text-align: justify\">Si me encierro en mi yo, aun adornado de todas las virtudes, y no participo en la existencia de los dem\u00e1s; si no soy sensible y no me abro a los dem\u00e1s, puedo no tener pecados, pero vivo en una situaci\u00f3n de pecado (Giovanni Vannucci).<\/p>\n<p style=\"text-align: justify\">La sal y la luz no tienen la finalidad de perpetuarse a s\u00ed mismas, sino de derramarse. No son su fin, sino un medio. Lo mismo ocurre con la Iglesia: no es un fin en s\u00ed misma, es un medio para hacer m\u00e1s buena y m\u00e1s bella la vida de las personas y dar sabor y belleza al mundo. Si nuestro anuncio de Cristo no anima la vida, no es Cristo a quien anunciamos.<\/p>\n<p style=\"text-align: right\">Ermes Ronchi, <em>Las preguntas escuetas del evangelio<\/em><\/p>\n<p>&nbsp;<\/td>\n<\/tr>\n<\/tbody>\n<\/table>\n<p>&nbsp;<\/p>\n","protected":false},"excerpt":{"rendered":"<p>[youtube https:\/\/youtu.be\/iSofZ7ShFvU?list=PL6VYXEmP-xjAh3r5pGX5unc1GGzx5rjaA] &nbsp; Lectura espiritual \u00bfCon qu\u00e9 se salar\u00e1? Vosotros sois la sal de la tierra. Si la sal se desvit\u00faa, \u00bfcon qu\u00e9 se salar\u00e1? (Mt 5,13) Vosotros, los disc\u00edpulos, ten\u00e9is la misi\u00f3n de preservar lo que alimenta la vida sobre la tierra, las cosas que merecen la pena que duren. \u00abVale lo que dura &hellip; <\/p>\n<p><a class=\"more-link btn\" href=\"https:\/\/smaria.salou.arqtgn.cat\/es\/domingo-xxi-tiempo-ordinario-a-2017\/\">Seguir leyendo<\/a><\/p>\n","protected":false},"author":11,"featured_media":0,"comment_status":"closed","ping_status":"closed","sticky":false,"template":"","format":"standard","meta":{"footnotes":""},"categories":[52,49],"tags":[],"class_list":["post-9824","post","type-post","status-publish","format-standard","hentry","category-para-reflexionar","category-preparando-el-domingo","item-wrap"],"amp_enabled":true,"_links":{"self":[{"href":"https:\/\/smaria.salou.arqtgn.cat\/es\/wp-json\/wp\/v2\/posts\/9824","targetHints":{"allow":["GET"]}}],"collection":[{"href":"https:\/\/smaria.salou.arqtgn.cat\/es\/wp-json\/wp\/v2\/posts"}],"about":[{"href":"https:\/\/smaria.salou.arqtgn.cat\/es\/wp-json\/wp\/v2\/types\/post"}],"author":[{"embeddable":true,"href":"https:\/\/smaria.salou.arqtgn.cat\/es\/wp-json\/wp\/v2\/users\/11"}],"replies":[{"embeddable":true,"href":"https:\/\/smaria.salou.arqtgn.cat\/es\/wp-json\/wp\/v2\/comments?post=9824"}],"version-history":[{"count":0,"href":"https:\/\/smaria.salou.arqtgn.cat\/es\/wp-json\/wp\/v2\/posts\/9824\/revisions"}],"wp:attachment":[{"href":"https:\/\/smaria.salou.arqtgn.cat\/es\/wp-json\/wp\/v2\/media?parent=9824"}],"wp:term":[{"taxonomy":"category","embeddable":true,"href":"https:\/\/smaria.salou.arqtgn.cat\/es\/wp-json\/wp\/v2\/categories?post=9824"},{"taxonomy":"post_tag","embeddable":true,"href":"https:\/\/smaria.salou.arqtgn.cat\/es\/wp-json\/wp\/v2\/tags?post=9824"}],"curies":[{"name":"wp","href":"https:\/\/api.w.org\/{rel}","templated":true}]}}