{"id":9817,"date":"2017-08-18T21:49:56","date_gmt":"2017-08-18T21:49:56","guid":{"rendered":"http:\/\/smaria.salou.arqtgn.cat\/domingo-xx-tiempo-ordinario-a-2017\/"},"modified":"2017-08-18T21:49:56","modified_gmt":"2017-08-18T21:49:56","slug":"domingo-xx-tiempo-ordinario-a-2017","status":"publish","type":"post","link":"https:\/\/smaria.salou.arqtgn.cat\/es\/domingo-xx-tiempo-ordinario-a-2017\/","title":{"rendered":"Domingo XX tiempo ordinario \/ A \/ 2017"},"content":{"rendered":"<table style=\"height: 211px;width: 508.5px\">\n<tbody>\n<tr style=\"height: 256px\">\n<td style=\"height: 256px;width: 319px\">\n<p><div style=\"width: 292px\" class=\"wp-caption aligncenter\"><a href=\"http:\/\/lecturesmissa.arqtgn.cat\" target=\"_blank\" rel=\"noopener noreferrer\"><img loading=\"lazy\" decoding=\"async\" src=\"http:\/\/saintelizabethchurch.org\/wp-content\/uploads\/2014\/11\/Lecturas_01e-640x375.jpg\" width=\"292\" height=\"171\" \/><\/a><p class=\"wp-caption-text\">La Paraula de D\u00e9u<\/p><\/div><\/td>\n<td style=\"height: 256px;width: 165.5px\">\n<p><div id=\"attachment_5183\" style=\"width: 138px\" class=\"wp-caption alignnone\"><a href=\"http:\/\/www.esglesiadetarragona.cat\/wp-content\/uploads\/2017\/07\/fpcastellano3519.pdf\" target=\"_blank\" rel=\"noopener noreferrer\"><img loading=\"lazy\" decoding=\"async\" aria-describedby=\"caption-attachment-5183\" class=\"wp-image-5183\" src=\"http:\/\/www.esglesiadetarragona.cat\/wp-content\/uploads\/2017\/07\/fpcastellano3519-2.jpg?sequence=3&amp;isAllowed=y?\" alt=\"\" width=\"138\" height=\"197\" \/><\/a><p id=\"caption-attachment-5183\" class=\"wp-caption-text\">Llegir el Full Dominical<\/p><\/div><\/td>\n<\/tr>\n<tr style=\"height: 18.2667px\">\n<td style=\"height: 18.2667px;width: 484.5px\" colspan=\"2\">[youtube https:\/\/youtu.be\/InZCD93c9OM]<\/p>\n<p>&nbsp;<\/td>\n<\/tr>\n<tr style=\"height: 18px\">\n<td style=\"height: 18px;width: 484.5px\" colspan=\"2\">\n<h3><strong><span style=\"color: #ff6600\">Lectura espiritual<br \/>\n<\/span><\/strong><\/h3>\n<p><strong>\u201c\u00bfPor qu\u00e9 sois tan miedosos? \u00bfPor qu\u00e9 no ten\u00e9is fe?\u201d (Mc 4,35-41)\u00a0<\/strong><\/p>\n<p>A los disc\u00edpulos les encanta el silencio repentino del viento y la bonanza de las olas. Pero Jes\u00fas los sacude: \u00bfd\u00f3nde est\u00e1 vuestra fe? \u00bfD\u00f3nde est\u00e1? \u00bfEn los signos de la omnipotencia? \u00bfEn un Dios que se muestra capaz de dominar las leyes de la naturaleza? \u00bfEn el Dios omnipotente o en el Dios omniamante?<\/p>\n<p>Es demasiado f\u00e1cil creer ante el milagro que nos salva. \u201cNo, creer en Pascua no es fe aut\u00e9ntica: \/ \u00a1eres demasiado bello en Pascua! \/ Fe verdadera \/ es viernes santo\u201d (David Mar\u00eda Turoldo).<\/p>\n<p>El t\u00e9rmino \u201comnipotente\u201d repetido de modo insistente en la liturgia no aparece nunca en el evangelio y jam\u00e1s en la boca de Jes\u00fas como atributo de Dios.<\/p>\n<p>Jes\u00fas no es el relato de la omnipotencia sino de la ternura de Dios, de su combativa ternura. Dios es amor; no lo puede todo, solo puede lo que puede el amor.<\/p>\n<p>El suyo no es el poder del cirujano que interviene y extirpa el mal, el poder de un ej\u00e9rcito que destruye a los enemigos o de un volc\u00e1n que cambia la geograf\u00eda de una isla\u2026 Es el poder de una semilla, de un amante, de una madre junto al hijo enfermo, que no lo puede curar, pero est\u00e1 a su lado, y no se va; est\u00e1 all\u00ed, coraz\u00f3n con coraz\u00f3n, la fuerza, la seguridad y la presencia que no abandona.<\/p>\n<p>Dios no es un \u201cOmnipotente que ama\u201d o el rey del poder absoluto que se digna amar: es un \u201cAmor omnipotente\u201d, que puede amar a sus criaturas hasta el extremo, hasta el fondo, sin l\u00edmites, como nadie (cf Jn 15,13).El ama primero, ama perdiendo, ama sin esperar nada a cambio. Un Dios que solo puede lo que puede el amor.<\/p>\n<p>No es un Dios omni-potente, seg\u00fan el lenguaje pol\u00edtico o nuestros mitos humanos, que aniquila a los enemigos (en efecto, las tinieblas contin\u00faan y el mal sigue junto al bien\u2026) sino un Dios omni-amante, que puede solo lo que puede el amor.<\/p>\n<p>Don Cesare Sommariva dej\u00f3 estas simples y grandes reglas: \u201cno tener miedo, no dar miedo, librar del miedo\u2026\u201d; una misi\u00f3n eclesial, una pedagog\u00eda que deber\u00edamos hacer nuestra, para toda la Iglesia.<\/p>\n<p>No tener miedo. A menudo nosotros [tenemos diferentes caras], m\u00e1scaras que nos dicen a nosotros mismos que no somos libres. Y no somos libres porque tenemos miedo. En primer lugar, miedo de los prejuicios, y vivimos como al margen, de reflejo, del eco de lo que los dem\u00e1s dicen de nosotros.<\/p>\n<p>Una brev\u00edsima par\u00e1bola: nosotros vamos por la vida como dos perritos sujetos por una correa. Uno es el miedo y el otro es la fe. El perro al que das de comer demasiado se hace cada vez m\u00e1s grande y fuerte, tirando cada vez m\u00e1s de ti. El otro cachorrillo se queda peque\u00f1o. Si fomento el miedo, si le hago caso, si le presto atenci\u00f3n, si le doy la raz\u00f3n y lo alimento, seguir\u00e1 creciendo. En cambio, si cultivo y protejo, alimento y cuido la fe y la esperanza, estas se har\u00e1n cada vez m\u00e1s grandes.<\/p>\n<p>No dar miedo. Durante mucho tiempo la Iglesia ha transmitido una fe amasada de miedo, que giraba en torno al paradigma culpa\/castigo, en lugar del paradigma florecimiento y plenitud.<\/p>\n<p>El miedo naci\u00f3 en Ad\u00e1n porque no supo ni siquiera imaginar la misericordia, y su fruto, que es la alegr\u00eda: del cielo, del pastor, del padre bueno, de la mujer que encuentra la moneda. El miedo, por el contario, produce un cristianismo triste, un Dios sin alegr\u00eda.<\/p>\n<p>Librar del miedo. Significa trabajar activamente para eliminar este envoltorio de miedo depositado en el coraz\u00f3n de tantas personas, el miedo del otro, y pasar de la hostilidad a la hospitalidad.<\/p>\n<p style=\"text-align: right\">Ermes Ronchi, <em>Las preguntas escuetas del evangelio<\/em><\/p>\n<p>&nbsp;<\/td>\n<\/tr>\n<\/tbody>\n<\/table>\n","protected":false},"excerpt":{"rendered":"<p>[youtube https:\/\/youtu.be\/InZCD93c9OM] &nbsp; Lectura espiritual \u201c\u00bfPor qu\u00e9 sois tan miedosos? \u00bfPor qu\u00e9 no ten\u00e9is fe?\u201d (Mc 4,35-41)\u00a0 A los disc\u00edpulos les encanta el silencio repentino del viento y la bonanza de las olas. Pero Jes\u00fas los sacude: \u00bfd\u00f3nde est\u00e1 vuestra fe? \u00bfD\u00f3nde est\u00e1? \u00bfEn los signos de la omnipotencia? \u00bfEn un Dios que se muestra &hellip; <\/p>\n<p><a class=\"more-link btn\" href=\"https:\/\/smaria.salou.arqtgn.cat\/es\/domingo-xx-tiempo-ordinario-a-2017\/\">Seguir leyendo<\/a><\/p>\n","protected":false},"author":11,"featured_media":0,"comment_status":"closed","ping_status":"closed","sticky":false,"template":"","format":"standard","meta":{"footnotes":""},"categories":[52,49],"tags":[],"class_list":["post-9817","post","type-post","status-publish","format-standard","hentry","category-para-reflexionar","category-preparando-el-domingo","item-wrap"],"amp_enabled":true,"_links":{"self":[{"href":"https:\/\/smaria.salou.arqtgn.cat\/es\/wp-json\/wp\/v2\/posts\/9817","targetHints":{"allow":["GET"]}}],"collection":[{"href":"https:\/\/smaria.salou.arqtgn.cat\/es\/wp-json\/wp\/v2\/posts"}],"about":[{"href":"https:\/\/smaria.salou.arqtgn.cat\/es\/wp-json\/wp\/v2\/types\/post"}],"author":[{"embeddable":true,"href":"https:\/\/smaria.salou.arqtgn.cat\/es\/wp-json\/wp\/v2\/users\/11"}],"replies":[{"embeddable":true,"href":"https:\/\/smaria.salou.arqtgn.cat\/es\/wp-json\/wp\/v2\/comments?post=9817"}],"version-history":[{"count":0,"href":"https:\/\/smaria.salou.arqtgn.cat\/es\/wp-json\/wp\/v2\/posts\/9817\/revisions"}],"wp:attachment":[{"href":"https:\/\/smaria.salou.arqtgn.cat\/es\/wp-json\/wp\/v2\/media?parent=9817"}],"wp:term":[{"taxonomy":"category","embeddable":true,"href":"https:\/\/smaria.salou.arqtgn.cat\/es\/wp-json\/wp\/v2\/categories?post=9817"},{"taxonomy":"post_tag","embeddable":true,"href":"https:\/\/smaria.salou.arqtgn.cat\/es\/wp-json\/wp\/v2\/tags?post=9817"}],"curies":[{"name":"wp","href":"https:\/\/api.w.org\/{rel}","templated":true}]}}