{"id":9807,"date":"2017-08-18T11:39:18","date_gmt":"2017-08-18T11:39:18","guid":{"rendered":"http:\/\/smaria.salou.arqtgn.cat\/la-fiesta-de-nuestra-virgen\/"},"modified":"2017-08-18T11:39:18","modified_gmt":"2017-08-18T11:39:18","slug":"la-fiesta-de-nuestra-virgen","status":"publish","type":"post","link":"https:\/\/smaria.salou.arqtgn.cat\/es\/la-fiesta-de-nuestra-virgen\/","title":{"rendered":"La fiesta de nuestra V\u00edrgen"},"content":{"rendered":"<p><a href=\"http:\/\/salou2.wp.arqtgn.cat\/wp-content\/uploads\/sites\/10\/2017\/08\/MD_17_01.jpeg\"><img loading=\"lazy\" decoding=\"async\" class=\"wp-image-6373 alignleft\" src=\"http:\/\/salou2.wp.arqtgn.cat\/wp-content\/uploads\/sites\/10\/2017\/08\/MD_17_01.jpeg\" alt=\"\" width=\"334\" height=\"445\" srcset=\"https:\/\/smaria.salou.arqtgn.cat\/wp-content\/uploads\/sites\/10\/2017\/08\/MD_17_01.jpeg 1200w, https:\/\/smaria.salou.arqtgn.cat\/wp-content\/uploads\/sites\/10\/2017\/08\/MD_17_01-225x300.jpeg 225w, https:\/\/smaria.salou.arqtgn.cat\/wp-content\/uploads\/sites\/10\/2017\/08\/MD_17_01-768x1024.jpeg 768w\" sizes=\"auto, (max-width: 334px) 100vw, 334px\" \/><\/a>Un a\u00f1o m\u00e1s la iglesia de Santa Maria del Mar ha abierto la sus puertas de par en par a saluences, en la festividad de la Asunci\u00f3n de Mar\u00eda al cielo, a fin de poder celebrar y venerar a la patrona de la ciudad y de la gente de Salou, Santa Maria del Mar.<\/p>\n<p>La Misa solemne en honor de Santa Maria se inicia un poco pasadas las 8 de la tarde con un templo a rebosar. Fue presidida por el rector, Mn. Santi, concelebrando Mn. Josep M., vicario, y Mn. Joan Anton Ced\u00f3, vinculado a Salou desde hace muchos a\u00f1os. Los cantos fueron acompa\u00f1antes por una coral formada con miembros de las 3 corales que hay Salou.<\/p>\n<p>Una vez finalizada la misa, los pescadores \u00abprendieron\u00bb la imagen de la virgen para comenzar la procesi\u00f3n, que se inici\u00f3 desde el interior de la iglesia, saliendo por la puerta de la Plaza de la Iglesia para seguir por calle Iglesia y Paseo Miramar, que la llev\u00f3 a embarcarse en un peque\u00f1o bote a remos para darle un breve paseo mar\u00edtimo. La procesi\u00f3n continu\u00f3 despu\u00e9s hasta el monumento a Jaime I, donde la Virgen \u00abpresenci\u00f3\u00bb los fuegos artificiales. A continuaci\u00f3n, la procesi\u00f3n se encamin\u00f3 de regreso a la iglesia donde la Virgen permanecer\u00e1 hasta el pr\u00f3ximo a\u00f1o. Damos gracias a Dios por todo lo vivido.<\/p>\n<hr \/>\n\n\t\t<style type=\"text\/css\">\n\t\t\t#gallery-1 {\n\t\t\t\tmargin: auto;\n\t\t\t}\n\t\t\t#gallery-1 .gallery-item {\n\t\t\t\tfloat: left;\n\t\t\t\tmargin-top: 10px;\n\t\t\t\ttext-align: center;\n\t\t\t\twidth: 50%;\n\t\t\t}\n\t\t\t#gallery-1 img {\n\t\t\t\tborder: 2px solid #cfcfcf;\n\t\t\t}\n\t\t\t#gallery-1 .gallery-caption {\n\t\t\t\tmargin-left: 0;\n\t\t\t}\n\t\t\t\/* see gallery_shortcode() in wp-includes\/media.php *\/\n\t\t<\/style>\n\t\t<div id='gallery-1' class='gallery galleryid-9807 gallery-columns-2 gallery-size-thumbnail'><dl class='gallery-item'>\n\t\t\t<dt class='gallery-icon landscape'>\n\t\t\t\t<a href='https:\/\/smaria.salou.arqtgn.cat\/wp-content\/uploads\/sites\/10\/2017\/08\/MD_17_02.jpeg'><img loading=\"lazy\" decoding=\"async\" width=\"150\" height=\"150\" src=\"https:\/\/smaria.salou.arqtgn.cat\/wp-content\/uploads\/sites\/10\/2017\/08\/MD_17_02-150x150.jpeg\" class=\"attachment-thumbnail size-thumbnail\" alt=\"\" \/><\/a>\n\t\t\t<\/dt><\/dl><dl class='gallery-item'>\n\t\t\t<dt class='gallery-icon landscape'>\n\t\t\t\t<a href='https:\/\/smaria.salou.arqtgn.cat\/wp-content\/uploads\/sites\/10\/2017\/08\/MD_17_04.jpeg'><img loading=\"lazy\" decoding=\"async\" width=\"150\" height=\"150\" src=\"https:\/\/smaria.salou.arqtgn.cat\/wp-content\/uploads\/sites\/10\/2017\/08\/MD_17_04-150x150.jpeg\" class=\"attachment-thumbnail size-thumbnail\" alt=\"\" \/><\/a>\n\t\t\t<\/dt><\/dl><br style=\"clear: both\" \/><dl class='gallery-item'>\n\t\t\t<dt class='gallery-icon landscape'>\n\t\t\t\t<a href='https:\/\/smaria.salou.arqtgn.cat\/wp-content\/uploads\/sites\/10\/2017\/08\/MD_17_03.jpeg'><img loading=\"lazy\" decoding=\"async\" width=\"150\" height=\"150\" src=\"https:\/\/smaria.salou.arqtgn.cat\/wp-content\/uploads\/sites\/10\/2017\/08\/MD_17_03-150x150.jpeg\" class=\"attachment-thumbnail size-thumbnail\" alt=\"\" \/><\/a>\n\t\t\t<\/dt><\/dl><dl class='gallery-item'>\n\t\t\t<dt class='gallery-icon portrait'>\n\t\t\t\t<a href='https:\/\/smaria.salou.arqtgn.cat\/wp-content\/uploads\/sites\/10\/2017\/08\/MD_17_05.jpeg'><img loading=\"lazy\" decoding=\"async\" width=\"150\" height=\"150\" src=\"https:\/\/smaria.salou.arqtgn.cat\/wp-content\/uploads\/sites\/10\/2017\/08\/MD_17_05-150x150.jpeg\" class=\"attachment-thumbnail size-thumbnail\" alt=\"\" \/><\/a>\n\t\t\t<\/dt><\/dl><br style=\"clear: both\" \/><dl class='gallery-item'>\n\t\t\t<dt class='gallery-icon landscape'>\n\t\t\t\t<a href='https:\/\/smaria.salou.arqtgn.cat\/wp-content\/uploads\/sites\/10\/2017\/08\/MD_17_06.jpeg'><img loading=\"lazy\" decoding=\"async\" width=\"150\" height=\"150\" src=\"https:\/\/smaria.salou.arqtgn.cat\/wp-content\/uploads\/sites\/10\/2017\/08\/MD_17_06-150x150.jpeg\" class=\"attachment-thumbnail size-thumbnail\" alt=\"\" \/><\/a>\n\t\t\t<\/dt><\/dl><dl class='gallery-item'>\n\t\t\t<dt class='gallery-icon portrait'>\n\t\t\t\t<a href='https:\/\/smaria.salou.arqtgn.cat\/wp-content\/uploads\/sites\/10\/2017\/08\/MD_17_08.jpeg'><img loading=\"lazy\" decoding=\"async\" width=\"150\" height=\"150\" src=\"https:\/\/smaria.salou.arqtgn.cat\/wp-content\/uploads\/sites\/10\/2017\/08\/MD_17_08-150x150.jpeg\" class=\"attachment-thumbnail size-thumbnail\" alt=\"\" \/><\/a>\n\t\t\t<\/dt><\/dl><br style=\"clear: both\" \/><dl class='gallery-item'>\n\t\t\t<dt class='gallery-icon landscape'>\n\t\t\t\t<a href='https:\/\/smaria.salou.arqtgn.cat\/wp-content\/uploads\/sites\/10\/2017\/08\/MD_17_07.jpg'><img loading=\"lazy\" decoding=\"async\" width=\"150\" height=\"150\" src=\"https:\/\/smaria.salou.arqtgn.cat\/wp-content\/uploads\/sites\/10\/2017\/08\/MD_17_07-150x150.jpg\" class=\"attachment-thumbnail size-thumbnail\" alt=\"\" \/><\/a>\n\t\t\t<\/dt><\/dl>\n\t\t\t<br style='clear: both' \/>\n\t\t<\/div>\n\n<p>&nbsp;<\/p>\n<p>&nbsp;<\/p>\n","protected":false},"excerpt":{"rendered":"<p>Un a\u00f1o m\u00e1s la iglesia de Santa Maria del Mar ha abierto la sus puertas de par en par a saluences, en la festividad de la Asunci\u00f3n de Mar\u00eda al cielo, a fin de poder celebrar y venerar a la patrona de la ciudad y de la gente de Salou, Santa Maria del Mar. La &hellip; <\/p>\n<p><a class=\"more-link btn\" href=\"https:\/\/smaria.salou.arqtgn.cat\/es\/la-fiesta-de-nuestra-virgen\/\">Seguir leyendo<\/a><\/p>\n","protected":false},"author":11,"featured_media":0,"comment_status":"closed","ping_status":"closed","sticky":false,"template":"","format":"standard","meta":{"footnotes":""},"categories":[],"tags":[],"class_list":["post-9807","post","type-post","status-publish","format-standard","hentry","item-wrap"],"amp_enabled":true,"_links":{"self":[{"href":"https:\/\/smaria.salou.arqtgn.cat\/es\/wp-json\/wp\/v2\/posts\/9807","targetHints":{"allow":["GET"]}}],"collection":[{"href":"https:\/\/smaria.salou.arqtgn.cat\/es\/wp-json\/wp\/v2\/posts"}],"about":[{"href":"https:\/\/smaria.salou.arqtgn.cat\/es\/wp-json\/wp\/v2\/types\/post"}],"author":[{"embeddable":true,"href":"https:\/\/smaria.salou.arqtgn.cat\/es\/wp-json\/wp\/v2\/users\/11"}],"replies":[{"embeddable":true,"href":"https:\/\/smaria.salou.arqtgn.cat\/es\/wp-json\/wp\/v2\/comments?post=9807"}],"version-history":[{"count":0,"href":"https:\/\/smaria.salou.arqtgn.cat\/es\/wp-json\/wp\/v2\/posts\/9807\/revisions"}],"wp:attachment":[{"href":"https:\/\/smaria.salou.arqtgn.cat\/es\/wp-json\/wp\/v2\/media?parent=9807"}],"wp:term":[{"taxonomy":"category","embeddable":true,"href":"https:\/\/smaria.salou.arqtgn.cat\/es\/wp-json\/wp\/v2\/categories?post=9807"},{"taxonomy":"post_tag","embeddable":true,"href":"https:\/\/smaria.salou.arqtgn.cat\/es\/wp-json\/wp\/v2\/tags?post=9807"}],"curies":[{"name":"wp","href":"https:\/\/api.w.org\/{rel}","templated":true}]}}