{"id":9805,"date":"2017-08-18T09:27:16","date_gmt":"2017-08-18T09:27:16","guid":{"rendered":"http:\/\/smaria.salou.arqtgn.cat\/comunicado-de-los-obispos-de-catalunya\/"},"modified":"2017-08-18T09:27:16","modified_gmt":"2017-08-18T09:27:16","slug":"comunicado-de-los-obispos-de-catalunya","status":"publish","type":"post","link":"https:\/\/smaria.salou.arqtgn.cat\/es\/comunicado-de-los-obispos-de-catalunya\/","title":{"rendered":"Comunicado de los obispos de Catalunya"},"content":{"rendered":"<p><strong><img loading=\"lazy\" decoding=\"async\" class=\"aligncenter size-full\" src=\"https:\/\/www.catalunyareligio.cat\/sites\/default\/files\/styles\/imatge3x3\/public\/dhdg65cxyaappx2.jpg?itok=_jH_ogKt\" width=\"968\" height=\"564\" \/><\/strong><\/p>\n<p><strong>La Secretar\u00eda de la Conferencia Episcopal Tarraconense, ante el terrible atentado ocurrido en Barcelona el 17 de agosto de 2017, manifiesta lo siguiente:<\/strong><\/p>\n<p>Los obispos de Catalu\u00f1a se sienten totalmente consternados por las v\u00edctimas mortales, as\u00ed como por las decenas de heridos, que ha causado el terrible atentado terrorista de este jueves d\u00eda 17 de agosto en la ciudad de Barcelona.<\/p>\n<p>Condenan la barbarie de este atentado, y el menosprecio que significa para la vida humana y su dignidad. Ninguna causa justifica la violencia ni la muerte de nadie.<\/p>\n<p>Los obispos encomiendan las v\u00edctimas mortales a la misericordia de Dios, y rezan intensamente por los heridos, por los familiares y amigos de todos los afectados, as\u00ed como por la archidi\u00f3cesis de Barcelona, y les acompa\u00f1an solidariamente en el dolor por esta tragedia que ha tenido lugar en una ciudad como Barcelona, siempre comprometida por la causa de la paz y de la justicia.<\/p>\n<p>Barcelona, 17 de agosto de 2017<\/p>\n","protected":false},"excerpt":{"rendered":"<p>La Secretar\u00eda de la Conferencia Episcopal Tarraconense, ante el terrible atentado ocurrido en Barcelona el 17 de agosto de 2017, manifiesta lo siguiente: Los obispos de Catalu\u00f1a se sienten totalmente consternados por las v\u00edctimas mortales, as\u00ed como por las decenas de heridos, que ha causado el terrible atentado terrorista de este jueves d\u00eda 17 de &hellip; <\/p>\n<p><a class=\"more-link btn\" href=\"https:\/\/smaria.salou.arqtgn.cat\/es\/comunicado-de-los-obispos-de-catalunya\/\">Seguir leyendo<\/a><\/p>\n","protected":false},"author":11,"featured_media":0,"comment_status":"closed","ping_status":"closed","sticky":false,"template":"","format":"standard","meta":{"footnotes":""},"categories":[],"tags":[],"class_list":["post-9805","post","type-post","status-publish","format-standard","hentry","item-wrap"],"amp_enabled":true,"_links":{"self":[{"href":"https:\/\/smaria.salou.arqtgn.cat\/es\/wp-json\/wp\/v2\/posts\/9805","targetHints":{"allow":["GET"]}}],"collection":[{"href":"https:\/\/smaria.salou.arqtgn.cat\/es\/wp-json\/wp\/v2\/posts"}],"about":[{"href":"https:\/\/smaria.salou.arqtgn.cat\/es\/wp-json\/wp\/v2\/types\/post"}],"author":[{"embeddable":true,"href":"https:\/\/smaria.salou.arqtgn.cat\/es\/wp-json\/wp\/v2\/users\/11"}],"replies":[{"embeddable":true,"href":"https:\/\/smaria.salou.arqtgn.cat\/es\/wp-json\/wp\/v2\/comments?post=9805"}],"version-history":[{"count":0,"href":"https:\/\/smaria.salou.arqtgn.cat\/es\/wp-json\/wp\/v2\/posts\/9805\/revisions"}],"wp:attachment":[{"href":"https:\/\/smaria.salou.arqtgn.cat\/es\/wp-json\/wp\/v2\/media?parent=9805"}],"wp:term":[{"taxonomy":"category","embeddable":true,"href":"https:\/\/smaria.salou.arqtgn.cat\/es\/wp-json\/wp\/v2\/categories?post=9805"},{"taxonomy":"post_tag","embeddable":true,"href":"https:\/\/smaria.salou.arqtgn.cat\/es\/wp-json\/wp\/v2\/tags?post=9805"}],"curies":[{"name":"wp","href":"https:\/\/api.w.org\/{rel}","templated":true}]}}