{"id":9803,"date":"2017-08-11T15:00:45","date_gmt":"2017-08-11T15:00:45","guid":{"rendered":"http:\/\/smaria.salou.arqtgn.cat\/domingo-xix-durant-lany-a-2017\/"},"modified":"2017-08-11T15:00:45","modified_gmt":"2017-08-11T15:00:45","slug":"domingo-xix-durant-lany-a-2017","status":"publish","type":"post","link":"https:\/\/smaria.salou.arqtgn.cat\/es\/domingo-xix-durant-lany-a-2017\/","title":{"rendered":"Domingo XIX durant l&#8217;any \/ A \/ 2017"},"content":{"rendered":"<table style=\"height: 211px;width: 508.5px\">\n<tbody>\n<tr style=\"height: 256px\">\n<td style=\"height: 256px;width: 319px\">\n<p><div style=\"width: 292px\" class=\"wp-caption aligncenter\"><a href=\"http:\/\/lecturesmissa.arqtgn.cat\" target=\"_blank\" rel=\"noopener noreferrer\"><img loading=\"lazy\" decoding=\"async\" src=\"http:\/\/saintelizabethchurch.org\/wp-content\/uploads\/2014\/11\/Lecturas_01e-640x375.jpg\" width=\"292\" height=\"171\" \/><\/a><p class=\"wp-caption-text\">La Paraula de D\u00e9u<\/p><\/div><\/td>\n<td style=\"height: 256px;width: 165.5px\">\n<p><div id=\"attachment_5183\" style=\"width: 138px\" class=\"wp-caption alignnone\"><a href=\"http:\/\/www.esglesiadetarragona.cat\/wp-content\/uploads\/2017\/07\/fpcastellano3518.pdf\" target=\"_blank\" rel=\"noopener noreferrer\"><img loading=\"lazy\" decoding=\"async\" aria-describedby=\"caption-attachment-5183\" class=\"wp-image-5183\" src=\"http:\/\/www.esglesiadetarragona.cat\/wp-content\/uploads\/2017\/07\/fpcastellano3518-2.jpg?sequence=3&amp;isAllowed=y?\" alt=\"\" width=\"138\" height=\"197\" \/><\/a><p id=\"caption-attachment-5183\" class=\"wp-caption-text\">Llegir el Full Dominical<\/p><\/div><\/td>\n<\/tr>\n<tr style=\"height: 18.2667px\">\n<td style=\"height: 18.2667px;width: 484.5px\" colspan=\"2\">[youtube https:\/\/youtu.be\/3g0mBVY8f8g]<\/p>\n<p>&nbsp;<\/td>\n<\/tr>\n<tr style=\"height: 18px\">\n<td style=\"height: 18px;width: 484.5px\" colspan=\"2\">\n<h3><strong><span style=\"color: #ff6600\">Lectura espiritual<br \/>\n<\/span><\/strong><\/h3>\n<p><strong>\u201c\u00bfPor qu\u00e9 sois tan miedosos? \u00bfPor qu\u00e9 no ten\u00e9is fe?\u201d (Mc 4,35-41)<\/strong><\/p>\n<p>Los ap\u00f3stoles, aquella tarde de miedos, le gritan a Jes\u00fas: \u201c\u00bfNo te importa que perezcamos?\u201d. \u00bfNo te importa la vida o la muerte de tus amigos? Palabras duras de l\u00e1grimas y miedo: nada de lo que dec\u00edas es verdad, \u00a1nosotros no te interesamos!<\/p>\n<p>Jes\u00fas responde una respuesta sin palabras, pero que tiene la fuerza de los gestos: me importas t\u00fa, me importa tu vida, t\u00fa eres importante para m\u00ed [\u2026] T\u00fa me importas hasta el punto de que te he contado todos los cabellos de la cabeza y todo el miedo que sientes en el coraz\u00f3n (cf. Mt 10,29-31).<\/p>\n<p>Dios no hace otra cosa en la eternidad que considerar a cada persona m\u00e1s importante que a s\u00ed mismo. Yo soy esa persona. Y soy una persona agradecida.<\/p>\n<p>En esto me apoyo, en el Se\u00f1or que repite: me importas t\u00fa. A eso me aferro, como un ni\u00f1o que puede dormir durante la tempestad porque sabe que est\u00e1 en brazos de su madre, presente incluso en la oscuridad de la m\u00e1s horrenda tempestad. Dios no salva de la tempestad, sino en la tempestad.<\/p>\n<p>Yo quisiera que el Se\u00f1or gritara inmediatamente al hurac\u00e1n: \u00a1\u201dCalla!\u201d, e increpase al punto a las olas: \u00a1\u201dCalmaos!\u201d, y que en mi angustia repitiera: \u201c\u00a1Paz!\u201d. Quisiera verme libre de la lucha, quisiera tener siempre un cielo siempre sereno y luces claras que indicaran la ruta de mi barca [\u2026].<\/p>\n<p>Jes\u00fas nos ense\u00f1a que hay un solo modo para vencer el miedo, y es \u00a1la fe! No la religi\u00f3n sino la fe\u2026 \u201c\u00bfCu\u00e1ndo es religi\u00f3n y cu\u00e1ndo fe? La religi\u00f3n [la idolatr\u00eda] es cuando haces a Dios a tu medida; la fe es cuando te haces a ti mismo a la medida de Dios\u201d (David Maria Turoldo).<\/p>\n<p>La fe se manifiesta en tres pasos: tengo necesidad, me f\u00edo y conf\u00edo. Y cree que en el tiempo de la tempestad Dios no est\u00e1 en otra parte; est\u00e1 en el reflejo m\u00e1s profundo de las l\u00e1grimas, poniendo freno a tus miedos. Dios est\u00e1 presente, pero no como quisieras t\u00fa, sino como quiere \u00e9l.<\/p>\n<p>Est\u00e1 presente, pero a su modo: no act\u00faa en mi lugar, sino conmigo; no para l\u00edbrame de la tempestad, sino para darme fuerza en medio de la tempestad, apelando a la perseverancia, a la resistencia, a no bajar los brazos, a coger con las manos los remos y el balde para achicar el agua.<\/p>\n<p>\u201cEran perseverantes\u201d, dice Lucas describiendo a los ap\u00f3stoles despu\u00e9s de la Ascensi\u00f3n (He 1,14) [\u2026]. Tambi\u00e9n la primera comunidad cristiana de Jerusal\u00e9n es descrita con ese adjetivo [\u2026]: \u201cEran constantes en escuchar las ense\u00f1anzas de los ap\u00f3stoles, en la uni\u00f3n fraterna, en partir el pan y en las oraciones\u201d (He 2,42).<\/p>\n<p>La perseverancia no es clamorosa ni arranca aplausos; es la virtud fuerte que hace avanzar la barca de la comunidad.<\/p>\n<p>Cuando, como los doce, no te rindes, sino que sigues remando y luchando [\u2026], y haces todo lo que debes hacer, entonces lo encuentras en el coraz\u00f3n de la tempestad. Y sirve de freno y l\u00edmite a tus miedos.<\/p>\n<p>Fe desnuda es perseverar, incluso en la borrasca, en la seguridad de que Dios est\u00e1 en mi barca, que une su respiraci\u00f3n con la m\u00eda, su ruta a la m\u00eda. Quiz\u00e1 adormecido. Tal vez mudo. Pero si habla, es por amor; y si calla, es tambi\u00e9n por amor.<\/p>\n<p style=\"text-align: right\">Ermes Ronchi, <em>Las preguntas escuetas del evangelio<\/em><\/p>\n<p>&nbsp;<\/td>\n<\/tr>\n<\/tbody>\n<\/table>\n<p>&nbsp;<\/p>\n","protected":false},"excerpt":{"rendered":"<p>[youtube https:\/\/youtu.be\/3g0mBVY8f8g] &nbsp; Lectura espiritual \u201c\u00bfPor qu\u00e9 sois tan miedosos? \u00bfPor qu\u00e9 no ten\u00e9is fe?\u201d (Mc 4,35-41) Los ap\u00f3stoles, aquella tarde de miedos, le gritan a Jes\u00fas: \u201c\u00bfNo te importa que perezcamos?\u201d. \u00bfNo te importa la vida o la muerte de tus amigos? Palabras duras de l\u00e1grimas y miedo: nada de lo que dec\u00edas es &hellip; <\/p>\n<p><a class=\"more-link btn\" href=\"https:\/\/smaria.salou.arqtgn.cat\/es\/domingo-xix-durant-lany-a-2017\/\">Seguir leyendo<\/a><\/p>\n","protected":false},"author":11,"featured_media":0,"comment_status":"closed","ping_status":"closed","sticky":false,"template":"","format":"standard","meta":{"footnotes":""},"categories":[52,49],"tags":[],"class_list":["post-9803","post","type-post","status-publish","format-standard","hentry","category-para-reflexionar","category-preparando-el-domingo","item-wrap"],"amp_enabled":true,"_links":{"self":[{"href":"https:\/\/smaria.salou.arqtgn.cat\/es\/wp-json\/wp\/v2\/posts\/9803","targetHints":{"allow":["GET"]}}],"collection":[{"href":"https:\/\/smaria.salou.arqtgn.cat\/es\/wp-json\/wp\/v2\/posts"}],"about":[{"href":"https:\/\/smaria.salou.arqtgn.cat\/es\/wp-json\/wp\/v2\/types\/post"}],"author":[{"embeddable":true,"href":"https:\/\/smaria.salou.arqtgn.cat\/es\/wp-json\/wp\/v2\/users\/11"}],"replies":[{"embeddable":true,"href":"https:\/\/smaria.salou.arqtgn.cat\/es\/wp-json\/wp\/v2\/comments?post=9803"}],"version-history":[{"count":0,"href":"https:\/\/smaria.salou.arqtgn.cat\/es\/wp-json\/wp\/v2\/posts\/9803\/revisions"}],"wp:attachment":[{"href":"https:\/\/smaria.salou.arqtgn.cat\/es\/wp-json\/wp\/v2\/media?parent=9803"}],"wp:term":[{"taxonomy":"category","embeddable":true,"href":"https:\/\/smaria.salou.arqtgn.cat\/es\/wp-json\/wp\/v2\/categories?post=9803"},{"taxonomy":"post_tag","embeddable":true,"href":"https:\/\/smaria.salou.arqtgn.cat\/es\/wp-json\/wp\/v2\/tags?post=9803"}],"curies":[{"name":"wp","href":"https:\/\/api.w.org\/{rel}","templated":true}]}}