{"id":9795,"date":"2017-08-05T08:26:10","date_gmt":"2017-08-05T08:26:10","guid":{"rendered":"http:\/\/smaria.salou.arqtgn.cat\/los-artistas-el-video-del-papa-agosto-2017\/"},"modified":"2017-08-05T08:26:10","modified_gmt":"2017-08-05T08:26:10","slug":"los-artistas-el-video-del-papa-agosto-2017","status":"publish","type":"post","link":"https:\/\/smaria.salou.arqtgn.cat\/es\/los-artistas-el-video-del-papa-agosto-2017\/","title":{"rendered":"Los artistas. El video del Papa, agosto 2017"},"content":{"rendered":"<p>&nbsp;<\/p>\n<p>[youtube https:\/\/youtu.be\/gvoDn7PNxCo]<\/p>\n<p>\u201cLas artes expresan la belleza de la fe y proclaman el mensaje de la grandeza de la creaci\u00f3n de Dios\u00bb.<\/p>\n<p>Por eso, cuando admiramos una obra de arte o una maravilla de la naturaleza descubrimos c\u00f3mo cada cosa nos habla de \u00c9l y de su amor. El arte y la naturaleza expresan la belleza de la creaci\u00f3n y nos alegran el alma.<\/p>\n<p>Pidamos por los artistas de nuestro tiempo, para que, a trav\u00e9s de las obras de su creatividad, nos ayuden a descubrir la belleza de la creaci\u00f3n y nos sigan mostrando la grandeza de Dios.<\/p>\n<p>.Si quieres ver m\u00e1s videos sobre las intenciones del Papa los encontrar\u00e1s en <a class=\"yt-uix-servicelink \" href=\"http:\/\/www.elvideodelpapa.org\" target=\"_blank\" rel=\"nofollow noopener noreferrer\">http:\/\/www.elvideodelpapa.org<\/a><\/p>\n<p>&nbsp;<\/p>\n","protected":false},"excerpt":{"rendered":"<p>&nbsp; [youtube https:\/\/youtu.be\/gvoDn7PNxCo] \u201cLas artes expresan la belleza de la fe y proclaman el mensaje de la grandeza de la creaci\u00f3n de Dios\u00bb. Por eso, cuando admiramos una obra de arte o una maravilla de la naturaleza descubrimos c\u00f3mo cada cosa nos habla de \u00c9l y de su amor. El arte y la naturaleza expresan &hellip; <\/p>\n<p><a class=\"more-link btn\" href=\"https:\/\/smaria.salou.arqtgn.cat\/es\/los-artistas-el-video-del-papa-agosto-2017\/\">Seguir leyendo<\/a><\/p>\n","protected":false},"author":11,"featured_media":0,"comment_status":"closed","ping_status":"closed","sticky":false,"template":"","format":"standard","meta":{"footnotes":""},"categories":[52],"tags":[],"class_list":["post-9795","post","type-post","status-publish","format-standard","hentry","category-para-reflexionar","item-wrap"],"amp_enabled":true,"_links":{"self":[{"href":"https:\/\/smaria.salou.arqtgn.cat\/es\/wp-json\/wp\/v2\/posts\/9795","targetHints":{"allow":["GET"]}}],"collection":[{"href":"https:\/\/smaria.salou.arqtgn.cat\/es\/wp-json\/wp\/v2\/posts"}],"about":[{"href":"https:\/\/smaria.salou.arqtgn.cat\/es\/wp-json\/wp\/v2\/types\/post"}],"author":[{"embeddable":true,"href":"https:\/\/smaria.salou.arqtgn.cat\/es\/wp-json\/wp\/v2\/users\/11"}],"replies":[{"embeddable":true,"href":"https:\/\/smaria.salou.arqtgn.cat\/es\/wp-json\/wp\/v2\/comments?post=9795"}],"version-history":[{"count":0,"href":"https:\/\/smaria.salou.arqtgn.cat\/es\/wp-json\/wp\/v2\/posts\/9795\/revisions"}],"wp:attachment":[{"href":"https:\/\/smaria.salou.arqtgn.cat\/es\/wp-json\/wp\/v2\/media?parent=9795"}],"wp:term":[{"taxonomy":"category","embeddable":true,"href":"https:\/\/smaria.salou.arqtgn.cat\/es\/wp-json\/wp\/v2\/categories?post=9795"},{"taxonomy":"post_tag","embeddable":true,"href":"https:\/\/smaria.salou.arqtgn.cat\/es\/wp-json\/wp\/v2\/tags?post=9795"}],"curies":[{"name":"wp","href":"https:\/\/api.w.org\/{rel}","templated":true}]}}