{"id":9323,"date":"2016-08-03T05:35:54","date_gmt":"2016-08-03T05:35:54","guid":{"rendered":"http:\/\/smaria.salou.arqtgn.cat\/nuevo-exito-en-la-segunda-edicion-del-concierto-de-cristina-ruiz-i-heidrun-bergander\/"},"modified":"2016-08-03T05:35:54","modified_gmt":"2016-08-03T05:35:54","slug":"nuevo-exito-en-la-segunda-edicion-del-concierto-de-cristina-ruiz-i-heidrun-bergander","status":"publish","type":"post","link":"https:\/\/smaria.salou.arqtgn.cat\/es\/nuevo-exito-en-la-segunda-edicion-del-concierto-de-cristina-ruiz-i-heidrun-bergander\/","title":{"rendered":"Nuevo \u00e9xito en la segunda edici\u00f3n del concierto de Cristina Ruiz i Heidrun Bergander"},"content":{"rendered":"<p style=\"text-align: justify\"><a href=\"http:\/\/salou2.wp.arqtgn.cat\/wp-content\/uploads\/sites\/10\/2016\/08\/portada.jpg\"><img loading=\"lazy\" decoding=\"async\" class=\"aligncenter size-full wp-image-5005\" src=\"http:\/\/salou2.wp.arqtgn.cat\/wp-content\/uploads\/sites\/10\/2016\/08\/portada.jpg\" alt=\"portada\" width=\"800\" height=\"699\" srcset=\"https:\/\/smaria.salou.arqtgn.cat\/wp-content\/uploads\/sites\/10\/2016\/08\/portada.jpg 800w, https:\/\/smaria.salou.arqtgn.cat\/wp-content\/uploads\/sites\/10\/2016\/08\/portada-300x262.jpg 300w, https:\/\/smaria.salou.arqtgn.cat\/wp-content\/uploads\/sites\/10\/2016\/08\/portada-768x671.jpg 768w\" sizes=\"auto, (max-width: 800px) 100vw, 800px\" \/><\/a>Con una buena asistencia de p\u00fablico, que llen\u00f3 visiblemente la iglesia de Santa Mar\u00eda del Mar, el pasado 29 de julio tuvo lugar el concierto <a href=\"http:\/\/smaria.salou.arqtgn.cat\/de-nou-concert-amb-la-soprano-cristina-ruiz-y-la-pianista-heidrun-bergander\/\" target=\"_blank\" rel=\"noopener noreferrer\"><strong><em>Un solo mundo, mil m\u00fasicas<\/em><\/strong><\/a>, a cargo de la soprano <em>Cristina Ruiz<\/em> y la pianista <em>Heidrun Bergander.<\/em> Este concierto se enmarca en las actividades de verano de la parroquia teniendo tambi\u00e9n la finalidad de ben\u00e9fica para ayudar a sufragar los gastos de remodelaci\u00f3n de la parroquia.<\/p>\n<p style=\"text-align: justify\">Es el segundo concierto de este tipo que se lleva a cabo, el primero fue el <a href=\"http:\/\/smaria.salou.arqtgn.cat\/exit-del-concert-de-la-cristina-ruiz-i-la-heidrun-bergander\/\" target=\"_blank\" rel=\"noopener noreferrer\">a\u00f1o pasado<\/a>, con muy buena acogida y valoraci\u00f3n por parte de los asistentes. Este balance positivo de la edici\u00f3n del a\u00f1o pasado, ha hecho que tanto <em>Cristina<\/em> y <em>Heidrun,<\/em> por una parte, y la parroquia por otra, nos anim\u00e1ramos mutuamente para hacer una nueva edici\u00f3n. Y la verdad no nos arrepentimos, porque el \u00e9xito de la presente edici\u00f3n ha sido m\u00e1s, si cabe, que el a\u00f1o pasado, superando las expectativas con una mayor asistencia de personas. El entusiasmo y la profesionalidad de las dos artistas han estado al mismo nivel, insuperable, que ya demostraron el a\u00f1o pasado.<\/p>\n<p style=\"text-align: justify\"><a href=\"http:\/\/salou2.wp.arqtgn.cat\/wp-content\/uploads\/sites\/10\/2016\/08\/elles_2016.jpg\"><img loading=\"lazy\" decoding=\"async\" class=\"aligncenter size-full wp-image-5007\" src=\"http:\/\/salou2.wp.arqtgn.cat\/wp-content\/uploads\/sites\/10\/2016\/08\/elles_2016.jpg\" alt=\"elles_2016\" width=\"1024\" height=\"681\" srcset=\"https:\/\/smaria.salou.arqtgn.cat\/wp-content\/uploads\/sites\/10\/2016\/08\/elles_2016.jpg 1024w, https:\/\/smaria.salou.arqtgn.cat\/wp-content\/uploads\/sites\/10\/2016\/08\/elles_2016-300x200.jpg 300w, https:\/\/smaria.salou.arqtgn.cat\/wp-content\/uploads\/sites\/10\/2016\/08\/elles_2016-768x511.jpg 768w\" sizes=\"auto, (max-width: 1024px) 100vw, 1024px\" \/><\/a>El concierto sigui\u00f3 el <a href=\"http:\/\/smaria.salou.arqtgn.cat\/de-nou-concert-amb-la-soprano-cristina-ruiz-y-la-pianista-heidrun-bergander\/\" target=\"_blank\" rel=\"noopener noreferrer\">programa anunciado<\/a> y desde el primer momento, incluso antes de cantar, la <em>Cristina,<\/em> con una muy buena actitud de complicidad, ya se puso al p\u00fablico en el bolsillo predisponiendo a una escucha atenta, emocionante y vivida de las piezas que se interpretaban, ya que hac\u00eda una breve explicaci\u00f3n de cada bloque, que fue de maravilla para que el p\u00fablico pudiera disfrutar en mayor profundidad.<\/p>\n<p style=\"text-align: justify\">A su finalizaci\u00f3n, los padres de Cristina obsequiaron a las dos ambos ramos de flores y la parroquia tambi\u00e9n les hizo un peque\u00f1o recuerdo para su sano empe\u00f1o, tenacidad y calidad musical, que hizo posible la repetici\u00f3n de dos canciones en medio de constantes aplausos. Cristina emplaz\u00f3 con alegr\u00eda y simpat\u00eda al p\u00fablico asistente a la edici\u00f3n del a\u00f1o pr\u00f3ximo.<\/p>\n<p style=\"text-align: justify\">A continuaci\u00f3n os mostramos un breve reportaje gr\u00e1fico del concierto y como tambi\u00e9n una v\u00eddeo con la grabaci\u00f3n del mismo para que lo pod\u00e1is disfrutar si no pudisteis asistir o para recordarlo saboreandolo de nuevo.<\/p>\n<div style=\"width: 1198px\" class=\"wp-caption alignnone\"><a href=\"https:\/\/goo.gl\/photos\/ycesxEsXCQYZ2f8u8\" target=\"_blank\" rel=\"noopener noreferrer\"><img loading=\"lazy\" decoding=\"async\" src=\"https:\/\/lh3.googleusercontent.com\/0ZUtL1UpLn9FHh4WfZqzFs17h_uBrw03Cc7Jdm91GlQLKJWw9XxXDy6S1DqD0Qbz9Up3j3kBQJgEm9c9euxbhIdNk_1mWov6HjxFyz0pwApRMFYMcpQO_6K6YRL7wFvSkpLZ71zbC8UQRilCJrrnJzOGArroRsEcRaNrqtZpbH5NtuEMl0u7hOcnUOvfx3IXQiqeVfACPwazurhxJMV1RXRxT5HnytTjxvrRfekS5cWR5_U08rvaNCo_-K3nBQlo5ifVLBytgPtXuAhqwWgmhe4AW4Ec6e5LcQ2Q6RFLu6yB1wBeNFWPcULOLX8j720PdNsCZMc_Q2tS8kToOIsYPhjq3eNaHl9vqmp7fZNixrzOG3B_Fcua48a7SXoIByh0SG63BSfiQ-UgjmoeYHOBYoWHPpGX9yvvLpyYJHAHBBPEBX7v5Scm_wAJ-OWlPWL9Krj-tU5PpcaDknmMBh3e4rJlHgWK-D3doxt4igZ8hoxV2ll3hyCbKDLBmsvmN8vsRNNOLT3ZQJB7aJPfUbzTgmsqXRFYpTllcpSlDO8z9axObfr-vhh0N_UxkN8U57lQviSuiuAOuk3Y1bsNlK2Ky7UwVGWblZs=w1198-h847-no\" width=\"1198\" height=\"847\" \/><\/a><p class=\"wp-caption-text\">Clicar en la imagen para ver el reportaje gr\u00e1fico del concierto.<\/p><\/div>\n<p>&nbsp;<\/p>\n<p>[youtube https:\/\/youtu.be\/1jc9y38NJBg]<\/p>\n","protected":false},"excerpt":{"rendered":"<p>Con una buena asistencia de p\u00fablico, que llen\u00f3 visiblemente la iglesia de Santa Mar\u00eda del Mar, el pasado 29 de julio tuvo lugar el concierto Un solo mundo, mil m\u00fasicas, a cargo de la soprano Cristina Ruiz y la pianista Heidrun Bergander. Este concierto se enmarca en las actividades de verano de la parroquia teniendo &hellip; <\/p>\n<p><a class=\"more-link btn\" href=\"https:\/\/smaria.salou.arqtgn.cat\/es\/nuevo-exito-en-la-segunda-edicion-del-concierto-de-cristina-ruiz-i-heidrun-bergander\/\">Seguir leyendo<\/a><\/p>\n","protected":false},"author":11,"featured_media":0,"comment_status":"closed","ping_status":"closed","sticky":false,"template":"","format":"standard","meta":{"footnotes":""},"categories":[53],"tags":[],"class_list":["post-9323","post","type-post","status-publish","format-standard","hentry","category-proyecto-de-rehabilitacion","item-wrap"],"amp_enabled":true,"_links":{"self":[{"href":"https:\/\/smaria.salou.arqtgn.cat\/es\/wp-json\/wp\/v2\/posts\/9323","targetHints":{"allow":["GET"]}}],"collection":[{"href":"https:\/\/smaria.salou.arqtgn.cat\/es\/wp-json\/wp\/v2\/posts"}],"about":[{"href":"https:\/\/smaria.salou.arqtgn.cat\/es\/wp-json\/wp\/v2\/types\/post"}],"author":[{"embeddable":true,"href":"https:\/\/smaria.salou.arqtgn.cat\/es\/wp-json\/wp\/v2\/users\/11"}],"replies":[{"embeddable":true,"href":"https:\/\/smaria.salou.arqtgn.cat\/es\/wp-json\/wp\/v2\/comments?post=9323"}],"version-history":[{"count":0,"href":"https:\/\/smaria.salou.arqtgn.cat\/es\/wp-json\/wp\/v2\/posts\/9323\/revisions"}],"wp:attachment":[{"href":"https:\/\/smaria.salou.arqtgn.cat\/es\/wp-json\/wp\/v2\/media?parent=9323"}],"wp:term":[{"taxonomy":"category","embeddable":true,"href":"https:\/\/smaria.salou.arqtgn.cat\/es\/wp-json\/wp\/v2\/categories?post=9323"},{"taxonomy":"post_tag","embeddable":true,"href":"https:\/\/smaria.salou.arqtgn.cat\/es\/wp-json\/wp\/v2\/tags?post=9323"}],"curies":[{"name":"wp","href":"https:\/\/api.w.org\/{rel}","templated":true}]}}