{"id":9220,"date":"2016-05-05T14:16:19","date_gmt":"2016-05-05T14:16:19","guid":{"rendered":"http:\/\/smaria.salou.arqtgn.cat\/la-pascua-del-enfermo-en-la-residencia-de-salou\/"},"modified":"2016-05-05T14:16:19","modified_gmt":"2016-05-05T14:16:19","slug":"la-pascua-del-enfermo-en-la-residencia-de-salou","status":"publish","type":"post","link":"https:\/\/smaria.salou.arqtgn.cat\/es\/la-pascua-del-enfermo-en-la-residencia-de-salou\/","title":{"rendered":"La Pascua del Enfermo en la residencia de Salou"},"content":{"rendered":"<p style=\"text-align: justify\"><img loading=\"lazy\" decoding=\"async\" class=\"alignnone\" src=\"http:\/\/cdn.blocs.arqtgn.cat\/wp-content\/uploads\/sites\/10\/2016\/04\/Pas_Mal_16.jpg\" width=\"800\" height=\"608\" \/><\/p>\n<p><span id=\"result_box\" class=\"\" lang=\"es\"><span title=\"Tot aprofitant la Pasqua del Malalt d'enguany, l'equip de de pastoral de la salut de la parr\u00f2quia que habitualment celebra el darrer divendres de mes la Eucaristia a la resid\u00e8ncia d'avis i \u00e0vies de Salou, el proppassat divendres 29 d'abril\">Aprovechando la Pascua del Enfermo de este a\u00f1o, el equipo de pastoral de la salud de la parroquia que habitualmente celebra el \u00faltimo viernes de mes la Eucarist\u00eda en la residencia de ancianos y ancianas de Salou, el pasado viernes 29 de abril organiz\u00f3 <\/span><span title=\"fer una celebraci\u00f3 comunit\u00e0ria del sagrament de la Unci\u00f3 dels Malalts. \">una celebraci\u00f3n comunitaria del sacramento de la Unci\u00f3n de los Enfermos.<\/span><\/span><\/p>\n<p><span title=\"En l'Eucaristia que assistiren una sisantena llarga de persones entre residents, familiars i membres de l'equip de la pastoral, Mn.\">En la Eucarist\u00eda que asistieron una sesentana larga de personas entre residentes, familiares y miembros del equipo de la pastoral, Mn. <\/span><span title=\"Josep M. administr\u00e0 el sagrament de la Unci\u00f3 dels malalts a 55 persones.\">Josep M. administr\u00f3 el sacramento de la Unci\u00f3n de los enfermos a 55 personas. <\/span><span title=\"La celebraci\u00f3 transcorregu\u00e9 amb un ambient festiu amb cants entonats amb en entusiasme pels assistents.\">La celebraci\u00f3n transcurri\u00f3 con un ambiente festivo con cantos entonados con entusiasmo por los asistentes. <\/span><span title=\"Destaquem els moments emotius que van viure els avis i les \u00e0vies quan rebien la imposici\u00f3 de mans i la unci\u00f3 a les palmes de les mans i al front, i l'ambient de preg\u00e0ria i silenci que hi ha va regnar durant els vint minuts que el\">Destacamos los momentos emotivos que vivieron los ancianos cuando recib\u00edan la imposici\u00f3n de manos y la unci\u00f3n en las palmas de las manos y en la frente, y el ambiente de oraci\u00f3n y silencio que rein\u00f3 durante los veinte minutos que el <\/span><span title=\"moss\u00e8n anava passant un per un a administrar el sagrament. \">mnosen iba pasando uno por uno a administrar el sacramento.<\/span><\/p>\n<p><span title=\"Certament els avis i les \u00e0vies en van sortir reconfortats, se'ls notava en la seva cara, i segur en el seu cor.\"><a href=\"http:\/\/salou2.wp.arqtgn.cat\/wp-content\/uploads\/sites\/10\/2016\/05\/IMG_1132.jpg\"><img loading=\"lazy\" decoding=\"async\" class=\"aligncenter size-full wp-image-4696\" src=\"http:\/\/salou2.wp.arqtgn.cat\/wp-content\/uploads\/sites\/10\/2016\/05\/IMG_1132.jpg\" alt=\"IMG_1132\" width=\"800\" height=\"451\" srcset=\"https:\/\/smaria.salou.arqtgn.cat\/wp-content\/uploads\/sites\/10\/2016\/05\/IMG_1132.jpg 800w, https:\/\/smaria.salou.arqtgn.cat\/wp-content\/uploads\/sites\/10\/2016\/05\/IMG_1132-300x169.jpg 300w, https:\/\/smaria.salou.arqtgn.cat\/wp-content\/uploads\/sites\/10\/2016\/05\/IMG_1132-768x433.jpg 768w\" sizes=\"auto, (max-width: 800px) 100vw, 800px\" \/><\/a>Ciertamente los abuelos y las abuelas salieron reconfortados, se les notaba en su cara, y seguro en su coraz\u00f3n. <\/span><span title=\"A cadasc\u00fa se'l va lliurar una petit recordatori del dia.\">A cada uno se le entreg\u00f3 una peque\u00f1o recordatorio del d\u00eda. <\/span><span title=\"L'equip de la pastoral de la salut en fem una valoraci\u00f3 positiva i en donem gr\u00e0cies a D\u00e9u.\">El equipo de la pastoral de la salud hacemos una valoraci\u00f3n positiva y damos gracias a Dios.<\/span><\/p>\n\n\t\t<style type=\"text\/css\">\n\t\t\t#gallery-1 {\n\t\t\t\tmargin: auto;\n\t\t\t}\n\t\t\t#gallery-1 .gallery-item {\n\t\t\t\tfloat: left;\n\t\t\t\tmargin-top: 10px;\n\t\t\t\ttext-align: center;\n\t\t\t\twidth: 33%;\n\t\t\t}\n\t\t\t#gallery-1 img {\n\t\t\t\tborder: 2px solid #cfcfcf;\n\t\t\t}\n\t\t\t#gallery-1 .gallery-caption {\n\t\t\t\tmargin-left: 0;\n\t\t\t}\n\t\t\t\/* see gallery_shortcode() in wp-includes\/media.php *\/\n\t\t<\/style>\n\t\t<div id='gallery-1' class='gallery galleryid-9220 gallery-columns-3 gallery-size-medium'><dl class='gallery-item'>\n\t\t\t<dt class='gallery-icon landscape'>\n\t\t\t\t<a href='https:\/\/smaria.salou.arqtgn.cat\/wp-content\/uploads\/sites\/10\/2016\/05\/IMG_1121.jpg'><img loading=\"lazy\" decoding=\"async\" width=\"300\" height=\"169\" src=\"https:\/\/smaria.salou.arqtgn.cat\/wp-content\/uploads\/sites\/10\/2016\/05\/IMG_1121-300x169.jpg\" class=\"attachment-medium size-medium\" alt=\"\" srcset=\"https:\/\/smaria.salou.arqtgn.cat\/wp-content\/uploads\/sites\/10\/2016\/05\/IMG_1121-300x169.jpg 300w, https:\/\/smaria.salou.arqtgn.cat\/wp-content\/uploads\/sites\/10\/2016\/05\/IMG_1121-768x433.jpg 768w, https:\/\/smaria.salou.arqtgn.cat\/wp-content\/uploads\/sites\/10\/2016\/05\/IMG_1121.jpg 800w\" sizes=\"auto, (max-width: 300px) 100vw, 300px\" \/><\/a>\n\t\t\t<\/dt><\/dl><dl class='gallery-item'>\n\t\t\t<dt class='gallery-icon landscape'>\n\t\t\t\t<a href='https:\/\/smaria.salou.arqtgn.cat\/wp-content\/uploads\/sites\/10\/2016\/05\/IMG_1125.jpg'><img loading=\"lazy\" decoding=\"async\" width=\"300\" height=\"169\" src=\"https:\/\/smaria.salou.arqtgn.cat\/wp-content\/uploads\/sites\/10\/2016\/05\/IMG_1125-300x169.jpg\" class=\"attachment-medium size-medium\" alt=\"\" srcset=\"https:\/\/smaria.salou.arqtgn.cat\/wp-content\/uploads\/sites\/10\/2016\/05\/IMG_1125-300x169.jpg 300w, https:\/\/smaria.salou.arqtgn.cat\/wp-content\/uploads\/sites\/10\/2016\/05\/IMG_1125-768x433.jpg 768w, https:\/\/smaria.salou.arqtgn.cat\/wp-content\/uploads\/sites\/10\/2016\/05\/IMG_1125.jpg 800w\" sizes=\"auto, (max-width: 300px) 100vw, 300px\" \/><\/a>\n\t\t\t<\/dt><\/dl><dl class='gallery-item'>\n\t\t\t<dt class='gallery-icon landscape'>\n\t\t\t\t<a href='https:\/\/smaria.salou.arqtgn.cat\/wp-content\/uploads\/sites\/10\/2016\/05\/IMG_1126.jpg'><img loading=\"lazy\" decoding=\"async\" width=\"300\" height=\"169\" src=\"https:\/\/smaria.salou.arqtgn.cat\/wp-content\/uploads\/sites\/10\/2016\/05\/IMG_1126-300x169.jpg\" class=\"attachment-medium size-medium\" alt=\"\" srcset=\"https:\/\/smaria.salou.arqtgn.cat\/wp-content\/uploads\/sites\/10\/2016\/05\/IMG_1126-300x169.jpg 300w, https:\/\/smaria.salou.arqtgn.cat\/wp-content\/uploads\/sites\/10\/2016\/05\/IMG_1126-768x433.jpg 768w, https:\/\/smaria.salou.arqtgn.cat\/wp-content\/uploads\/sites\/10\/2016\/05\/IMG_1126.jpg 800w\" sizes=\"auto, (max-width: 300px) 100vw, 300px\" \/><\/a>\n\t\t\t<\/dt><\/dl><br style=\"clear: both\" \/><dl class='gallery-item'>\n\t\t\t<dt class='gallery-icon landscape'>\n\t\t\t\t<a href='https:\/\/smaria.salou.arqtgn.cat\/wp-content\/uploads\/sites\/10\/2016\/05\/IMG_1127.jpg'><img loading=\"lazy\" decoding=\"async\" width=\"300\" height=\"169\" src=\"https:\/\/smaria.salou.arqtgn.cat\/wp-content\/uploads\/sites\/10\/2016\/05\/IMG_1127-300x169.jpg\" class=\"attachment-medium size-medium\" alt=\"\" srcset=\"https:\/\/smaria.salou.arqtgn.cat\/wp-content\/uploads\/sites\/10\/2016\/05\/IMG_1127-300x169.jpg 300w, https:\/\/smaria.salou.arqtgn.cat\/wp-content\/uploads\/sites\/10\/2016\/05\/IMG_1127-768x433.jpg 768w, https:\/\/smaria.salou.arqtgn.cat\/wp-content\/uploads\/sites\/10\/2016\/05\/IMG_1127.jpg 800w\" sizes=\"auto, (max-width: 300px) 100vw, 300px\" \/><\/a>\n\t\t\t<\/dt><\/dl><dl class='gallery-item'>\n\t\t\t<dt class='gallery-icon landscape'>\n\t\t\t\t<a href='https:\/\/smaria.salou.arqtgn.cat\/wp-content\/uploads\/sites\/10\/2016\/05\/IMG_1128.jpg'><img loading=\"lazy\" decoding=\"async\" width=\"300\" height=\"169\" src=\"https:\/\/smaria.salou.arqtgn.cat\/wp-content\/uploads\/sites\/10\/2016\/05\/IMG_1128-300x169.jpg\" class=\"attachment-medium size-medium\" alt=\"\" srcset=\"https:\/\/smaria.salou.arqtgn.cat\/wp-content\/uploads\/sites\/10\/2016\/05\/IMG_1128-300x169.jpg 300w, https:\/\/smaria.salou.arqtgn.cat\/wp-content\/uploads\/sites\/10\/2016\/05\/IMG_1128-768x433.jpg 768w, https:\/\/smaria.salou.arqtgn.cat\/wp-content\/uploads\/sites\/10\/2016\/05\/IMG_1128.jpg 800w\" sizes=\"auto, (max-width: 300px) 100vw, 300px\" \/><\/a>\n\t\t\t<\/dt><\/dl><dl class='gallery-item'>\n\t\t\t<dt class='gallery-icon landscape'>\n\t\t\t\t<a href='https:\/\/smaria.salou.arqtgn.cat\/wp-content\/uploads\/sites\/10\/2016\/05\/IMG_1131.jpg'><img loading=\"lazy\" decoding=\"async\" width=\"300\" height=\"169\" src=\"https:\/\/smaria.salou.arqtgn.cat\/wp-content\/uploads\/sites\/10\/2016\/05\/IMG_1131-300x169.jpg\" class=\"attachment-medium size-medium\" alt=\"\" srcset=\"https:\/\/smaria.salou.arqtgn.cat\/wp-content\/uploads\/sites\/10\/2016\/05\/IMG_1131-300x169.jpg 300w, https:\/\/smaria.salou.arqtgn.cat\/wp-content\/uploads\/sites\/10\/2016\/05\/IMG_1131-768x433.jpg 768w, https:\/\/smaria.salou.arqtgn.cat\/wp-content\/uploads\/sites\/10\/2016\/05\/IMG_1131.jpg 800w\" sizes=\"auto, (max-width: 300px) 100vw, 300px\" \/><\/a>\n\t\t\t<\/dt><\/dl><br style=\"clear: both\" \/><dl class='gallery-item'>\n\t\t\t<dt class='gallery-icon landscape'>\n\t\t\t\t<a href='https:\/\/smaria.salou.arqtgn.cat\/wp-content\/uploads\/sites\/10\/2016\/05\/IMG_1132.jpg'><img loading=\"lazy\" decoding=\"async\" width=\"300\" height=\"169\" src=\"https:\/\/smaria.salou.arqtgn.cat\/wp-content\/uploads\/sites\/10\/2016\/05\/IMG_1132-300x169.jpg\" class=\"attachment-medium size-medium\" alt=\"\" srcset=\"https:\/\/smaria.salou.arqtgn.cat\/wp-content\/uploads\/sites\/10\/2016\/05\/IMG_1132-300x169.jpg 300w, https:\/\/smaria.salou.arqtgn.cat\/wp-content\/uploads\/sites\/10\/2016\/05\/IMG_1132-768x433.jpg 768w, https:\/\/smaria.salou.arqtgn.cat\/wp-content\/uploads\/sites\/10\/2016\/05\/IMG_1132.jpg 800w\" sizes=\"auto, (max-width: 300px) 100vw, 300px\" \/><\/a>\n\t\t\t<\/dt><\/dl><dl class='gallery-item'>\n\t\t\t<dt class='gallery-icon landscape'>\n\t\t\t\t<a href='https:\/\/smaria.salou.arqtgn.cat\/wp-content\/uploads\/sites\/10\/2016\/05\/IMG_1133.jpg'><img loading=\"lazy\" decoding=\"async\" width=\"300\" height=\"169\" src=\"https:\/\/smaria.salou.arqtgn.cat\/wp-content\/uploads\/sites\/10\/2016\/05\/IMG_1133-300x169.jpg\" class=\"attachment-medium size-medium\" alt=\"\" srcset=\"https:\/\/smaria.salou.arqtgn.cat\/wp-content\/uploads\/sites\/10\/2016\/05\/IMG_1133-300x169.jpg 300w, https:\/\/smaria.salou.arqtgn.cat\/wp-content\/uploads\/sites\/10\/2016\/05\/IMG_1133-768x433.jpg 768w, https:\/\/smaria.salou.arqtgn.cat\/wp-content\/uploads\/sites\/10\/2016\/05\/IMG_1133.jpg 800w\" sizes=\"auto, (max-width: 300px) 100vw, 300px\" \/><\/a>\n\t\t\t<\/dt><\/dl><dl class='gallery-item'>\n\t\t\t<dt class='gallery-icon landscape'>\n\t\t\t\t<a href='https:\/\/smaria.salou.arqtgn.cat\/wp-content\/uploads\/sites\/10\/2016\/05\/IMG_1135.jpg'><img loading=\"lazy\" decoding=\"async\" width=\"300\" height=\"169\" src=\"https:\/\/smaria.salou.arqtgn.cat\/wp-content\/uploads\/sites\/10\/2016\/05\/IMG_1135-300x169.jpg\" class=\"attachment-medium size-medium\" alt=\"\" srcset=\"https:\/\/smaria.salou.arqtgn.cat\/wp-content\/uploads\/sites\/10\/2016\/05\/IMG_1135-300x169.jpg 300w, https:\/\/smaria.salou.arqtgn.cat\/wp-content\/uploads\/sites\/10\/2016\/05\/IMG_1135-768x433.jpg 768w, https:\/\/smaria.salou.arqtgn.cat\/wp-content\/uploads\/sites\/10\/2016\/05\/IMG_1135.jpg 800w\" sizes=\"auto, (max-width: 300px) 100vw, 300px\" \/><\/a>\n\t\t\t<\/dt><\/dl><br style=\"clear: both\" \/>\n\t\t<\/div>\n\n","protected":false},"excerpt":{"rendered":"<p>Aprovechando la Pascua del Enfermo de este a\u00f1o, el equipo de pastoral de la salud de la parroquia que habitualmente celebra el \u00faltimo viernes de mes la Eucarist\u00eda en la residencia de ancianos y ancianas de Salou, el pasado viernes 29 de abril organiz\u00f3 una celebraci\u00f3n comunitaria del sacramento de la Unci\u00f3n de los Enfermos. &hellip; <\/p>\n<p><a class=\"more-link btn\" href=\"https:\/\/smaria.salou.arqtgn.cat\/es\/la-pascua-del-enfermo-en-la-residencia-de-salou\/\">Seguir leyendo<\/a><\/p>\n","protected":false},"author":11,"featured_media":0,"comment_status":"closed","ping_status":"closed","sticky":false,"template":"","format":"standard","meta":{"footnotes":""},"categories":[55],"tags":[],"class_list":["post-9220","post","type-post","status-publish","format-standard","hentry","category-pastoral-de-la-salud","item-wrap"],"amp_enabled":true,"_links":{"self":[{"href":"https:\/\/smaria.salou.arqtgn.cat\/es\/wp-json\/wp\/v2\/posts\/9220","targetHints":{"allow":["GET"]}}],"collection":[{"href":"https:\/\/smaria.salou.arqtgn.cat\/es\/wp-json\/wp\/v2\/posts"}],"about":[{"href":"https:\/\/smaria.salou.arqtgn.cat\/es\/wp-json\/wp\/v2\/types\/post"}],"author":[{"embeddable":true,"href":"https:\/\/smaria.salou.arqtgn.cat\/es\/wp-json\/wp\/v2\/users\/11"}],"replies":[{"embeddable":true,"href":"https:\/\/smaria.salou.arqtgn.cat\/es\/wp-json\/wp\/v2\/comments?post=9220"}],"version-history":[{"count":0,"href":"https:\/\/smaria.salou.arqtgn.cat\/es\/wp-json\/wp\/v2\/posts\/9220\/revisions"}],"wp:attachment":[{"href":"https:\/\/smaria.salou.arqtgn.cat\/es\/wp-json\/wp\/v2\/media?parent=9220"}],"wp:term":[{"taxonomy":"category","embeddable":true,"href":"https:\/\/smaria.salou.arqtgn.cat\/es\/wp-json\/wp\/v2\/categories?post=9220"},{"taxonomy":"post_tag","embeddable":true,"href":"https:\/\/smaria.salou.arqtgn.cat\/es\/wp-json\/wp\/v2\/tags?post=9220"}],"curies":[{"name":"wp","href":"https:\/\/api.w.org\/{rel}","templated":true}]}}