{"id":9021,"date":"2015-10-28T23:24:11","date_gmt":"2015-10-28T23:24:11","guid":{"rendered":"http:\/\/smaria.salou.arqtgn.cat\/celebracion-del-inicio-del-curso-pastoral-de-la-parroquia\/"},"modified":"2015-10-28T23:24:11","modified_gmt":"2015-10-28T23:24:11","slug":"celebracion-del-inicio-del-curso-pastoral-de-la-parroquia","status":"publish","type":"post","link":"https:\/\/smaria.salou.arqtgn.cat\/es\/celebracion-del-inicio-del-curso-pastoral-de-la-parroquia\/","title":{"rendered":"Celebraci\u00f3n del Inicio del curso pastoral de la parroquia"},"content":{"rendered":"<p>El domingo 18 de octubre a las 12 de la ma\u00f1ana, nuestra comunidad parroquial celebraba la Eucarist\u00eda dominical presidida por Mn. Santiago como rector de la misma, asistido por el vicario Mn. Jos\u00e9 Mar\u00eda, y acompa\u00f1ados de un buen grupo de ni\u00f1os y ni\u00f1as que cada domingo asisten a la catequesis y participan de manera activa como monaguillos en la celebraciones.<\/p>\n<div style=\"width: 1134px\" class=\"wp-caption alignnone\"><a href=\"https:\/\/plus.google.com\/photos\/106700685019164532926\/albums\/6215916056781296385?authkey=COqgzOuBqu6cBA\" target=\"_blank\" rel=\"noopener noreferrer\"><img loading=\"lazy\" decoding=\"async\" src=\"https:\/\/lh6.googleusercontent.com\/-ZtGYOHuqpTk\/VkNfP1S21QI\/AAAAAAAAAEM\/zWna1RcPTtY\/w1134-h751-no\/DSC_0172.JPG\" alt=\"\" width=\"1134\" height=\"751\" \/><\/a><p class=\"wp-caption-text\">Clicar encima de la imagen para ver m\u00e1s fotos<\/p><\/div>\n<p>En este domingo la celebraci\u00f3n de la Eucarist\u00eda ten\u00eda una nota especial, se celebraba el d\u00eda del DOMUND, este a\u00f1o con el lema \u00abMISIONEROS DE LA MISERICORDIA\u00bb, por tanto d\u00eda dedicado a ser y sentirnos todos misioneros en el mundo, llevando el alegr\u00eda, la misericordia y el amor all\u00ed donde nos encontramos, como indicaba Mn. Santiago en su homil\u00eda.<\/p>\n<p>Nos encontramos en el inicio de un nuevo curso, con nuevos retos y compromisos que cumplir, y no individualmente sino tambi\u00e9n como comunidad parroquial, por eso toda la celebraci\u00f3n fue vivida y participada de forma sencilla pero emotiva. As\u00ed despu\u00e9s de la homil\u00eda, representantes de las diversas actividades pastorales de la parroquia como son: C\u00e1ritas, Manos Unidas, Catequesis de ni\u00f1os, j\u00f3venes y adultos, Pastoral de la Salud, encargados de las celebraciones lit\u00fargicas y Vida Parroquial, encendieron los sus candelas del Cirio Pascual que presid\u00eda la ceremonia, para que la luz de Cristo Resucitado siga siendo la luz de que il\u00b7llumine su labor pastoral all\u00ed donde sea necesaria. Con las velas encendidas toda la Comunidad unida se rez\u00f3 el Credo s\u00edmbolo de nuestra Fe.<\/p>\n<p>Se continu\u00f3 con la oraci\u00f3n del envi\u00f3 pastoral, las oraciones de los fieles, y las ofrendas del Pan y Vino, as\u00ed como diversas ofrendas que simbolizan el amor y la entrega que caracterizan las diferentes tareas pastorales.<\/p>\n<p>Finalizada la celebraci\u00f3n de la Eucarist\u00eda Mn. Santiago animaba a todos a vivir con alegr\u00eda nuestra Fe, sinti\u00e9ndonos hermanos y verdaderos testigos de Jes\u00fas Resucitado.<\/p>\n<p>&nbsp;<\/p>\n","protected":false},"excerpt":{"rendered":"<p>El domingo 18 de octubre a las 12 de la ma\u00f1ana, nuestra comunidad parroquial celebraba la Eucarist\u00eda dominical presidida por Mn. Santiago como rector de la misma, asistido por el vicario Mn. Jos\u00e9 Mar\u00eda, y acompa\u00f1ados de un buen grupo de ni\u00f1os y ni\u00f1as que cada domingo asisten a la catequesis y participan de manera &hellip; <\/p>\n<p><a class=\"more-link btn\" href=\"https:\/\/smaria.salou.arqtgn.cat\/es\/celebracion-del-inicio-del-curso-pastoral-de-la-parroquia\/\">Seguir leyendo<\/a><\/p>\n","protected":false},"author":11,"featured_media":0,"comment_status":"closed","ping_status":"closed","sticky":false,"template":"","format":"standard","meta":{"footnotes":""},"categories":[50],"tags":[],"class_list":["post-9021","post","type-post","status-publish","format-standard","hentry","category-catequesis","item-wrap"],"amp_enabled":true,"_links":{"self":[{"href":"https:\/\/smaria.salou.arqtgn.cat\/es\/wp-json\/wp\/v2\/posts\/9021","targetHints":{"allow":["GET"]}}],"collection":[{"href":"https:\/\/smaria.salou.arqtgn.cat\/es\/wp-json\/wp\/v2\/posts"}],"about":[{"href":"https:\/\/smaria.salou.arqtgn.cat\/es\/wp-json\/wp\/v2\/types\/post"}],"author":[{"embeddable":true,"href":"https:\/\/smaria.salou.arqtgn.cat\/es\/wp-json\/wp\/v2\/users\/11"}],"replies":[{"embeddable":true,"href":"https:\/\/smaria.salou.arqtgn.cat\/es\/wp-json\/wp\/v2\/comments?post=9021"}],"version-history":[{"count":0,"href":"https:\/\/smaria.salou.arqtgn.cat\/es\/wp-json\/wp\/v2\/posts\/9021\/revisions"}],"wp:attachment":[{"href":"https:\/\/smaria.salou.arqtgn.cat\/es\/wp-json\/wp\/v2\/media?parent=9021"}],"wp:term":[{"taxonomy":"category","embeddable":true,"href":"https:\/\/smaria.salou.arqtgn.cat\/es\/wp-json\/wp\/v2\/categories?post=9021"},{"taxonomy":"post_tag","embeddable":true,"href":"https:\/\/smaria.salou.arqtgn.cat\/es\/wp-json\/wp\/v2\/tags?post=9021"}],"curies":[{"name":"wp","href":"https:\/\/api.w.org\/{rel}","templated":true}]}}