{"id":24996,"date":"2025-07-18T16:45:40","date_gmt":"2025-07-18T14:45:40","guid":{"rendered":"https:\/\/smaria.salou.arqtgn.cat\/?p=24996"},"modified":"2025-07-18T16:45:40","modified_gmt":"2025-07-18T14:45:40","slug":"domingo-xvi-tiempo-ordinario-c-2025","status":"publish","type":"post","link":"https:\/\/smaria.salou.arqtgn.cat\/es\/domingo-xvi-tiempo-ordinario-c-2025\/","title":{"rendered":"DOMINGO XVI tiempo ordinario \/ C \/ 2025"},"content":{"rendered":"\r\n<table style=\"border-collapse: collapse;width: 100%\">\r\n<tbody>\r\n<tr>\r\n<td style=\"width: 50%\">\r\n\r\n<div id=\"attachment_24992\" style=\"width: 282px\" class=\"wp-caption aligncenter\"><a href=\"https:\/\/www.arquebisbattarragona.cat\/es\/recursos-pastorals\/lectures-dominicals\/\" target=\"_blank\" rel=\"noopener\"><img loading=\"lazy\" decoding=\"async\" aria-describedby=\"caption-attachment-24992\" class=\"wp-image-24992 size-medium\" src=\"https:\/\/smaria.salou.arqtgn.cat\/wp-content\/uploads\/sites\/10\/2025\/07\/Trinitat_Rubliov-1-282x300.jpg\" alt=\"\" width=\"282\" height=\"300\" srcset=\"https:\/\/smaria.salou.arqtgn.cat\/wp-content\/uploads\/sites\/10\/2025\/07\/Trinitat_Rubliov-1-282x300.jpg 282w, https:\/\/smaria.salou.arqtgn.cat\/wp-content\/uploads\/sites\/10\/2025\/07\/Trinitat_Rubliov-1-560x596.jpg 560w, https:\/\/smaria.salou.arqtgn.cat\/wp-content\/uploads\/sites\/10\/2025\/07\/Trinitat_Rubliov-1.jpg 750w\" sizes=\"auto, (max-width: 282px) 100vw, 282px\" \/><\/a><p id=\"caption-attachment-24992\" class=\"wp-caption-text\">Leer la Palabra de Dios<\/p><\/div><\/td>\r\n<td style=\"width: 50%\">\r\n\r\n<div id=\"attachment_14530\" style=\"width: 206px\" class=\"wp-caption aligncenter\"><a href=\"\/\/hemeroteca.arqtgn.cat\/bitstream\/123456789\/14181\/1\/fd3932.pdf\" target=\"_blank\" rel=\"noopener\"><img loading=\"lazy\" decoding=\"async\" aria-describedby=\"caption-attachment-14530\" class=\"wp-image-14530\" src=\"https:\/\/smaria.salou.arqtgn.cat\/wp-content\/uploads\/sites\/10\/2021\/01\/full_ca-300x173.jpg\" alt=\"\" width=\"206\" height=\"119\" srcset=\"https:\/\/smaria.salou.arqtgn.cat\/wp-content\/uploads\/sites\/10\/2021\/01\/full_ca-300x173.jpg 300w, https:\/\/smaria.salou.arqtgn.cat\/wp-content\/uploads\/sites\/10\/2021\/01\/full_ca.jpg 400w\" sizes=\"auto, (max-width: 206px) 100vw, 206px\" \/><\/a><p id=\"caption-attachment-14530\" class=\"wp-caption-text\">Leer la Hoja Dominical en catal\u00e1n y castellano<\/p><\/div><\/td>\r\n<\/tr>\r\n<\/tbody>\r\n<\/table>\r\n<iframe loading=\"lazy\" title=\"Carta dominical. \u00abSexualidad y personalidad\u00bb\" width=\"560\" height=\"315\" src=\"https:\/\/www.youtube.com\/embed\/We0a_UzTblc?feature=oembed\" frameborder=\"0\" allow=\"accelerometer; autoplay; clipboard-write; encrypted-media; gyroscope; picture-in-picture; web-share\" referrerpolicy=\"strict-origin-when-cross-origin\" allowfullscreen><\/iframe>\r\n\r\n&nbsp;\r\n\r\n<iframe loading=\"lazy\" title=\"No estoy perdido - 16\u00ba Domingo del Tiempo Ordinario, Ciclo C\" width=\"560\" height=\"315\" src=\"https:\/\/www.youtube.com\/embed\/byhh3NG5v7M?feature=oembed\" frameborder=\"0\" allow=\"accelerometer; autoplay; clipboard-write; encrypted-media; gyroscope; picture-in-picture; web-share\" referrerpolicy=\"strict-origin-when-cross-origin\" allowfullscreen><\/iframe>\r\n\r\n&nbsp;\r\n\r\n<hr \/>\r\n\r\n<h4>Una mirada art\u00edstica a l\u2019Evangeli del Diumenge, un gentilesa de l\u2019<em>Amadeu Bonet<\/em>, artista.<a href=\"https:\/\/smaria.salou.arqtgn.cat\/wp-content\/uploads\/sites\/10\/2025\/07\/diumenge-1.jpg\" target=\"_blank\" rel=\"noopener\"><img loading=\"lazy\" decoding=\"async\" class=\"aligncenter wp-image-24988 size-full\" src=\"https:\/\/smaria.salou.arqtgn.cat\/wp-content\/uploads\/sites\/10\/2025\/07\/diumenge-1.jpg\" alt=\"\" width=\"800\" height=\"608\" srcset=\"https:\/\/smaria.salou.arqtgn.cat\/wp-content\/uploads\/sites\/10\/2025\/07\/diumenge-1.jpg 800w, https:\/\/smaria.salou.arqtgn.cat\/wp-content\/uploads\/sites\/10\/2025\/07\/diumenge-1-300x228.jpg 300w, https:\/\/smaria.salou.arqtgn.cat\/wp-content\/uploads\/sites\/10\/2025\/07\/diumenge-1-768x584.jpg 768w, https:\/\/smaria.salou.arqtgn.cat\/wp-content\/uploads\/sites\/10\/2025\/07\/diumenge-1-560x426.jpg 560w\" sizes=\"auto, (max-width: 800px) 100vw, 800px\" \/><\/a><\/h4>\r\n\r\n<hr \/>\r\n\r\n<h4 style=\"text-align: justify\">Ciclo de catequesis &#8211; Jubileo 2025. Jesucristo, nuestra esperanza. II. La vida de Jes\u00fas. Los encuentros. 4. El hombre rico. Jes\u00fas \u00ablo mir\u00f3 con amor\u00bb (Mc 10,21).<\/h4>\r\n&nbsp;\r\n<p style=\"text-align: justify\">Queridos hermanos y hermanas,<\/p>\r\n<p style=\"text-align: justify\">hoy nos detenemos en otro de los encuentros de Jes\u00fas narrados en los Evangelios. Esta vez, sin embargo, la persona que encuentra no tiene nombre. El evangelista Marcos la presenta simplemente como \u00abun hombre\u00bb (10,17). Se trata de un hombre que desde joven ha observado los mandamientos, pero que, a pesar de ello, a\u00fan no ha encontrado el sentido de su vida. Lo est\u00e1 buscando. Quiz\u00e1 es alguien que no se ha decidido del todo, a pesar de parecer una persona comprometida. De hecho, m\u00e1s all\u00e1 de las cosas que hacemos, de los sacrificios o de los \u00e9xitos, lo que realmente importa para ser feliz es lo que llevamos en el coraz\u00f3n. Si un barco debe zarpar y dejar el puerto para navegar en alta mar, aunque sea un barco maravilloso, con una tripulaci\u00f3n excepcional, si no leva los lastres y las anclas que lo mantienen sujeto, nunca podr\u00e1 partir. Este hombre se construy\u00f3 un barco de lujo, \u00a1pero se qued\u00f3 en el puerto!<\/p>\r\n<p style=\"text-align: justify\">Mientras Jes\u00fas va por el camino, este hombre corre a su encuentro, se arrodilla ante \u00c9l y le pregunta: \u00abMaestro bueno, \u00bfqu\u00e9 debo hacer para heredar la vida eterna?\u00bb (v. 17). Observemos los verbos: \u00ab\u00bfQu\u00e9 debo hacer para tener en herencia la vida eterna?\u00bb. Como la observancia de la ley no le ha dado la felicidad y la seguridad de ser salvado, se dirige al maestro Jes\u00fas. Lo que llama la atenci\u00f3n es que este hombre no conoce el vocabulario de la gratuidad. Todo parece debido. Todo es una obligaci\u00f3n. La vida eterna es para \u00e9l una herencia, algo que se obtiene por derecho, a trav\u00e9s de una meticulosa observancia de los compromisos. Pero en una vida vivida as\u00ed, aunque ciertamente a fin de bien, \u00bfqu\u00e9 espacio puede tener el amor?<\/p>\r\n<p style=\"text-align: justify\">Como siempre, Jes\u00fas va m\u00e1s all\u00e1 de las apariencias. Si por un lado este hombre pone ante Jes\u00fas su buen curr\u00edculum, Jes\u00fas va m\u00e1s all\u00e1 y mira en su interior. El verbo que usa Marcos es muy significativo: \u00ablo mir\u00f3 con amor\u00bb (v. 21). Precisamente porque Jes\u00fas mira en el interior de cada uno de nosotros, nos ama tal como somos realmente. \u00bfQu\u00e9 habr\u00e1 visto, de hecho, en el interior de esta persona? \u00bfQu\u00e9 ve Jes\u00fas cuando mira en nuestro interior y nos ama, a pesar de nuestras distracciones y nuestros pecados? Ve nuestra fragilidad, pero tambi\u00e9n nuestro deseo de ser amados tal como somos.<\/p>\r\n<p style=\"text-align: justify\">Mir\u00e1ndolo en su interior \u2013 dice el Evangelio \u2013 \u00ablo mir\u00f3 con amor\u00bb (v. 21). Jes\u00fas ama este hombre antes de haberle dirigido la invitaci\u00f3n a seguirlo. Lo ama tal como es. El amor de Jes\u00fas es gratuito: exactamente lo contrario de la l\u00f3gica del m\u00e9rito que atormentaba a esta persona. Somos realmente felices cuando nos damos cuenta de que somos amados as\u00ed, gratuitamente, por gracia. Y esto tambi\u00e9n vale en las relaciones entre nosotros: mientras intentemos comprar el amor o mendigar afecto, esas relaciones nunca har\u00e1n que nos sintamos felices.<\/p>\r\n<p style=\"text-align: justify\">La propuesta que Jes\u00fas le hace a este hombre es cambiar su forma de vivir y de relacionarse con Dios. Jes\u00fas reconoce que, dentro de \u00e9l, como en todos nosotros, hay algo que falta. Es el deseo que llevamos en el coraz\u00f3n de ser queridos. Hay una herida que nos pertenece como seres humanos, la herida a trav\u00e9s de la cual puede pasar el amor.<\/p>\r\n<p style=\"text-align: justify\">Para llenar este vac\u00edo no hay que \u00abcomprar\u00bb reconocimiento, afecto, consideraci\u00f3n; en cambio, hay que \u00abvender\u00bb todo lo que nos pesa, para liberar nuestro coraz\u00f3n. No sirve de nada seguir qued\u00e1ndonos con las cosas, sino m\u00e1s bien dar a los pobres, poner a disposici\u00f3n, compartir. compartir.<\/p>\r\n<p style=\"text-align: justify\">Finalmente, Jes\u00fas invita a este hombre a no quedarse solo. Lo invita a seguirlo, a estar dentro de un v\u00ednculo, a vivir una relaci\u00f3n. Solo as\u00ed, de hecho, ser\u00e1 posible salir del anonimato. Podemos escuchar nuestro nombre solo dentro de una relaci\u00f3n, en la que alguien nos llama. Si nos quedamos solos, nunca oiremos pronunciar nuestro nombre y seguiremos siendo \u00abalguien\u00bb, an\u00f3nimos. Quiz\u00e1 hoy, precisamente porque vivimos en una cultura de autosuficiencia e individualismo, nos descubrimos m\u00e1s infelices, porque ya no o\u00edmos pronunciar nuestro nombre por alguien que nos quiere gratuitamente.<\/p>\r\n<p style=\"text-align: justify\">Este hombre no acoge la invitaci\u00f3n de Jes\u00fas y se queda solo, porque los lastres de su vida lo retienen en el puerto. La tristeza es la se\u00f1al de que no ha logrado partir. A veces pensamos que son riquezas y, en cambio, son solo pesos que nos est\u00e1n bloqueando. La esperanza es que esta persona, como cada uno de nosotros, tarde o temprano pueda cambiar y decidir ir a alta mar.<\/p>\r\n<p style=\"text-align: justify\">Hermanas y hermanos, encomendemos al Coraz\u00f3n de Jes\u00fas a todas las personas tristes e indecisas, para que puedan sentir la mirada de amor del Se\u00f1or, que se conmueve al mirar con ternura dentro de nosotros.<\/p>\r\n<p style=\"text-align: right\"><em>Papa Francisco<\/em><\/p>\r\n&nbsp;\r\n\r\n","protected":false},"excerpt":{"rendered":"<p>&nbsp; &nbsp; Una mirada art\u00edstica a l\u2019Evangeli del Diumenge, un gentilesa de l\u2019Amadeu Bonet, artista. Ciclo de catequesis &#8211; Jubileo 2025. Jesucristo, nuestra esperanza. II. La vida de Jes\u00fas. Los encuentros. 4. El hombre rico. Jes\u00fas \u00ablo mir\u00f3 con amor\u00bb (Mc 10,21). &nbsp; Queridos hermanos y hermanas, hoy nos detenemos en otro de los encuentros &hellip; <\/p>\n<p><a class=\"more-link btn\" href=\"https:\/\/smaria.salou.arqtgn.cat\/es\/domingo-xvi-tiempo-ordinario-c-2025\/\">Seguir leyendo<\/a><\/p>\n","protected":false},"author":11,"featured_media":0,"comment_status":"closed","ping_status":"closed","sticky":false,"template":"","format":"standard","meta":{"footnotes":""},"categories":[52,49],"tags":[],"class_list":["post-24996","post","type-post","status-publish","format-standard","hentry","category-para-reflexionar","category-preparando-el-domingo","item-wrap"],"amp_enabled":true,"_links":{"self":[{"href":"https:\/\/smaria.salou.arqtgn.cat\/es\/wp-json\/wp\/v2\/posts\/24996","targetHints":{"allow":["GET"]}}],"collection":[{"href":"https:\/\/smaria.salou.arqtgn.cat\/es\/wp-json\/wp\/v2\/posts"}],"about":[{"href":"https:\/\/smaria.salou.arqtgn.cat\/es\/wp-json\/wp\/v2\/types\/post"}],"author":[{"embeddable":true,"href":"https:\/\/smaria.salou.arqtgn.cat\/es\/wp-json\/wp\/v2\/users\/11"}],"replies":[{"embeddable":true,"href":"https:\/\/smaria.salou.arqtgn.cat\/es\/wp-json\/wp\/v2\/comments?post=24996"}],"version-history":[{"count":1,"href":"https:\/\/smaria.salou.arqtgn.cat\/es\/wp-json\/wp\/v2\/posts\/24996\/revisions"}],"predecessor-version":[{"id":24997,"href":"https:\/\/smaria.salou.arqtgn.cat\/es\/wp-json\/wp\/v2\/posts\/24996\/revisions\/24997"}],"wp:attachment":[{"href":"https:\/\/smaria.salou.arqtgn.cat\/es\/wp-json\/wp\/v2\/media?parent=24996"}],"wp:term":[{"taxonomy":"category","embeddable":true,"href":"https:\/\/smaria.salou.arqtgn.cat\/es\/wp-json\/wp\/v2\/categories?post=24996"},{"taxonomy":"post_tag","embeddable":true,"href":"https:\/\/smaria.salou.arqtgn.cat\/es\/wp-json\/wp\/v2\/tags?post=24996"}],"curies":[{"name":"wp","href":"https:\/\/api.w.org\/{rel}","templated":true}]}}