{"id":24953,"date":"2025-07-11T16:45:59","date_gmt":"2025-07-11T14:45:59","guid":{"rendered":"https:\/\/smaria.salou.arqtgn.cat\/?p=24953"},"modified":"2025-07-11T16:45:59","modified_gmt":"2025-07-11T14:45:59","slug":"domingo-xv-tiempo-ordinario-c-2025","status":"publish","type":"post","link":"https:\/\/smaria.salou.arqtgn.cat\/es\/domingo-xv-tiempo-ordinario-c-2025\/","title":{"rendered":"DOMINGO XV tiempo ordinario \/ C \/ 2025"},"content":{"rendered":"\r\n<table style=\"border-collapse: collapse;width: 100%\">\r\n<tbody>\r\n<tr>\r\n<td style=\"width: 50%\">\r\n<div id=\"attachment_24945\" style=\"width: 300px\" class=\"wp-caption aligncenter\"><a href=\"https:\/\/www.arquebisbattarragona.cat\/es\/recursos-pastorals\/lectures-dominicals\/\" target=\"_blank\" rel=\"noopener\"><img loading=\"lazy\" decoding=\"async\" aria-describedby=\"caption-attachment-24945\" class=\"wp-image-24945 size-medium\" src=\"https:\/\/smaria.salou.arqtgn.cat\/wp-content\/uploads\/sites\/10\/2025\/07\/El_Bon_Samarita-300x175.jpg\" alt=\"\" width=\"300\" height=\"175\" srcset=\"https:\/\/smaria.salou.arqtgn.cat\/wp-content\/uploads\/sites\/10\/2025\/07\/El_Bon_Samarita-300x175.jpg 300w, https:\/\/smaria.salou.arqtgn.cat\/wp-content\/uploads\/sites\/10\/2025\/07\/El_Bon_Samarita-1024x597.jpg 1024w, https:\/\/smaria.salou.arqtgn.cat\/wp-content\/uploads\/sites\/10\/2025\/07\/El_Bon_Samarita-768x447.jpg 768w, https:\/\/smaria.salou.arqtgn.cat\/wp-content\/uploads\/sites\/10\/2025\/07\/El_Bon_Samarita-560x326.jpg 560w, https:\/\/smaria.salou.arqtgn.cat\/wp-content\/uploads\/sites\/10\/2025\/07\/El_Bon_Samarita.jpg 1030w\" sizes=\"auto, (max-width: 300px) 100vw, 300px\" \/><\/a><p id=\"caption-attachment-24945\" class=\"wp-caption-text\">Leer la Palabra de Dios<\/p><\/div>\r\n<\/td>\r\n<td style=\"width: 50%\">\r\n<div id=\"attachment_14530\" style=\"width: 206px\" class=\"wp-caption aligncenter\"><a href=\"https:\/\/hemeroteca.arqtgn.cat\/bitstream\/123456789\/14179\/1\/fd3931.pdf\" target=\"_blank\" rel=\"noopener\"><img loading=\"lazy\" decoding=\"async\" aria-describedby=\"caption-attachment-14530\" class=\"wp-image-14530\" src=\"https:\/\/smaria.salou.arqtgn.cat\/wp-content\/uploads\/sites\/10\/2021\/01\/full_ca-300x173.jpg\" alt=\"\" width=\"206\" height=\"119\" srcset=\"https:\/\/smaria.salou.arqtgn.cat\/wp-content\/uploads\/sites\/10\/2021\/01\/full_ca-300x173.jpg 300w, https:\/\/smaria.salou.arqtgn.cat\/wp-content\/uploads\/sites\/10\/2021\/01\/full_ca.jpg 400w\" sizes=\"auto, (max-width: 206px) 100vw, 206px\" \/><\/a><p id=\"caption-attachment-14530\" class=\"wp-caption-text\">Llegir el Full Dominical en catal\u00e0 i castell\u00e0<\/p><\/div>\r\n<\/td>\r\n<\/tr>\r\n<\/tbody>\r\n<\/table>\r\n<p><iframe loading=\"lazy\" title=\"Carta Dominical. \u00abSer catequista\u00bb\" width=\"560\" height=\"315\" src=\"https:\/\/www.youtube.com\/embed\/YvJD2goyR2E?feature=oembed\" frameborder=\"0\" allow=\"accelerometer; autoplay; clipboard-write; encrypted-media; gyroscope; picture-in-picture; web-share\" referrerpolicy=\"strict-origin-when-cross-origin\" allowfullscreen><\/iframe><\/p>\r\n<p>https:\/\/youtu.be\/DMx9XtsTQIk?si=oiRCHqmbiUIjkMtD \u00a0<\/p>\r\n<hr \/>\r\n<h4>Una mirada art\u00edstica a l\u2019Evangeli del Diumenge, un gentilesa de l\u2019<em>Amadeu Bonet<\/em>, artista.<a href=\"https:\/\/smaria.salou.arqtgn.cat\/wp-content\/uploads\/sites\/10\/2025\/07\/amadeu_250713.jpg\" target=\"_blank\" rel=\"noopener\"><img loading=\"lazy\" decoding=\"async\" class=\"aligncenter wp-image-24949 size-full\" src=\"https:\/\/smaria.salou.arqtgn.cat\/wp-content\/uploads\/sites\/10\/2025\/07\/amadeu_250713.jpg\" alt=\"\" width=\"800\" height=\"608\" srcset=\"https:\/\/smaria.salou.arqtgn.cat\/wp-content\/uploads\/sites\/10\/2025\/07\/amadeu_250713.jpg 800w, https:\/\/smaria.salou.arqtgn.cat\/wp-content\/uploads\/sites\/10\/2025\/07\/amadeu_250713-300x228.jpg 300w, https:\/\/smaria.salou.arqtgn.cat\/wp-content\/uploads\/sites\/10\/2025\/07\/amadeu_250713-768x584.jpg 768w, https:\/\/smaria.salou.arqtgn.cat\/wp-content\/uploads\/sites\/10\/2025\/07\/amadeu_250713-560x426.jpg 560w\" sizes=\"auto, (max-width: 800px) 100vw, 800px\" \/><\/a><\/h4>\r\n<hr \/>\r\n<h4 style=\"text-align: justify\">Ciclo de catequesis &#8211; Jubileo 2025. Jesucristo, nuestra esperanza. II. La vida de Jes\u00fas. Los encuentros. 3. Zaqueo. \u00ab\u00a1Hoy tengo que alojarme en tu casa!\u00bb (Lc 19,5).<\/h4>\r\n<p>&nbsp;<\/p>\r\n<p style=\"text-align: justify\">Queridos hermanos y hermanas:<\/p>\r\n<p style=\"text-align: justify\">Hoy seguiremos contemplando los encuentros de Jes\u00fas con algunos personajes del Evangelio. Esta vez me gustar\u00eda detenerme en la figura de Zaqueo: un episodio que me es particularmente querido, porque ocupa un lugar especial en mi camino espiritual.<\/p>\r\n<p style=\"text-align: justify\">El Evangelio de Lucas nos presenta a Zaqueo como alguien que parece irremediablemente perdido. Quiz\u00e1 nosotros tambi\u00e9n nos sentimos as\u00ed a veces: sin esperanza. Zaqueo, en cambio, descubrir\u00e1 que el Se\u00f1or ya lo estaba buscando.<\/p>\r\n<p style=\"text-align: justify\">Jes\u00fas, de hecho, baj\u00f3 a Jeric\u00f3, una ciudad situada por debajo del nivel del mar, considerada una imagen de los infiernos, donde Jes\u00fas quiere ir a buscar a aquellos que se sienten perdidos. Y, en realidad, el Se\u00f1or Resucitado sigue descendiendo a los infiernos de hoy, a los lugares de guerra, al dolor de los inocentes, al coraz\u00f3n de las madres que ven morir a sus hijos, al hambre de los pobres.<\/p>\r\n<p style=\"text-align: justify\">Zaqueo, en cierto sentido, se ha perdido, tal vez tom\u00f3 decisiones equivocadas o tal vez la vida lo puso en situaciones de las que le cuesta salir. De hecho, Lucas insiste en describir las caracter\u00edsticas de este hombre: no solo es publicano, es decir, uno que recauda impuestos de sus conciudadanos para los invasores romanos, sino que es incluso el jefe de los publicanos, lo cual es como decir que su pecado se multiplica.<\/p>\r\n<p style=\"text-align: justify\">Lucas a\u00f1ade adem\u00e1s que Zaqueo es rico, dando a entender que se ha enriquecido a costa de los dem\u00e1s, abusando de su posici\u00f3n. Pero todo esto tiene consecuencias: Zaqueo probablemente se siente excluido, despreciado por todos.<\/p>\r\n<p style=\"text-align: justify\">Cuando se entera de que Jes\u00fas est\u00e1 atravesando la ciudad, Zaqueo siente el deseo de verlo. No se atreve a imaginar un encuentro, le bastar\u00eda con mirarlo desde lejos. Sin embargo, nuestros deseos tambi\u00e9n encuentran obst\u00e1culos y no se hacen realidad autom\u00e1ticamente: \u00a1Zaqueo es de baja estatura! Es nuestra realidad, tenemos l\u00edmites con los que debemos lidiar. Y luego est\u00e1n los dem\u00e1s, que a veces no nos ayudan: la multitud impide que Zaqueo vea a Jes\u00fas. Quiz\u00e1s sea tambi\u00e9n un poco su revancha.<\/p>\r\n<p style=\"text-align: justify\">Pero cuando se tiene un deseo fuerte, no se desanima. Se encuentra una soluci\u00f3n. Pero hay que tener valor y no avergonzarse, se necesita un poco de la sencillez de los ni\u00f1os y no preocuparse demasiado por la propia imagen. Zaqueo, como un ni\u00f1o, se sube a un \u00e1rbol. Deb\u00eda ser un buen punto de observaci\u00f3n, sobre todo para mirar sin ser visto, escondi\u00e9ndose detr\u00e1s del follaje.<\/p>\r\n<p style=\"text-align: justify\">Pero con el Se\u00f1or siempre ocurre lo inesperado: Jes\u00fas, cuando llega all\u00ed cerca, alza la mirada. Zaqueo se siente descubierto y probablemente espera un reproche p\u00fablico. La gente tal vez lo habr\u00e1 esperado, pero se sentir\u00e1 decepcionada: Jes\u00fas le pide a Zaqueo que baje inmediatamente, casi maravill\u00e1ndose de verlo en el \u00e1rbol, y le dice: \u00ab\u00a1Hoy tengo tengo que alojarme en tu casa!\u00bb (Lc 19,5). Dios no puede pasar sin buscar al que est\u00e1 perdido.<\/p>\r\n<p style=\"text-align: justify\">Lucas destaca la alegr\u00eda del coraz\u00f3n de Zaqueo. Es la alegr\u00eda de quien se siente mirado, reconocido y, sobre todo, perdonado. La mirada de Jes\u00fas no es una mirada de reproche, sino de misericordia. Es esa misericordia que a veces nos cuesta aceptar, sobre todo cuando Dios perdona a quienes, en nuestra opini\u00f3n, no se lo merecen. Murmuramos porque nos gustar\u00eda poner l\u00edmites al amor de Dios.<\/p>\r\n<p style=\"text-align: justify\">En la escena en casa, Zaqueo, despu\u00e9s de escuchar las palabras de perd\u00f3n de Jes\u00fas, se levanta, como si resucitara de su condici\u00f3n de muerte. Y se levanta para tomar un compromiso: devolver el cu\u00e1druple de lo que ha robado. No se trata de un precio a pagar, porque el perd\u00f3n de Dios es gratuito, sino del deseo de imitar a Aquel por quien se ha sentido amado. Zaqueo asume un compromiso al que no estaba obligado, pero lo hace porque entiende que esa es su forma de amar. Y lo hace combinando la legislaci\u00f3n romana sobre el robo y la ley rab\u00ednica sobre la penitencia. Zaqueo entonces no es solo el hombre del deseo, es tambi\u00e9n alguien que sabe dar pasos concretos. Su prop\u00f3sito no es gen\u00e9rico o abstracto, sino que parte precisamente de su historia: ha mirado su vida y ha identificado el punto desde el que iniciar su cambio.<\/p>\r\n<p style=\"text-align: justify\">Queridos hermanos y hermanas, aprendamos de Zaqueo a no perder la esperanza, incluso cuando nos sentimos marginados o incapaces de cambiar. Cultivemos nuestro deseo de ver a Jes\u00fas y, sobre todo, dejemos que nos encuentre la misericordia de Dios, que siempre viene a buscarnos, en cualquier situaci\u00f3n en la que nos hayamos perdido.<\/p>\r\n<p style=\"text-align: right\"><em>Papa Francisco<\/em><\/p>\r\n<p>&nbsp;<\/p>\r\n","protected":false},"excerpt":{"rendered":"<p>https:\/\/youtu.be\/DMx9XtsTQIk?si=oiRCHqmbiUIjkMtD \u00a0 Una mirada art\u00edstica a l\u2019Evangeli del Diumenge, un gentilesa de l\u2019Amadeu Bonet, artista. Ciclo de catequesis &#8211; Jubileo 2025. Jesucristo, nuestra esperanza. II. La vida de Jes\u00fas. Los encuentros. 3. Zaqueo. \u00ab\u00a1Hoy tengo que alojarme en tu casa!\u00bb (Lc 19,5). &nbsp; Queridos hermanos y hermanas: Hoy seguiremos contemplando los encuentros de Jes\u00fas con &hellip; <\/p>\n<p><a class=\"more-link btn\" href=\"https:\/\/smaria.salou.arqtgn.cat\/es\/domingo-xv-tiempo-ordinario-c-2025\/\">Seguir leyendo<\/a><\/p>\n","protected":false},"author":11,"featured_media":0,"comment_status":"closed","ping_status":"closed","sticky":false,"template":"","format":"standard","meta":{"footnotes":""},"categories":[52,49],"tags":[],"class_list":["post-24953","post","type-post","status-publish","format-standard","hentry","category-para-reflexionar","category-preparando-el-domingo","item-wrap"],"amp_enabled":true,"_links":{"self":[{"href":"https:\/\/smaria.salou.arqtgn.cat\/es\/wp-json\/wp\/v2\/posts\/24953","targetHints":{"allow":["GET"]}}],"collection":[{"href":"https:\/\/smaria.salou.arqtgn.cat\/es\/wp-json\/wp\/v2\/posts"}],"about":[{"href":"https:\/\/smaria.salou.arqtgn.cat\/es\/wp-json\/wp\/v2\/types\/post"}],"author":[{"embeddable":true,"href":"https:\/\/smaria.salou.arqtgn.cat\/es\/wp-json\/wp\/v2\/users\/11"}],"replies":[{"embeddable":true,"href":"https:\/\/smaria.salou.arqtgn.cat\/es\/wp-json\/wp\/v2\/comments?post=24953"}],"version-history":[{"count":3,"href":"https:\/\/smaria.salou.arqtgn.cat\/es\/wp-json\/wp\/v2\/posts\/24953\/revisions"}],"predecessor-version":[{"id":24956,"href":"https:\/\/smaria.salou.arqtgn.cat\/es\/wp-json\/wp\/v2\/posts\/24953\/revisions\/24956"}],"wp:attachment":[{"href":"https:\/\/smaria.salou.arqtgn.cat\/es\/wp-json\/wp\/v2\/media?parent=24953"}],"wp:term":[{"taxonomy":"category","embeddable":true,"href":"https:\/\/smaria.salou.arqtgn.cat\/es\/wp-json\/wp\/v2\/categories?post=24953"},{"taxonomy":"post_tag","embeddable":true,"href":"https:\/\/smaria.salou.arqtgn.cat\/es\/wp-json\/wp\/v2\/tags?post=24953"}],"curies":[{"name":"wp","href":"https:\/\/api.w.org\/{rel}","templated":true}]}}