{"id":24930,"date":"2025-07-04T11:56:56","date_gmt":"2025-07-04T09:56:56","guid":{"rendered":"https:\/\/smaria.salou.arqtgn.cat\/?p=24930"},"modified":"2025-07-04T11:56:56","modified_gmt":"2025-07-04T09:56:56","slug":"domingo-xiv-tiempo-ordinario-c-2025","status":"publish","type":"post","link":"https:\/\/smaria.salou.arqtgn.cat\/es\/domingo-xiv-tiempo-ordinario-c-2025\/","title":{"rendered":"DOMINGO XIV tiempo ordinario \/ C \/ 2025"},"content":{"rendered":"\r\n<table style=\"border-collapse: collapse;width: 100%\">\r\n<tbody>\r\n<tr>\r\n<td style=\"width: 50%\">\r\n<div id=\"attachment_24920\" style=\"width: 300px\" class=\"wp-caption aligncenter\"><a href=\"https:\/\/www.arquebisbattarragona.cat\/es\/recursos-pastorals\/lectures-dominicals\/\" target=\"_blank\" rel=\"noopener\"><img loading=\"lazy\" decoding=\"async\" aria-describedby=\"caption-attachment-24920\" class=\"wp-image-24920 size-medium\" src=\"https:\/\/smaria.salou.arqtgn.cat\/wp-content\/uploads\/sites\/10\/2025\/07\/De-2-en-dos-300x175.jpg\" alt=\"\" width=\"300\" height=\"175\" srcset=\"https:\/\/smaria.salou.arqtgn.cat\/wp-content\/uploads\/sites\/10\/2025\/07\/De-2-en-dos-300x175.jpg 300w, https:\/\/smaria.salou.arqtgn.cat\/wp-content\/uploads\/sites\/10\/2025\/07\/De-2-en-dos-560x327.jpg 560w, https:\/\/smaria.salou.arqtgn.cat\/wp-content\/uploads\/sites\/10\/2025\/07\/De-2-en-dos.jpg 600w\" sizes=\"auto, (max-width: 300px) 100vw, 300px\" \/><\/a><p id=\"caption-attachment-24920\" class=\"wp-caption-text\">Leer la Palabra de Dios<\/p><\/div>\r\n<\/td>\r\n<td style=\"width: 50%\">\r\n<div id=\"attachment_14530\" style=\"width: 206px\" class=\"wp-caption aligncenter\"><a href=\"https:\/\/hemeroteca.arqtgn.cat\/bitstream\/123456789\/14048\/1\/fd3930.pdf\" target=\"_blank\" rel=\"noopener\"><img loading=\"lazy\" decoding=\"async\" aria-describedby=\"caption-attachment-14530\" class=\"wp-image-14530\" src=\"https:\/\/smaria.salou.arqtgn.cat\/wp-content\/uploads\/sites\/10\/2021\/01\/full_ca-300x173.jpg\" alt=\"\" width=\"206\" height=\"119\" srcset=\"https:\/\/smaria.salou.arqtgn.cat\/wp-content\/uploads\/sites\/10\/2021\/01\/full_ca-300x173.jpg 300w, https:\/\/smaria.salou.arqtgn.cat\/wp-content\/uploads\/sites\/10\/2021\/01\/full_ca.jpg 400w\" sizes=\"auto, (max-width: 206px) 100vw, 206px\" \/><\/a><p id=\"caption-attachment-14530\" class=\"wp-caption-text\">Leer la Hoja dominical en castellano y catal\u00e1n<\/p><\/div>\r\n<\/td>\r\n<\/tr>\r\n<\/tbody>\r\n<\/table>\r\n<p><iframe loading=\"lazy\" title=\"Carta dominical. \u00bfEsp\u00edritu deportivo?\" width=\"560\" height=\"315\" src=\"https:\/\/www.youtube.com\/embed\/pGGzhSStRCo?feature=oembed\" frameborder=\"0\" allow=\"accelerometer; autoplay; clipboard-write; encrypted-media; gyroscope; picture-in-picture; web-share\" referrerpolicy=\"strict-origin-when-cross-origin\" allowfullscreen><\/iframe><\/p>\r\n<p><iframe loading=\"lazy\" title=\"Poneos en camino - 14\u00ba Domingo del Tiempo Ordinario, Ciclo C\" width=\"560\" height=\"315\" src=\"https:\/\/www.youtube.com\/embed\/9PL_jw5FOjA?feature=oembed\" frameborder=\"0\" allow=\"accelerometer; autoplay; clipboard-write; encrypted-media; gyroscope; picture-in-picture; web-share\" referrerpolicy=\"strict-origin-when-cross-origin\" allowfullscreen><\/iframe><\/p>\r\n<hr \/>\r\n<h4>Una mirada art\u00edstica a l\u2019Evangeli del Diumenge, un gentilesa de l\u2019<em>Amadeu Bonet<\/em>, artista.<a href=\"https:\/\/smaria.salou.arqtgn.cat\/wp-content\/uploads\/sites\/10\/2025\/07\/diumenge.jpg\" target=\"_blank\" rel=\"noopener\"><img loading=\"lazy\" decoding=\"async\" class=\"aligncenter wp-image-24926 size-full\" src=\"https:\/\/smaria.salou.arqtgn.cat\/wp-content\/uploads\/sites\/10\/2025\/07\/diumenge.jpg\" alt=\"\" width=\"800\" height=\"608\" srcset=\"https:\/\/smaria.salou.arqtgn.cat\/wp-content\/uploads\/sites\/10\/2025\/07\/diumenge.jpg 800w, https:\/\/smaria.salou.arqtgn.cat\/wp-content\/uploads\/sites\/10\/2025\/07\/diumenge-300x228.jpg 300w, https:\/\/smaria.salou.arqtgn.cat\/wp-content\/uploads\/sites\/10\/2025\/07\/diumenge-768x584.jpg 768w, https:\/\/smaria.salou.arqtgn.cat\/wp-content\/uploads\/sites\/10\/2025\/07\/diumenge-560x426.jpg 560w\" sizes=\"auto, (max-width: 800px) 100vw, 800px\" \/><\/a><\/h4>\r\n<hr \/>\r\n<h4 style=\"text-align: justify\">Ciclo de catequesis &#8211; Jubileo 2025. Jesucristo, nuestra esperanza. II. La vida de Jes\u00fas. Los encuentros. 2. La samaritana. \u00ab\u00a1Dame de beber!\u00bb (Jn 4,7).<\/h4>\r\n<p>\u00a0 Queridos hermanos y hermanas:<\/p>\r\n<p style=\"text-align: justify\">Despu\u00e9s de haber meditado sobre el encuentro de Jes\u00fas con Nicodemo, quien hab\u00eda ido a buscar a Jes\u00fas, hoy reflexionamos sobre aquellos momentos en los que parece que \u00c9l nos estaba esperando justo all\u00ed, en esa encrucijada de nuestro camino. Son encuentros que nos sorprenden, y al principio tal vez sentimos un poco de desconfianza: tratamos de ser prudentes y entender lo que est\u00e1 sucediendo.<\/p>\r\n<p style=\"text-align: justify\">Esta probablemente fue tambi\u00e9n la experiencia de la mujer samaritana, de la que se habla en el cap\u00edtulo cuarto del Evangelio de Juan (cf. 4,5-26). Ella no esperaba encontrar a un hombre en el pozo al mediod\u00eda, sino que esperaba no encontrar a nadie. De hecho, va a buscar agua al pozo a una hora inusual, cuando hace mucho calor. Quiz\u00e1 esta mujer se averg\u00fcenza de su vida, quiz\u00e1 se ha sentido juzgada, condenada, incomprendida, y por eso se ha aislado, ha roto las relaciones con todos.<\/p>\r\n<p style=\"text-align: justify\">Para ir a Galilea desde Judea, Jes\u00fas podr\u00eda haber elegido otro camino y no atravesar Samaria. Habr\u00eda sido incluso m\u00e1s seguro, dadas las tensas relaciones entre jud\u00edos y samaritanos. En cambio, \u00a1\u00c9l quiere pasar por all\u00ed y se detiene en ese pozo justo a esa hora! Jes\u00fas nos espera y hace que lo encontremos justo cuando pensamos que ya no hay esperanza para nosotros. El pozo, en el antiguo Oriente Medio, es un lugar de encuentro, donde a veces se conciertan matrimonios, es un lugar de compromiso. Jes\u00fas quiere ayudar a esta mujer a comprender d\u00f3nde buscar la verdadera respuesta a su deseo de ser amada.<\/p>\r\n<p style=\"text-align: justify\">El tema del deseo es fundamental para entender este encuentro. Jes\u00fas es el primero en expresar su deseo: \u00ab\u00a1Dame de beber!\u00bb (v. 10). Con tal de entablar un di\u00e1logo, Jes\u00fas se muestra d\u00e9bil, as\u00ed hace que la otra persona se sienta c\u00f3moda, hace que no se asuste. La sed es a menudo, tambi\u00e9n en la Biblia, la imagen del deseo. Pero Jes\u00fas aqu\u00ed tiene sed ante todo de la salvaci\u00f3n de esa mujer. \u00abEl que ped\u00eda de beber \u2014dice San Agust\u00edn\u2014 ten\u00eda sed de la fe de esta mujer\u00bb.\u00a0 [1]<\/p>\r\n<p style=\"text-align: justify\">Si Nicodemo hab\u00eda ido a Jes\u00fas de noche, aqu\u00ed Jes\u00fas se encuentra con la samaritana al mediod\u00eda, el momento en que hay m\u00e1s luz. De hecho, es un momento de revelaci\u00f3n. Jes\u00fas se da a conocer ante ella como el Mes\u00edas y, adem\u00e1s, arroja luz sobre su vida. La ayuda a releer de una manera nueva su historia, que es complicada y dolorosa: ha tenido cinco maridos y ahora est\u00e1 con un sexto que no es su marido. El n\u00famero seis no es casual, sino que suele indicar imperfecci\u00f3n. Quiz\u00e1 sea una alusi\u00f3n al s\u00e9ptimo esposo, el que finalmente podr\u00e1 saciar el deseo de esta mujer de ser amada de verdad. Y ese esposo solo puede ser Jes\u00fas.<\/p>\r\n<p style=\"text-align: justify\">Cuando se da cuenta de que Jes\u00fas conoce su vida, la mujer cambia el tema a la cuesti\u00f3n religiosa que divid\u00eda a jud\u00edos y samaritanos. Esto nos pasa a veces tambi\u00e9n a nosotros cuando rezamos: en el momento en que Dios toca nuestra vida con sus problemas, a veces nos perdemos en reflexiones que nos dan la ilusi\u00f3n de una oraci\u00f3n bien hecha. En realidad, hemos levantado barreras de protecci\u00f3n. Pero el Se\u00f1or es siempre m\u00e1s grande, y a aquella mujer samaritana, a la que seg\u00fan los esquemas culturales ni siquiera deber\u00eda haberle dirigido la palabra, le regala la revelaci\u00f3n m\u00e1s alta: le habla del Padre, que debe ser adorado en esp\u00edritu y en verdad. Y cuando ella, sorprendida una vez m\u00e1s, observa que es mejor esperar al Mes\u00edas para estas cosas, \u00c9l le dice: \u00abSoy yo, el que habla contigo\u00bb (v. 26). Es como una declaraci\u00f3n de amor: Aquel a quien esperas soy yo; Aquel que puede responder finalmente a tu deseo de ser amada.<\/p>\r\n<p style=\"text-align: justify\">En ese momento, la mujer corre a llamar a la gente del pueblo, porque es precisamente de la experiencia de sentirse amada de donde surge la misi\u00f3n. \u00bfY qu\u00e9 anuncio podr\u00eda haber llevado sino su experiencia de ser comprendida, acogida, perdonada? Es una imagen que deber\u00eda hacernos reflexionar sobre nuestra b\u00fasqueda de nuevas formas de evangelizar.<\/p>\r\n<p style=\"text-align: justify\">Como una persona enamorada, la samaritana olvida su \u00e1nfora a los pies de Jes\u00fas. El peso de esa \u00e1nfora sobre su cabeza, cada vez que volv\u00eda a casa, le recordaba su condici\u00f3n, su vida atribulada. Pero ahora el \u00e1nfora est\u00e1 depositada a los pies de Jes\u00fas. El pasado ya no es una carga; ella est\u00e1 reconciliada. Y lo mismo nos pasa a nosotros: para ir a anunciar el Evangelio, primero tenemos que dejar la carga de nuestra historia a los pies del Se\u00f1or, entregarle la carga de nuestro pasado. Solo las personas reconciliadas pueden llevar el Evangelio.<\/p>\r\n<p style=\"text-align: justify\">Queridos hermanos y hermanas, \u00a1no perdamos la esperanza! Aunque nuestra historia nos parezca pesada, complicada, tal vez incluso destrozada, siempre tenemos la posibilidad de entregarla a Dios y comenzar de nuevo nuestro camino. \u00a1Dios es misericordia y siempre nos espera!<\/p>\r\n<p>&nbsp;<\/p>\r\n<p style=\"text-align: right\"><em>Papa Francisco<\/em><\/p>\r\n<p>&nbsp;<\/p>\r\n","protected":false},"excerpt":{"rendered":"<p>Una mirada art\u00edstica a l\u2019Evangeli del Diumenge, un gentilesa de l\u2019Amadeu Bonet, artista. Ciclo de catequesis &#8211; Jubileo 2025. Jesucristo, nuestra esperanza. II. La vida de Jes\u00fas. Los encuentros. 2. La samaritana. \u00ab\u00a1Dame de beber!\u00bb (Jn 4,7). \u00a0 Queridos hermanos y hermanas: Despu\u00e9s de haber meditado sobre el encuentro de Jes\u00fas con Nicodemo, quien hab\u00eda &hellip; <\/p>\n<p><a class=\"more-link btn\" href=\"https:\/\/smaria.salou.arqtgn.cat\/es\/domingo-xiv-tiempo-ordinario-c-2025\/\">Seguir leyendo<\/a><\/p>\n","protected":false},"author":11,"featured_media":0,"comment_status":"closed","ping_status":"closed","sticky":false,"template":"","format":"standard","meta":{"footnotes":""},"categories":[52,49],"tags":[],"class_list":["post-24930","post","type-post","status-publish","format-standard","hentry","category-para-reflexionar","category-preparando-el-domingo","item-wrap"],"amp_enabled":true,"_links":{"self":[{"href":"https:\/\/smaria.salou.arqtgn.cat\/es\/wp-json\/wp\/v2\/posts\/24930","targetHints":{"allow":["GET"]}}],"collection":[{"href":"https:\/\/smaria.salou.arqtgn.cat\/es\/wp-json\/wp\/v2\/posts"}],"about":[{"href":"https:\/\/smaria.salou.arqtgn.cat\/es\/wp-json\/wp\/v2\/types\/post"}],"author":[{"embeddable":true,"href":"https:\/\/smaria.salou.arqtgn.cat\/es\/wp-json\/wp\/v2\/users\/11"}],"replies":[{"embeddable":true,"href":"https:\/\/smaria.salou.arqtgn.cat\/es\/wp-json\/wp\/v2\/comments?post=24930"}],"version-history":[{"count":4,"href":"https:\/\/smaria.salou.arqtgn.cat\/es\/wp-json\/wp\/v2\/posts\/24930\/revisions"}],"predecessor-version":[{"id":24934,"href":"https:\/\/smaria.salou.arqtgn.cat\/es\/wp-json\/wp\/v2\/posts\/24930\/revisions\/24934"}],"wp:attachment":[{"href":"https:\/\/smaria.salou.arqtgn.cat\/es\/wp-json\/wp\/v2\/media?parent=24930"}],"wp:term":[{"taxonomy":"category","embeddable":true,"href":"https:\/\/smaria.salou.arqtgn.cat\/es\/wp-json\/wp\/v2\/categories?post=24930"},{"taxonomy":"post_tag","embeddable":true,"href":"https:\/\/smaria.salou.arqtgn.cat\/es\/wp-json\/wp\/v2\/tags?post=24930"}],"curies":[{"name":"wp","href":"https:\/\/api.w.org\/{rel}","templated":true}]}}