{"id":24907,"date":"2025-06-27T07:58:48","date_gmt":"2025-06-27T05:58:48","guid":{"rendered":"https:\/\/smaria.salou.arqtgn.cat\/?p=24907"},"modified":"2025-06-27T08:06:14","modified_gmt":"2025-06-27T06:06:14","slug":"sant-pere-i-sant-pau-c-2025","status":"publish","type":"post","link":"https:\/\/smaria.salou.arqtgn.cat\/es\/sant-pere-i-sant-pau-c-2025\/","title":{"rendered":"SAN PEDRO Y SAN PABLO \/ C \/ 2025"},"content":{"rendered":"\r\n<table style=\"border-collapse: collapse;width: 100%\">\r\n<tbody>\r\n<tr>\r\n<td style=\"width: 50%\">\r\n<div id=\"attachment_24897\" style=\"width: 214px\" class=\"wp-caption aligncenter\"><a href=\"https:\/\/www.arquebisbattarragona.cat\/es\/recursos-pastorals\/lectures-dominicals\/\" target=\"_blank\" rel=\"noopener\"><img loading=\"lazy\" decoding=\"async\" aria-describedby=\"caption-attachment-24897\" class=\"wp-image-24897 size-medium\" src=\"https:\/\/smaria.salou.arqtgn.cat\/wp-content\/uploads\/sites\/10\/2025\/06\/Pere_i_Pau-214x300.jpg\" alt=\"\" width=\"214\" height=\"300\" srcset=\"https:\/\/smaria.salou.arqtgn.cat\/wp-content\/uploads\/sites\/10\/2025\/06\/Pere_i_Pau-214x300.jpg 214w, https:\/\/smaria.salou.arqtgn.cat\/wp-content\/uploads\/sites\/10\/2025\/06\/Pere_i_Pau-732x1024.jpg 732w, https:\/\/smaria.salou.arqtgn.cat\/wp-content\/uploads\/sites\/10\/2025\/06\/Pere_i_Pau-768x1074.jpg 768w, https:\/\/smaria.salou.arqtgn.cat\/wp-content\/uploads\/sites\/10\/2025\/06\/Pere_i_Pau-560x783.jpg 560w, https:\/\/smaria.salou.arqtgn.cat\/wp-content\/uploads\/sites\/10\/2025\/06\/Pere_i_Pau.jpg 915w\" sizes=\"auto, (max-width: 214px) 100vw, 214px\" \/><\/a><p id=\"caption-attachment-24897\" class=\"wp-caption-text\">Leer la Palabra de Dios<\/p><\/div>\r\n<\/td>\r\n<td style=\"width: 50%\">\r\n<div id=\"attachment_14542\" style=\"width: 227px\" class=\"wp-caption aligncenter\"><a href=\"https:\/\/hemeroteca.arqtgn.cat\/bitstream\/123456789\/14042\/2\/hd3929.pdf\" target=\"_blank\" rel=\"noopener\"><img loading=\"lazy\" decoding=\"async\" aria-describedby=\"caption-attachment-14542\" class=\"wp-image-14542\" src=\"https:\/\/smaria.salou.arqtgn.cat\/wp-content\/uploads\/sites\/10\/2021\/01\/full_es-300x176.jpg\" alt=\"\" width=\"227\" height=\"133\" srcset=\"https:\/\/smaria.salou.arqtgn.cat\/wp-content\/uploads\/sites\/10\/2021\/01\/full_es-300x176.jpg 300w, https:\/\/smaria.salou.arqtgn.cat\/wp-content\/uploads\/sites\/10\/2021\/01\/full_es.jpg 400w\" sizes=\"auto, (max-width: 227px) 100vw, 227px\" \/><\/a><p id=\"caption-attachment-14542\" class=\"wp-caption-text\">Leer la Hoja Dominical<\/p><\/div>\r\n<\/td>\r\n<\/tr>\r\n<\/tbody>\r\n<\/table>\r\n<p><iframe loading=\"lazy\" title=\"Carta dominical. \u00abEl sucesor de Pedro\u00bb\" width=\"560\" height=\"315\" src=\"https:\/\/www.youtube.com\/embed\/6YEQKT7brI0?feature=oembed\" frameborder=\"0\" allow=\"accelerometer; autoplay; clipboard-write; encrypted-media; gyroscope; picture-in-picture; web-share\" referrerpolicy=\"strict-origin-when-cross-origin\" allowfullscreen><\/iframe><\/p>\r\n<p><iframe loading=\"lazy\" title=\"\u00bfY t\u00fa qui\u00e9n eres? - 13\u00ba Domingo del Tiempo Ordinario, Ciclo C\" width=\"560\" height=\"315\" src=\"https:\/\/www.youtube.com\/embed\/Uixr4fHO6J4?feature=oembed\" frameborder=\"0\" allow=\"accelerometer; autoplay; clipboard-write; encrypted-media; gyroscope; picture-in-picture; web-share\" referrerpolicy=\"strict-origin-when-cross-origin\" allowfullscreen><\/iframe><\/p>\r\n<hr \/>\r\n<h4>Una mirada art\u00edstica a l\u2019Evangeli del Diumenge, un gentilesa de l\u2019<em>Amadeu Bonet<\/em>, artista.<a href=\"https:\/\/smaria.salou.arqtgn.cat\/wp-content\/uploads\/sites\/10\/2025\/06\/amadeu_250629.jpg\" target=\"_blank\" rel=\"noopener\"><img loading=\"lazy\" decoding=\"async\" class=\"aligncenter wp-image-24902 size-full\" src=\"https:\/\/smaria.salou.arqtgn.cat\/wp-content\/uploads\/sites\/10\/2025\/06\/amadeu_250629.jpg\" alt=\"\" width=\"800\" height=\"608\" srcset=\"https:\/\/smaria.salou.arqtgn.cat\/wp-content\/uploads\/sites\/10\/2025\/06\/amadeu_250629.jpg 800w, https:\/\/smaria.salou.arqtgn.cat\/wp-content\/uploads\/sites\/10\/2025\/06\/amadeu_250629-300x228.jpg 300w, https:\/\/smaria.salou.arqtgn.cat\/wp-content\/uploads\/sites\/10\/2025\/06\/amadeu_250629-768x584.jpg 768w, https:\/\/smaria.salou.arqtgn.cat\/wp-content\/uploads\/sites\/10\/2025\/06\/amadeu_250629-560x426.jpg 560w\" sizes=\"auto, (max-width: 800px) 100vw, 800px\" \/><\/a><\/h4>\r\n<hr \/>\r\n<h4 style=\"text-align: justify\">Ciclo de catequesis &#8211; Jubileo 2025. Jesucristo, nuestra esperanza. II. La vida de Jes\u00fas. Los encuentros. 1. Nicodemo. \u201cUstedes deben renacer de lo alto\u201d (Jn 3,7b).<\/h4>\r\n<p style=\"text-align: justify\">\u00a0<\/p>\r\n<p style=\"text-align: justify\">Queridos hermanos y hermanas, \u00a1buenos d\u00edas!<\/p>\r\n<p style=\"text-align: justify\">Con esta catequesis comenzamos a contemplar algunos encuentros narrados en los Evangelios, para comprender la forma en que Jes\u00fas da esperanza. De hecho, hay encuentros que iluminan la vida y traen esperanza. Puede suceder, por ejemplo, que alguien nos ayude a ver desde una perspectiva diferente una dificultad o un problema que estamos viviendo; o puede suceder que alguien simplemente nos regale una palabra que no nos haga sentir solos en el dolor que estamos atravesando. A veces tambi\u00e9n puede haber encuentros silenciosos, en los que no se dice nada, y sin embargo esos momentos nos ayudan a retomar el camino.<\/p>\r\n<p style=\"text-align: justify\">El primer encuentro en el que me gustar\u00eda detenerme es el de Jes\u00fas con Nicodemo, narrado en el cap\u00edtulo 3 del Evangelio de Juan. Empiezo por este episodio porque Nicodemo es un hombre que, con su historia, demuestra que es posible salir de la oscuridad y encontrar la valent\u00eda para seguir a Cristo.<\/p>\r\n<p style=\"text-align: justify\">Nicodemo va a ver a Jes\u00fas de noche: una hora inusual para un encuentro. En el lenguaje de Juan, las referencias temporales a menudo tienen un valor simb\u00f3lico: aqu\u00ed la noche es probablemente la que hay en el coraz\u00f3n de Nicodemo. Es un hombre que se encuentra en la oscuridad de las dudas, en esa oscuridad que vivimos cuando ya no entendemos lo que est\u00e1 sucediendo en nuestra vida y no vemos bien el camino a seguir.<\/p>\r\n<p style=\"text-align: justify\">Si uno est\u00e1 en la oscuridad, obviamente busca la luz. Y Juan, al comienzo de su Evangelio, escribe as\u00ed: \u00abVino a este mundo la luz verdadera, la que ilumina a todo hombre\u00bb (1,9). Nicodemo busca a Jes\u00fas porque intuye que \u00c9l puede iluminar la oscuridad de su coraz\u00f3n.<\/p>\r\n<p style=\"text-align: justify\">Sin embargo, el Evangelio nos cuenta que Nicodemo no logra comprender de inmediato lo que Jes\u00fas le dice. Y as\u00ed vemos que hay muchos malentendidos en este di\u00e1logo, y tambi\u00e9n mucha iron\u00eda, que es una caracter\u00edstica del evangelista Juan. Nicodemo no entiende lo que Jes\u00fas le dice porque sigue pensando con su l\u00f3gica y sus categor\u00edas. Es un hombre con una personalidad bien definida, tiene un papel p\u00fablico, es uno de los jefes de los jud\u00edos. Pero probablemente las cuentas ya no le salen. Nicodemo siente que algo ya no funciona en su vida. Siente la necesidad de cambiar, pero no sabe por d\u00f3nde empezar.<\/p>\r\n<p style=\"text-align: justify\">En algunos momentos de la vida esto nos sucede a todos. Si no aceptamos cambiar, si nos encerramos en nuestra rigidez, en nuestras costumbres o en nuestras formas de pensar, corremos el riesgo de morir. La vida radica en la capacidad de cambiar para encontrar una nueva forma de amar. De hecho, Jes\u00fas habla a Nicodemo de un nuevo nacimiento, que no solo es posible, sino incluso necesario en algunos momentos de nuestro camino. A decir verdad, la expresi\u00f3n utilizada en el texto ya es ambivalente en s\u00ed misma, porque an\u014dthen (\u1f04\u03bd\u03c9\u03b8\u03b5\u03bd) puede traducirse tanto como \u00abdesde arriba\u00bb como \u00abde nuevo\u00bb. Poco a poco, Nicodemo comprender\u00e1 que estos dos significados van juntos: si dejamos que el Esp\u00edritu Santo genere en nosotros una nueva vida, volveremos a nacer. Recuperaremos esa vida que quiz\u00e1s se estaba apagando en nosotros.<\/p>\r\n<p style=\"text-align: justify\">He elegido empezar por Nicodemo tambi\u00e9n porque es un hombre que, con su propia vida, demuestra que este cambio es posible. Nicodemo lo conseguir\u00e1: \u00a1al final estar\u00e1 entre los que van a Pilato a pedir el cuerpo de Jes\u00fas (cf. Jn 19,39)! Nicodemo ha salido a la luz por fin, ha renacido y ya no necesita estar en la noche.<\/p>\r\n<p style=\"text-align: justify\">Los cambios a veces nos asustan. Por un lado, nos atraen, a veces los deseamos, pero por otro preferir\u00edamos quedarnos en nuestras comodidades. Por eso el Esp\u00edritu nos anima a afrontar estos miedos. Jes\u00fas le recuerda a Nicodemo- que es un maestro en Israel- que tambi\u00e9n los israelitas tuvieron miedo mientras caminaban por el desierto. Y se fijaron tanto en sus preocupaciones que en un momento dado esos miedos tomaron la forma de serpientes venenosas (cf. Nm 21,4-9). Para ser liberados, deb\u00edan mirar la serpiente de bronce que Mois\u00e9s hab\u00eda colocado en una vara, es decir, deb\u00edan levantar la vista y estar frente al objeto que representaba sus miedos. Solo mirando de frente a lo que nos da miedo, podemos empezar a ser liberados.<\/p>\r\n<p style=\"text-align: justify\">Nicodemo, como todos nosotros, podr\u00e1 mirar al Crucificado, Aquel que venci\u00f3 la muerte, la ra\u00edz de todos nuestros miedos. Levantemos tambi\u00e9n nosotros la mirada hacia Aquel a quien traspasaron, dejemos que Jes\u00fas tambi\u00e9n se encuentre con nosotros. En \u00c9l encontramos la esperanza para afrontar los cambios de nuestra vida y renacer.<\/p>\r\n<p style=\"text-align: right\"><em>Papa Francisco<\/em><\/p>\r\n<p>&nbsp;<\/p>\r\n","protected":false},"excerpt":{"rendered":"<p>Una mirada art\u00edstica a l\u2019Evangeli del Diumenge, un gentilesa de l\u2019Amadeu Bonet, artista. Ciclo de catequesis &#8211; Jubileo 2025. Jesucristo, nuestra esperanza. II. La vida de Jes\u00fas. Los encuentros. 1. Nicodemo. \u201cUstedes deben renacer de lo alto\u201d (Jn 3,7b). \u00a0 Queridos hermanos y hermanas, \u00a1buenos d\u00edas! Con esta catequesis comenzamos a contemplar algunos encuentros narrados &hellip; <\/p>\n<p><a class=\"more-link btn\" href=\"https:\/\/smaria.salou.arqtgn.cat\/es\/sant-pere-i-sant-pau-c-2025\/\">Seguir leyendo<\/a><\/p>\n","protected":false},"author":11,"featured_media":0,"comment_status":"closed","ping_status":"closed","sticky":false,"template":"","format":"standard","meta":{"footnotes":""},"categories":[52,49],"tags":[],"class_list":["post-24907","post","type-post","status-publish","format-standard","hentry","category-para-reflexionar","category-preparando-el-domingo","item-wrap"],"amp_enabled":true,"_links":{"self":[{"href":"https:\/\/smaria.salou.arqtgn.cat\/es\/wp-json\/wp\/v2\/posts\/24907","targetHints":{"allow":["GET"]}}],"collection":[{"href":"https:\/\/smaria.salou.arqtgn.cat\/es\/wp-json\/wp\/v2\/posts"}],"about":[{"href":"https:\/\/smaria.salou.arqtgn.cat\/es\/wp-json\/wp\/v2\/types\/post"}],"author":[{"embeddable":true,"href":"https:\/\/smaria.salou.arqtgn.cat\/es\/wp-json\/wp\/v2\/users\/11"}],"replies":[{"embeddable":true,"href":"https:\/\/smaria.salou.arqtgn.cat\/es\/wp-json\/wp\/v2\/comments?post=24907"}],"version-history":[{"count":4,"href":"https:\/\/smaria.salou.arqtgn.cat\/es\/wp-json\/wp\/v2\/posts\/24907\/revisions"}],"predecessor-version":[{"id":24913,"href":"https:\/\/smaria.salou.arqtgn.cat\/es\/wp-json\/wp\/v2\/posts\/24907\/revisions\/24913"}],"wp:attachment":[{"href":"https:\/\/smaria.salou.arqtgn.cat\/es\/wp-json\/wp\/v2\/media?parent=24907"}],"wp:term":[{"taxonomy":"category","embeddable":true,"href":"https:\/\/smaria.salou.arqtgn.cat\/es\/wp-json\/wp\/v2\/categories?post=24907"},{"taxonomy":"post_tag","embeddable":true,"href":"https:\/\/smaria.salou.arqtgn.cat\/es\/wp-json\/wp\/v2\/tags?post=24907"}],"curies":[{"name":"wp","href":"https:\/\/api.w.org\/{rel}","templated":true}]}}