{"id":24886,"date":"2025-06-20T16:34:23","date_gmt":"2025-06-20T14:34:23","guid":{"rendered":"https:\/\/smaria.salou.arqtgn.cat\/?p=24886"},"modified":"2025-06-20T16:34:23","modified_gmt":"2025-06-20T14:34:23","slug":"corpus-christi-c-2025","status":"publish","type":"post","link":"https:\/\/smaria.salou.arqtgn.cat\/es\/corpus-christi-c-2025\/","title":{"rendered":"CORPUS CHRISTI \/ C \/ 2025"},"content":{"rendered":"\r\n<table style=\"border-collapse: collapse;width: 100%;height: 368px\">\r\n<tbody>\r\n<tr style=\"height: 368px\">\r\n<td style=\"width: 50%;height: 368px\">\r\n<div id=\"attachment_24877\" style=\"width: 282px\" class=\"wp-caption aligncenter\"><a href=\"https:\/\/www.arquebisbattarragona.cat\/recursos-pastorals\/lectures-dominicals\/\" target=\"_blank\" rel=\"noopener\"><img loading=\"lazy\" decoding=\"async\" aria-describedby=\"caption-attachment-24877\" class=\"wp-image-24877\" src=\"https:\/\/smaria.salou.arqtgn.cat\/wp-content\/uploads\/sites\/10\/2025\/06\/Corpus_Christi_01-300x300.jpg\" alt=\"\" width=\"282\" height=\"282\" srcset=\"https:\/\/smaria.salou.arqtgn.cat\/wp-content\/uploads\/sites\/10\/2025\/06\/Corpus_Christi_01-300x300.jpg 300w, https:\/\/smaria.salou.arqtgn.cat\/wp-content\/uploads\/sites\/10\/2025\/06\/Corpus_Christi_01-150x150.jpg 150w, https:\/\/smaria.salou.arqtgn.cat\/wp-content\/uploads\/sites\/10\/2025\/06\/Corpus_Christi_01-560x560.jpg 560w, https:\/\/smaria.salou.arqtgn.cat\/wp-content\/uploads\/sites\/10\/2025\/06\/Corpus_Christi_01.jpg 740w\" sizes=\"auto, (max-width: 282px) 100vw, 282px\" \/><\/a><p id=\"caption-attachment-24877\" class=\"wp-caption-text\">Llegir la Paraula de D\u00e9u<\/p><\/div>\r\n<\/td>\r\n<td style=\"width: 50%;height: 368px\">\r\n<div id=\"attachment_14542\" style=\"width: 205px\" class=\"wp-caption aligncenter\"><a href=\"https:\/\/hemeroteca.arqtgn.cat\/bitstream\/123456789\/14007\/2\/hd3928.pdf\" target=\"_blank\" rel=\"noopener\"><img loading=\"lazy\" decoding=\"async\" aria-describedby=\"caption-attachment-14542\" class=\"wp-image-14542\" src=\"https:\/\/smaria.salou.arqtgn.cat\/wp-content\/uploads\/sites\/10\/2021\/01\/full_es-300x176.jpg\" alt=\"\" width=\"205\" height=\"120\" srcset=\"https:\/\/smaria.salou.arqtgn.cat\/wp-content\/uploads\/sites\/10\/2021\/01\/full_es-300x176.jpg 300w, https:\/\/smaria.salou.arqtgn.cat\/wp-content\/uploads\/sites\/10\/2021\/01\/full_es.jpg 400w\" sizes=\"auto, (max-width: 205px) 100vw, 205px\" \/><\/a><p id=\"caption-attachment-14542\" class=\"wp-caption-text\">Leer la Hoja Dominical<\/p><\/div>\r\n<\/td>\r\n<\/tr>\r\n<\/tbody>\r\n<\/table>\r\n<p><iframe loading=\"lazy\" title=\"Carta dominical. \u00abVenid a la fiesta\u00bb\" width=\"560\" height=\"315\" src=\"https:\/\/www.youtube.com\/embed\/JJdOC_HiLgg?feature=oembed\" frameborder=\"0\" allow=\"accelerometer; autoplay; clipboard-write; encrypted-media; gyroscope; picture-in-picture; web-share\" referrerpolicy=\"strict-origin-when-cross-origin\" allowfullscreen><\/iframe><\/p>\r\n<p><iframe loading=\"lazy\" title=\"Una misteriosa realidad - Cuerpo y Sangre de Cristo, Ciclo C\" width=\"560\" height=\"315\" src=\"https:\/\/www.youtube.com\/embed\/KUGL-43wqTY?feature=oembed\" frameborder=\"0\" allow=\"accelerometer; autoplay; clipboard-write; encrypted-media; gyroscope; picture-in-picture; web-share\" referrerpolicy=\"strict-origin-when-cross-origin\" allowfullscreen><\/iframe><\/p>\r\n<hr \/>\r\n<h4>Una mirada art\u00edstica a l\u2019Evangeli del Diumenge, un gentilesa de l\u2019<em>Amadeu Bonet<\/em>, artista.<a href=\"https:\/\/smaria.salou.arqtgn.cat\/wp-content\/uploads\/sites\/10\/2025\/06\/amadeu_250622.jpg\" target=\"_blank\" rel=\"noopener\"><img loading=\"lazy\" decoding=\"async\" class=\"aligncenter wp-image-24882 size-full\" src=\"https:\/\/smaria.salou.arqtgn.cat\/wp-content\/uploads\/sites\/10\/2025\/06\/amadeu_250622.jpg\" alt=\"\" width=\"800\" height=\"608\" srcset=\"https:\/\/smaria.salou.arqtgn.cat\/wp-content\/uploads\/sites\/10\/2025\/06\/amadeu_250622.jpg 800w, https:\/\/smaria.salou.arqtgn.cat\/wp-content\/uploads\/sites\/10\/2025\/06\/amadeu_250622-300x228.jpg 300w, https:\/\/smaria.salou.arqtgn.cat\/wp-content\/uploads\/sites\/10\/2025\/06\/amadeu_250622-768x584.jpg 768w, https:\/\/smaria.salou.arqtgn.cat\/wp-content\/uploads\/sites\/10\/2025\/06\/amadeu_250622-560x426.jpg 560w\" sizes=\"auto, (max-width: 800px) 100vw, 800px\" \/><\/a><\/h4>\r\n<hr \/>\r\n<h4>Ciclo de catequesis &#8211; Jubileo 2025. Jesucristo, nuestra esperanza. I. La infancia de Jes\u00fas. 8. \u00abHijo, \u00bfpor qu\u00e9 nos has hecho esto?\u00bb (Lc 2,49). El hallazgo de Jes\u00fas en el Templo.<\/h4>\r\n<p>&nbsp;<\/p>\r\n<p style=\"text-align: justify\">Queridos hermanos y hermanas, \u00a1buenos d\u00edas!<\/p>\r\n<p style=\"text-align: justify\">En esta \u00faltima catequesis dedicada a la infancia de Jes\u00fas, nos inspiramos en la escena en la que, a los doce a\u00f1os, \u00c9l se qued\u00f3 en el Templo sin dec\u00edrselo a sus padres, quienes lo buscaron ansiosamente y lo encontraron despu\u00e9s de tres d\u00edas. Este relato nos presenta un di\u00e1logo muy interesante entre Mar\u00eda y Jes\u00fas, que nos ayuda a reflexionar sobre el camino de la madre de Jes\u00fas, un camino que ciertamente no fue f\u00e1cil. De hecho, Mar\u00eda ha recorri\u00f3 un itinerario espiritual a lo largo del cual avanz\u00f3 en la comprensi\u00f3n del misterio de su Hijo.<\/p>\r\n<p style=\"text-align: justify\">Pensemos en las diversas etapas de este camino. Al comienzo de su embarazo, Mar\u00eda visita a Isabel y se queda con ella durante tres meses, hasta el nacimiento del peque\u00f1o Juan. Luego, cuando ya est\u00e1 en el noveno mes, debido al censo, va con Jos\u00e9 a Bel\u00e9n, donde da a luz a Jes\u00fas. Despu\u00e9s de cuarenta d\u00edas van a Jerusal\u00e9n para la presentaci\u00f3n del ni\u00f1o; y luego cada a\u00f1o regresan en peregrinaci\u00f3n al Templo. Pero cuando Jes\u00fas era a\u00fan peque\u00f1o, se refugian en Egipto durante mucho tiempo para protegerlo de Herodes, y solamente despu\u00e9s de la muerte del rey se establecen de nuevo en Nazaret. Cuando Jes\u00fas, ya adulto, comienza su ministerio, Mar\u00eda est\u00e1 presente y es protagonista en las bodas de Can\u00e1; luego lo sigue \u00aba distancia\u00bb, hasta el \u00faltimo viaje a Jerusal\u00e9n, hasta la pasi\u00f3n y la muerte. Despu\u00e9s de la Resurrecci\u00f3n, Mar\u00eda permanece en Jerusal\u00e9n, como Madre de los disc\u00edpulos, sosteniendo su fe en espera de la efusi\u00f3n del Esp\u00edritu Santo.<\/p>\r\n<p style=\"text-align: justify\">En todo este camino, la Virgen es peregrina de esperanza, en el sentido profundo de que se convierte en la \u00abhija de su Hijo\u00bb, su primera disc\u00edpula. Mar\u00eda trajo al mundo a Jes\u00fas, esperanza de la humanidad: lo aliment\u00f3, lo hizo crecer, lo sigui\u00f3 dej\u00e1ndose plasmar, la primera, por la Palabra de Dios. En \u00e9sta, como dijo Benedicto XVI, Mar\u00eda \u00abest\u00e1 verdaderamente en su casa, sale de ella y entra en ella con naturalidad. Ella habla y piensa con la Palabra de Dios [&#8230;]. As\u00ed se revela, adem\u00e1s, que sus pensamientos est\u00e1n en sinton\u00eda con los pensamientos de Dios, que su voluntad es un querer junto con Dios. Al estar \u00edntimamente impregnada de la Palabra de Dios, puede convertirse en madre de la Palabra encarnada\u00bb (Enc. Deus caritas est, 41). Esta singular comuni\u00f3n con la Palabra de Dios no le ahorra, sin embargo, el esfuerzo de un exigente \u00abaprendizaje\u00bb.<\/p>\r\n<p style=\"text-align: justify\">La experiencia de la p\u00e9rdida de Jes\u00fas, que ten\u00eda doce a\u00f1os, durante la peregrinaci\u00f3n anual a Jerusal\u00e9n, asusta a Mar\u00eda hasta el punto de que se convierte en portavoz de Jos\u00e9 al reprender a su hijo: \u00abHijo, \u00bfpor qu\u00e9 nos has hecho esto? Tu padre y yo, angustiados, te busc\u00e1bamos\u00bb (Lc 2,48). Mar\u00eda y Jos\u00e9 sintieron el dolor de los padres que pierden a un hijo: ambos cre\u00edan que Jes\u00fas estaba en la caravana con los familiares, pero al no verlo durante todo un d\u00eda, comienzan la b\u00fasqueda que los llevar\u00e1 a volver atr\u00e1s. Al regresar al Templo, descubren que Aquel que hasta hac\u00eda poco era para ellos un ni\u00f1o al que proteger, ha crecido de repente, y es capaz ya de3 involucrarse en discusiones sobre las Escrituras sosteniendo la comparaci\u00f3n con los maestros de la Ley.<\/p>\r\n<p style=\"text-align: justify\">Ante el reproche de su madre, Jes\u00fas responde con sencillez desarmante: \u00ab\u00bfPor qu\u00e9 me buscaban? \u00bfNo sab\u00edan que yo debo ocuparme de los asuntos de mi Padre? (Lc 2,49). Mar\u00eda y Jos\u00e9 no comprenden: el misterio del Dios hecho ni\u00f1o supera su inteligencia. Los padres quieren proteger a ese hijo precios\u00edsimo bajo las alas de su amor; Jes\u00fas, en cambio, quiere vivir su vocaci\u00f3n de Hijo del Padre que est\u00e1 a su servicio y vive inmerso en su Palabra.<\/p>\r\n<p style=\"text-align: justify\">Los relatos de la infancia de Lucas se cierran, as\u00ed, con las \u00faltimas palabras de Mar\u00eda, que recuerdan la paternidad de Jos\u00e9 hacia Jes\u00fas, y con las primeras palabras de Jes\u00fas, que reconocen c\u00f3mo esta paternidad tiene su origen en la de su Padre celestial, de quien reconoce el primado indiscutible.<\/p>\r\n<p style=\"text-align: justify\">Queridos hermanos y hermanas, como Mar\u00eda y Jos\u00e9, llenos de esperanza, pong\u00e1monos tambi\u00e9n nosotros en camino tras las huellas del Se\u00f1or, que no se deja encerrar en nuestros esquemas y se deja encontrar no tanto en un lugar, sino en la respuesta de amor a la tierna paternidad divina, respuesta de amor que es la vida filial.<\/p>\r\n<p style=\"text-align: right\"><em>Papa Francisco<\/em><\/p>\r\n<p>&nbsp;<\/p>\r\n","protected":false},"excerpt":{"rendered":"<p>Una mirada art\u00edstica a l\u2019Evangeli del Diumenge, un gentilesa de l\u2019Amadeu Bonet, artista. Ciclo de catequesis &#8211; Jubileo 2025. Jesucristo, nuestra esperanza. I. La infancia de Jes\u00fas. 8. \u00abHijo, \u00bfpor qu\u00e9 nos has hecho esto?\u00bb (Lc 2,49). El hallazgo de Jes\u00fas en el Templo. &nbsp; Queridos hermanos y hermanas, \u00a1buenos d\u00edas! En esta \u00faltima catequesis &hellip; <\/p>\n<p><a class=\"more-link btn\" href=\"https:\/\/smaria.salou.arqtgn.cat\/es\/corpus-christi-c-2025\/\">Seguir leyendo<\/a><\/p>\n","protected":false},"author":11,"featured_media":0,"comment_status":"closed","ping_status":"closed","sticky":false,"template":"","format":"standard","meta":{"footnotes":""},"categories":[52,49],"tags":[],"class_list":["post-24886","post","type-post","status-publish","format-standard","hentry","category-para-reflexionar","category-preparando-el-domingo","item-wrap"],"amp_enabled":true,"_links":{"self":[{"href":"https:\/\/smaria.salou.arqtgn.cat\/es\/wp-json\/wp\/v2\/posts\/24886","targetHints":{"allow":["GET"]}}],"collection":[{"href":"https:\/\/smaria.salou.arqtgn.cat\/es\/wp-json\/wp\/v2\/posts"}],"about":[{"href":"https:\/\/smaria.salou.arqtgn.cat\/es\/wp-json\/wp\/v2\/types\/post"}],"author":[{"embeddable":true,"href":"https:\/\/smaria.salou.arqtgn.cat\/es\/wp-json\/wp\/v2\/users\/11"}],"replies":[{"embeddable":true,"href":"https:\/\/smaria.salou.arqtgn.cat\/es\/wp-json\/wp\/v2\/comments?post=24886"}],"version-history":[{"count":6,"href":"https:\/\/smaria.salou.arqtgn.cat\/es\/wp-json\/wp\/v2\/posts\/24886\/revisions"}],"predecessor-version":[{"id":24892,"href":"https:\/\/smaria.salou.arqtgn.cat\/es\/wp-json\/wp\/v2\/posts\/24886\/revisions\/24892"}],"wp:attachment":[{"href":"https:\/\/smaria.salou.arqtgn.cat\/es\/wp-json\/wp\/v2\/media?parent=24886"}],"wp:term":[{"taxonomy":"category","embeddable":true,"href":"https:\/\/smaria.salou.arqtgn.cat\/es\/wp-json\/wp\/v2\/categories?post=24886"},{"taxonomy":"post_tag","embeddable":true,"href":"https:\/\/smaria.salou.arqtgn.cat\/es\/wp-json\/wp\/v2\/tags?post=24886"}],"curies":[{"name":"wp","href":"https:\/\/api.w.org\/{rel}","templated":true}]}}