{"id":24781,"date":"2025-05-30T12:08:04","date_gmt":"2025-05-30T10:08:04","guid":{"rendered":"https:\/\/smaria.salou.arqtgn.cat\/?p=24781"},"modified":"2025-05-30T12:13:13","modified_gmt":"2025-05-30T10:13:13","slug":"ascension-del-senor-c-2025","status":"publish","type":"post","link":"https:\/\/smaria.salou.arqtgn.cat\/es\/ascension-del-senor-c-2025\/","title":{"rendered":"ASCENSI\u00d3N del SE\u00d1OR \/ C \/ 2025"},"content":{"rendered":"\r\n<table style=\"border-collapse: collapse;width: 100%\">\r\n<tbody>\r\n<tr>\r\n<td style=\"width: 50%\">\r\n<div id=\"attachment_24773\" style=\"width: 300px\" class=\"wp-caption aligncenter\"><a href=\"https:\/\/www.arquebisbattarragona.cat\/es\/recursos-pastorals\/lectures-dominicals\/\" target=\"_blank\" rel=\"noopener\"><img loading=\"lazy\" decoding=\"async\" aria-describedby=\"caption-attachment-24773\" class=\"wp-image-24773 size-medium\" src=\"https:\/\/smaria.salou.arqtgn.cat\/wp-content\/uploads\/sites\/10\/2025\/05\/ASCENSIO_C_25_I-300x212.jpg\" alt=\"\" width=\"300\" height=\"212\" srcset=\"https:\/\/smaria.salou.arqtgn.cat\/wp-content\/uploads\/sites\/10\/2025\/05\/ASCENSIO_C_25_I-300x212.jpg 300w, https:\/\/smaria.salou.arqtgn.cat\/wp-content\/uploads\/sites\/10\/2025\/05\/ASCENSIO_C_25_I-768x542.jpg 768w, https:\/\/smaria.salou.arqtgn.cat\/wp-content\/uploads\/sites\/10\/2025\/05\/ASCENSIO_C_25_I-560x396.jpg 560w, https:\/\/smaria.salou.arqtgn.cat\/wp-content\/uploads\/sites\/10\/2025\/05\/ASCENSIO_C_25_I.jpg 800w\" sizes=\"auto, (max-width: 300px) 100vw, 300px\" \/><\/a><p id=\"caption-attachment-24773\" class=\"wp-caption-text\">Lleer la Palabra de Dios<\/p><\/div>\r\n<\/td>\r\n<td style=\"width: 50%\">\r\n<div id=\"attachment_14542\" style=\"width: 223px\" class=\"wp-caption aligncenter\"><a href=\"https:\/\/hemeroteca.arqtgn.cat\/bitstream\/123456789\/13905\/2\/hd3925.pdf\" target=\"_blank\" rel=\"noopener\"><img loading=\"lazy\" decoding=\"async\" aria-describedby=\"caption-attachment-14542\" class=\"wp-image-14542\" src=\"https:\/\/smaria.salou.arqtgn.cat\/wp-content\/uploads\/sites\/10\/2021\/01\/full_es-300x176.jpg\" alt=\"\" width=\"223\" height=\"131\" srcset=\"https:\/\/smaria.salou.arqtgn.cat\/wp-content\/uploads\/sites\/10\/2021\/01\/full_es-300x176.jpg 300w, https:\/\/smaria.salou.arqtgn.cat\/wp-content\/uploads\/sites\/10\/2021\/01\/full_es.jpg 400w\" sizes=\"auto, (max-width: 223px) 100vw, 223px\" \/><\/a><p id=\"caption-attachment-14542\" class=\"wp-caption-text\">Leer la Hoja Dominical<\/p><\/div>\r\n<\/td>\r\n<\/tr>\r\n<\/tbody>\r\n<\/table>\r\n<p><iframe loading=\"lazy\" title=\"Carta dominical. \u00abEl tiempo de la Iglesia\u00bb\" width=\"560\" height=\"315\" src=\"https:\/\/www.youtube.com\/embed\/I00QPHFe_xA?feature=oembed\" frameborder=\"0\" allow=\"accelerometer; autoplay; clipboard-write; encrypted-media; gyroscope; picture-in-picture; web-share\" referrerpolicy=\"strict-origin-when-cross-origin\" allowfullscreen><\/iframe><\/p>\r\n<p><iframe loading=\"lazy\" title=\"Me quedo en la promesa - Domingo de la Ascensi\u00f3n, Ciclo B\" width=\"560\" height=\"315\" src=\"https:\/\/www.youtube.com\/embed\/nIfWnHa6J-k?feature=oembed\" frameborder=\"0\" allow=\"accelerometer; autoplay; clipboard-write; encrypted-media; gyroscope; picture-in-picture; web-share\" referrerpolicy=\"strict-origin-when-cross-origin\" allowfullscreen><\/iframe><\/p>\r\n<hr \/>\r\n<h4>Una mirada art\u00edstica a l\u2019Evangeli del Diumenge, un gentilesa de l\u2019<em>Amadeu Bonet<\/em>, artista.<a href=\"https:\/\/smaria.salou.arqtgn.cat\/wp-content\/uploads\/sites\/10\/2025\/05\/IMG-20250528-WA00041.jpg\" target=\"_blank\" rel=\"noopener\"><img loading=\"lazy\" decoding=\"async\" class=\"aligncenter wp-image-24778 size-full\" src=\"https:\/\/smaria.salou.arqtgn.cat\/wp-content\/uploads\/sites\/10\/2025\/05\/IMG-20250528-WA00041.jpg\" alt=\"\" width=\"800\" height=\"608\" srcset=\"https:\/\/smaria.salou.arqtgn.cat\/wp-content\/uploads\/sites\/10\/2025\/05\/IMG-20250528-WA00041.jpg 800w, https:\/\/smaria.salou.arqtgn.cat\/wp-content\/uploads\/sites\/10\/2025\/05\/IMG-20250528-WA00041-300x228.jpg 300w, https:\/\/smaria.salou.arqtgn.cat\/wp-content\/uploads\/sites\/10\/2025\/05\/IMG-20250528-WA00041-768x584.jpg 768w, https:\/\/smaria.salou.arqtgn.cat\/wp-content\/uploads\/sites\/10\/2025\/05\/IMG-20250528-WA00041-560x426.jpg 560w\" sizes=\"auto, (max-width: 800px) 100vw, 800px\" \/><\/a><\/h4>\r\n<hr \/>\r\n<h4>Ciclo de catequesis &#8211; Jubileo 2025. Jesucristo, nuestra esperanza. I. La infancia de Jes\u00fas. 5. \u00abLes ha nacido un Salvador, que es Cristo el Se\u00f1or \u00bb (Lc 2,11). El nacimiento de Jes\u00fas y la visita de los pastores<\/h4>\r\n<p>&nbsp;<\/p>\r\n<p style=\"text-align: justify\">\u00a1Queridos hermanos y hermanas, buenos d\u00edas!<\/p>\r\n<p style=\"text-align: justify\">En nuestro camino jubilar de catequesis sobre Jes\u00fas, que es nuestra esperanza, hoy nos detenemos en el acontecimiento de su nacimiento en Bel\u00e9n.<\/p>\r\n<p style=\"text-align: justify\">El Hijo de Dios entra en la historia convirti\u00e9ndose en nuestro compa\u00f1ero de viaje, y comienza a viajar cuando a\u00fan est\u00e1 en el vientre de su madre. El evangelista Lucas nos cuenta que, apenas concebido, fue desde Nazaret hasta la casa de Zacar\u00edas e Isabel; y luego, al final del embarazo, de Nazaret a Bel\u00e9n para el censo. Mar\u00eda y Jos\u00e9 se vieron obligados a ir a la ciudad del rey David, donde tambi\u00e9n hab\u00eda nacido Jos\u00e9. El Mes\u00edas tan esperado, el Hijo del Dios Alt\u00edsimo, se deja censar, es decir, contar y registrar, como cualquier otro ciudadano. Se somete al decreto de un emperador, C\u00e9sar Augusto, que se cree el amo de toda la tierra.<\/p>\r\n<p style=\"text-align: justify\">Lucas sit\u00faa el nacimiento de Jes\u00fas en \u00abun tiempo que se puede determinar con precisi\u00f3n\u00bb y en \u00abun entorno geogr\u00e1fico indicado con exactitud\u00bb, de modo que \u00ablo universal y lo concreto se tocan rec\u00edprocamente\u00bb (Benedicto XVI, La infancia de Jes\u00fas, 2012, 77). Dios, que entra en la historia, no desestabiliza las estructuras del mundo, sino que quiere iluminarlas y recrearlas desde dentro.<\/p>\r\n<p style=\"text-align: justify\">Bel\u00e9n significa \u00abcasa del pan\u00bb. All\u00ed se cumplieron para Mar\u00eda los d\u00edas del parto y all\u00ed naci\u00f3 Jes\u00fas, Pan bajado del cielo para saciar el hambre del mundo (cf. Jn 6,51). El \u00e1ngel Gabriel hab\u00eda anunciado el nacimiento del Rey mesi\u00e1nico con el signo de la grandeza: \u00abHe aqu\u00ed que concebir\u00e1s en tu seno y dar\u00e1s a luz un hijo, a quien pondr\u00e1s por nombre Jes\u00fas. \u00c9l ser\u00e1 grande y ser\u00e1 llamado Hijo del Alt\u00edsimo, y el Se\u00f1or Dios le dar\u00e1 el trono de David, su padre, y reinar\u00e1 sobre la casa de Jacob para siempre, y su reino no tendr\u00e1 fin\u00bb (Lc 1,32-33).<\/p>\r\n<p style=\"text-align: justify\">Sin embargo, Jes\u00fas nace de una forma totalmente in\u00e9dita para un rey. De hecho, \u00abmientras estaban en aquel lugar, se le cumplieron los d\u00edas del parto. Dio a luz a su hijo primog\u00e9nito, lo envolvi\u00f3 en pa\u00f1ales y lo acost\u00f3 en un pesebre, porque no hab\u00eda sitio para ellos en el albergue\u00bb (Lc 2,6-7). El Hijo de Dios no nace en un palacio real, sino en la parte trasera de una casa, en el espacio donde est\u00e1n los animales.<\/p>\r\n<p style=\"text-align: justify\">Lucas nos muestra as\u00ed que Dios no viene al mundo con sonoras proclamas, no se manifiesta con clamor, sino que comienza su viaje en la humildad. \u00bfY qui\u00e9nes son los primeros testigos de este acontecimiento? Son unos pastores: hombres con poca cultura, malolientes por el contacto constante con los animales, que viven al margen de la sociedad. Sin embargo, ejercen el oficio por el que Dios mismo se da a conocer a su pueblo (cf. Gn 48,15; 49,24; Sal 23,1; 80,2; Is 40,11). Dios los elige para que sean los destinatarios de la noticia m\u00e1s maravillosa que jam\u00e1s haya resonado en la historia: \u00abNo teman: porque les anuncio una gran alegr\u00eda para todo el pueblo: hoy, en la ciudad de David, les ha nacido un Salvador, que es Cristo el Se\u00f1or. Esto les servir\u00e1 de se\u00f1al: encontrar\u00e1n a un ni\u00f1o reci\u00e9n nacido envuelto en pa\u00f1ales, acostado en un pesebre\u00bb (Lc 2,10-12).<\/p>\r\n<p style=\"text-align: justify\">El lugar al que acudir para conocer al Mes\u00edas es un pesebre. Sucede, en efecto, que, despu\u00e9s de tanta espera, \u00abpara el Salvador del mundo, para Aquel en vista del cual todo fue creado (cf. Col 1,16), no hay sitio\u00bb (Benedicto XVI, La infancia de Jes\u00fas, 2012, 80). Los pastores se enteran as\u00ed de que, en un lugar muy humilde, reservado a los animales, nace para ellos el Mes\u00edas tan esperado, para ser su Salvador, su Pastor. Esta noticia abre sus corazones al asombro, a la alabanza y a la proclamaci\u00f3n gozosa. \u00abA diferencia de tanta gente que pretende hacer otras mil cosas, los pastores se convierten en los primeros testigos de lo esencial, es decir, de la salvaci\u00f3n que se les ofrece. Son los m\u00e1s humildes y los m\u00e1s pobres quienes saben acoger el acontecimiento de la Encarnaci\u00f3n\u00bb (Carta ap. Admirabile signum, 5).<\/p>\r\n<p style=\"text-align: justify\">Hermanos y hermanas, pidamos tambi\u00e9n nosotros la gracia de ser, como los pastores, capaces de asombro y alabanza ante Dios, y capaces de custodiar lo que \u00c9l nos ha confiado: nuestros talentos, nuestros carismas, nuestra vocaci\u00f3n y las personas que \u00c9l pone a nuestro lado. Pidamos al Se\u00f1or saber discernir en la debilidad la fuerza extraordinaria del Ni\u00f1o Dios, que viene para renovar el mundo y transformar nuestras vidas con su proyecto lleno de esperanza para toda la humanidad.<\/p>\r\n","protected":false},"excerpt":{"rendered":"<p>Una mirada art\u00edstica a l\u2019Evangeli del Diumenge, un gentilesa de l\u2019Amadeu Bonet, artista. Ciclo de catequesis &#8211; Jubileo 2025. Jesucristo, nuestra esperanza. I. La infancia de Jes\u00fas. 5. \u00abLes ha nacido un Salvador, que es Cristo el Se\u00f1or \u00bb (Lc 2,11). El nacimiento de Jes\u00fas y la visita de los pastores &nbsp; \u00a1Queridos hermanos y &hellip; <\/p>\n<p><a class=\"more-link btn\" href=\"https:\/\/smaria.salou.arqtgn.cat\/es\/ascension-del-senor-c-2025\/\">Seguir leyendo<\/a><\/p>\n","protected":false},"author":11,"featured_media":0,"comment_status":"closed","ping_status":"closed","sticky":false,"template":"","format":"standard","meta":{"footnotes":""},"categories":[52,49],"tags":[],"class_list":["post-24781","post","type-post","status-publish","format-standard","hentry","category-para-reflexionar","category-preparando-el-domingo","item-wrap"],"amp_enabled":true,"_links":{"self":[{"href":"https:\/\/smaria.salou.arqtgn.cat\/es\/wp-json\/wp\/v2\/posts\/24781","targetHints":{"allow":["GET"]}}],"collection":[{"href":"https:\/\/smaria.salou.arqtgn.cat\/es\/wp-json\/wp\/v2\/posts"}],"about":[{"href":"https:\/\/smaria.salou.arqtgn.cat\/es\/wp-json\/wp\/v2\/types\/post"}],"author":[{"embeddable":true,"href":"https:\/\/smaria.salou.arqtgn.cat\/es\/wp-json\/wp\/v2\/users\/11"}],"replies":[{"embeddable":true,"href":"https:\/\/smaria.salou.arqtgn.cat\/es\/wp-json\/wp\/v2\/comments?post=24781"}],"version-history":[{"count":5,"href":"https:\/\/smaria.salou.arqtgn.cat\/es\/wp-json\/wp\/v2\/posts\/24781\/revisions"}],"predecessor-version":[{"id":24788,"href":"https:\/\/smaria.salou.arqtgn.cat\/es\/wp-json\/wp\/v2\/posts\/24781\/revisions\/24788"}],"wp:attachment":[{"href":"https:\/\/smaria.salou.arqtgn.cat\/es\/wp-json\/wp\/v2\/media?parent=24781"}],"wp:term":[{"taxonomy":"category","embeddable":true,"href":"https:\/\/smaria.salou.arqtgn.cat\/es\/wp-json\/wp\/v2\/categories?post=24781"},{"taxonomy":"post_tag","embeddable":true,"href":"https:\/\/smaria.salou.arqtgn.cat\/es\/wp-json\/wp\/v2\/tags?post=24781"}],"curies":[{"name":"wp","href":"https:\/\/api.w.org\/{rel}","templated":true}]}}