{"id":24764,"date":"2025-05-30T09:12:18","date_gmt":"2025-05-30T07:12:18","guid":{"rendered":"https:\/\/smaria.salou.arqtgn.cat\/?p=24764"},"modified":"2025-05-30T09:16:33","modified_gmt":"2025-05-30T07:16:33","slug":"defuncion-de-jose-luis-menchero-vazquez","status":"publish","type":"post","link":"https:\/\/smaria.salou.arqtgn.cat\/es\/defuncion-de-jose-luis-menchero-vazquez\/","title":{"rendered":"Defunci\u00f3n de Jos\u00e9 Lu\u00eds Menchero V\u00e1zquez"},"content":{"rendered":"<p><img loading=\"lazy\" decoding=\"async\" class=\"wp-image-21893 alignleft\" src=\"https:\/\/smaria.salou.arqtgn.cat\/wp-content\/uploads\/sites\/10\/2024\/01\/memora.jpg\" alt=\"\" width=\"124\" height=\"126\" srcset=\"https:\/\/smaria.salou.arqtgn.cat\/wp-content\/uploads\/sites\/10\/2024\/01\/memora.jpg 721w, https:\/\/smaria.salou.arqtgn.cat\/wp-content\/uploads\/sites\/10\/2024\/01\/memora-294x300.jpg 294w, https:\/\/smaria.salou.arqtgn.cat\/wp-content\/uploads\/sites\/10\/2024\/01\/memora-560x571.jpg 560w\" sizes=\"auto, (max-width: 124px) 100vw, 124px\" \/><strong>Edad: <\/strong>76 a\u00f1os<\/p>\n<p><strong>Lugar de la ceremonia<\/strong>: Tanatorio Municipal de Salou<\/p>\n<p><strong>Fecha y hora: <\/strong>s\u00e1bado,\u00a0 31 de mayo de 2025, a las 15:30h<\/p>\n<p><em>Jes\u00fas dijo: Jo soy la resurecci\u00f3n y la vida. Quien cree en mi, aunque muera, vivir\u00e1; y todo aquel que vive y cree en mi, no morir\u00e1 nunca<\/em>. <em>Jn 11, 25-26 <\/em><\/p>\n","protected":false},"excerpt":{"rendered":"<p>Edad: 76 a\u00f1os Lugar de la ceremonia: Tanatorio Municipal de Salou Fecha y hora: s\u00e1bado,\u00a0 31 de mayo de 2025, a las 15:30h Jes\u00fas dijo: Jo soy la resurecci\u00f3n y la vida. Quien cree en mi, aunque muera, vivir\u00e1; y todo aquel que vive y cree en mi, no morir\u00e1 nunca. Jn 11, 25-26<\/p>\n","protected":false},"author":11,"featured_media":0,"comment_status":"closed","ping_status":"closed","sticky":false,"template":"","format":"standard","meta":{"footnotes":""},"categories":[51],"tags":[],"class_list":["post-24764","post","type-post","status-publish","format-standard","hentry","category-defunciones","item-wrap"],"amp_enabled":true,"_links":{"self":[{"href":"https:\/\/smaria.salou.arqtgn.cat\/es\/wp-json\/wp\/v2\/posts\/24764","targetHints":{"allow":["GET"]}}],"collection":[{"href":"https:\/\/smaria.salou.arqtgn.cat\/es\/wp-json\/wp\/v2\/posts"}],"about":[{"href":"https:\/\/smaria.salou.arqtgn.cat\/es\/wp-json\/wp\/v2\/types\/post"}],"author":[{"embeddable":true,"href":"https:\/\/smaria.salou.arqtgn.cat\/es\/wp-json\/wp\/v2\/users\/11"}],"replies":[{"embeddable":true,"href":"https:\/\/smaria.salou.arqtgn.cat\/es\/wp-json\/wp\/v2\/comments?post=24764"}],"version-history":[{"count":3,"href":"https:\/\/smaria.salou.arqtgn.cat\/es\/wp-json\/wp\/v2\/posts\/24764\/revisions"}],"predecessor-version":[{"id":24768,"href":"https:\/\/smaria.salou.arqtgn.cat\/es\/wp-json\/wp\/v2\/posts\/24764\/revisions\/24768"}],"wp:attachment":[{"href":"https:\/\/smaria.salou.arqtgn.cat\/es\/wp-json\/wp\/v2\/media?parent=24764"}],"wp:term":[{"taxonomy":"category","embeddable":true,"href":"https:\/\/smaria.salou.arqtgn.cat\/es\/wp-json\/wp\/v2\/categories?post=24764"},{"taxonomy":"post_tag","embeddable":true,"href":"https:\/\/smaria.salou.arqtgn.cat\/es\/wp-json\/wp\/v2\/tags?post=24764"}],"curies":[{"name":"wp","href":"https:\/\/api.w.org\/{rel}","templated":true}]}}