{"id":24749,"date":"2025-05-16T08:28:44","date_gmt":"2025-05-16T06:28:44","guid":{"rendered":"https:\/\/smaria.salou.arqtgn.cat\/?p=24749"},"modified":"2025-05-16T08:28:44","modified_gmt":"2025-05-16T06:28:44","slug":"domingo-v-de-pascua-c","status":"publish","type":"post","link":"https:\/\/smaria.salou.arqtgn.cat\/es\/domingo-v-de-pascua-c\/","title":{"rendered":"DOMINGO V de PASCUA \/ C"},"content":{"rendered":"\r\n<table style=\"border-collapse: collapse;width: 100%\">\r\n<tbody>\r\n<tr>\r\n<td style=\"width: 50%\">\r\n<div id=\"attachment_24739\" style=\"width: 300px\" class=\"wp-caption aligncenter\"><a href=\"https:\/\/www.arquebisbattarragona.cat\/es\/recursos-pastorals\/lectures-dominicals\/\" target=\"_blank\" rel=\"noopener\"><img loading=\"lazy\" decoding=\"async\" aria-describedby=\"caption-attachment-24739\" class=\"wp-image-24739 size-medium\" src=\"https:\/\/smaria.salou.arqtgn.cat\/wp-content\/uploads\/sites\/10\/2025\/05\/P_05_C_25_i-300x212.jpg\" alt=\"\" width=\"300\" height=\"212\" srcset=\"https:\/\/smaria.salou.arqtgn.cat\/wp-content\/uploads\/sites\/10\/2025\/05\/P_05_C_25_i-300x212.jpg 300w, https:\/\/smaria.salou.arqtgn.cat\/wp-content\/uploads\/sites\/10\/2025\/05\/P_05_C_25_i-1024x724.jpg 1024w, https:\/\/smaria.salou.arqtgn.cat\/wp-content\/uploads\/sites\/10\/2025\/05\/P_05_C_25_i-768x543.jpg 768w, https:\/\/smaria.salou.arqtgn.cat\/wp-content\/uploads\/sites\/10\/2025\/05\/P_05_C_25_i-1536x1085.jpg 1536w, https:\/\/smaria.salou.arqtgn.cat\/wp-content\/uploads\/sites\/10\/2025\/05\/P_05_C_25_i-560x396.jpg 560w, https:\/\/smaria.salou.arqtgn.cat\/wp-content\/uploads\/sites\/10\/2025\/05\/P_05_C_25_i.jpg 1588w\" sizes=\"auto, (max-width: 300px) 100vw, 300px\" \/><\/a><p id=\"caption-attachment-24739\" class=\"wp-caption-text\">Leer la Palabra de Dios<\/p><\/div>\r\n<\/td>\r\n<td style=\"width: 50%\">\r\n<div id=\"attachment_14542\" style=\"width: 213px\" class=\"wp-caption aligncenter\"><a href=\"https:\/\/hemeroteca.arqtgn.cat\/bitstream\/123456789\/13900\/2\/hd3923.pdf\" target=\"_blank\" rel=\"noopener\"><img loading=\"lazy\" decoding=\"async\" aria-describedby=\"caption-attachment-14542\" class=\"wp-image-14542\" src=\"https:\/\/smaria.salou.arqtgn.cat\/wp-content\/uploads\/sites\/10\/2021\/01\/full_es-300x176.jpg\" alt=\"\" width=\"213\" height=\"125\" srcset=\"https:\/\/smaria.salou.arqtgn.cat\/wp-content\/uploads\/sites\/10\/2021\/01\/full_es-300x176.jpg 300w, https:\/\/smaria.salou.arqtgn.cat\/wp-content\/uploads\/sites\/10\/2021\/01\/full_es.jpg 400w\" sizes=\"auto, (max-width: 213px) 100vw, 213px\" \/><\/a><p id=\"caption-attachment-14542\" class=\"wp-caption-text\">Leer la Hoja Dominical<\/p><\/div>\r\n<\/td>\r\n<\/tr>\r\n<\/tbody>\r\n<\/table>\r\n<p><iframe loading=\"lazy\" title=\"Carta dominical. \u00abUn Papa esperanzador\u00bb\" width=\"560\" height=\"315\" src=\"https:\/\/www.youtube.com\/embed\/oc9__i_WjPs?feature=oembed\" frameborder=\"0\" allow=\"accelerometer; autoplay; clipboard-write; encrypted-media; gyroscope; picture-in-picture; web-share\" referrerpolicy=\"strict-origin-when-cross-origin\" allowfullscreen><\/iframe><\/p>\r\n<p><iframe loading=\"lazy\" title=\"Renovados - 5\u00ba Domingo de Pascua, Ciclo C\" width=\"560\" height=\"315\" src=\"https:\/\/www.youtube.com\/embed\/AP_5kpdpHq4?feature=oembed\" frameborder=\"0\" allow=\"accelerometer; autoplay; clipboard-write; encrypted-media; gyroscope; picture-in-picture; web-share\" referrerpolicy=\"strict-origin-when-cross-origin\" allowfullscreen><\/iframe><\/p>\r\n<hr \/>\r\n<h4>Una mirada art\u00edstica a l\u2019Evangeli del Diumenge, un gentilesa de l\u2019<em>Amadeu Bonet<\/em>, artista.<a href=\"https:\/\/smaria.salou.arqtgn.cat\/wp-content\/uploads\/sites\/10\/2025\/05\/IMG-20250425-WA02021.jpg\" target=\"_blank\" rel=\"noopener\"><img loading=\"lazy\" decoding=\"async\" class=\"aligncenter wp-image-24745 size-full\" src=\"https:\/\/smaria.salou.arqtgn.cat\/wp-content\/uploads\/sites\/10\/2025\/05\/IMG-20250425-WA02021.jpg\" alt=\"\" width=\"800\" height=\"608\" srcset=\"https:\/\/smaria.salou.arqtgn.cat\/wp-content\/uploads\/sites\/10\/2025\/05\/IMG-20250425-WA02021.jpg 800w, https:\/\/smaria.salou.arqtgn.cat\/wp-content\/uploads\/sites\/10\/2025\/05\/IMG-20250425-WA02021-300x228.jpg 300w, https:\/\/smaria.salou.arqtgn.cat\/wp-content\/uploads\/sites\/10\/2025\/05\/IMG-20250425-WA02021-768x584.jpg 768w, https:\/\/smaria.salou.arqtgn.cat\/wp-content\/uploads\/sites\/10\/2025\/05\/IMG-20250425-WA02021-560x426.jpg 560w\" sizes=\"auto, (max-width: 800px) 100vw, 800px\" \/><\/a><\/h4>\r\n<hr \/>\r\n<h4>Ciclo de catequesis &#8211; Jubileo 2025. Jesucristo, nuestra esperanza. I. La infancia de Jes\u00fas. 3. \u00abLe pondr\u00e1s por nombre Jes\u00fas\u00bb (Mt 1,21). El anuncio a Jos\u00e9<\/h4>\r\n<p style=\"text-align: justify\">\u00a1Queridos hermanos y hermanas, buenos d\u00edas!<\/p>\r\n<p style=\"text-align: justify\">Hoy seguiremos contemplando a Jes\u00fas en el misterio de sus or\u00edgenes, narrado por los Evangelios de la infancia.<\/p>\r\n<p style=\"text-align: justify\">Mientras que Lucas nos lo muestra desde la perspectiva de la madre, la Virgen Mar\u00eda, Mateo, en cambio, se sit\u00faa en la perspectiva de Jos\u00e9, el hombre que asume la paternidad legal de Jes\u00fas, injert\u00e1ndolo en el tronco de Jes\u00e9 y vincul\u00e1ndolo a la promesa hecha a David.<\/p>\r\n<p style=\"text-align: justify\">Jes\u00fas, en efecto, es la esperanza de Israel que se cumple: es el descendiente prometido a David (cf.2 Sam 7,12; 1Cr 17,11), que hace que su casa sea \u00abbendita para siempre\u00bb (2 Sam 7,29); es el brote que nace del tronco de Jes\u00e9 (cf. Is 11,1), el \u00abv\u00e1stago leg\u00edtimo\u00bb destinado a reinar como verdadero rey, que sabe ejercer el derecho y la justicia (cf. Jr 23,5; 33,15).<\/p>\r\n<p style=\"text-align: justify\">Jos\u00e9 entra en escena en el Evangelio de Mateo como novio de Mar\u00eda. Para los jud\u00edos, el compromiso era un verdadero v\u00ednculo jur\u00eddico, que preparaba para lo que suceder\u00eda un a\u00f1o m\u00e1s tarde, es decir, la celebraci\u00f3n del matrimonio. Era entonces cuando la mujer pasaba de la custodia de su padre a la de su esposo, mud\u00e1ndose a su casa y haci\u00e9ndose disponible para el don de la maternidad.<\/p>\r\n<p style=\"text-align: justify\">Fue precisamente durante este tiempo cuando Jos\u00e9 descubri\u00f3 el embarazo de Mar\u00eda, y su amor se vio sometido a una dura prueba. Ante tal situaci\u00f3n, que habr\u00eda llevado a la ruptura del compromiso, la Ley suger\u00eda dos posibles soluciones: o bien un acto jur\u00eddico p\u00fablico, como citar a la mujer ante el tribunal, o bien una acci\u00f3n privada, como entregar a la mujer una carta de repudio.<\/p>\r\n<p style=\"text-align: justify\">Mateo define a Jos\u00e9 como un hombre \u00abjusto\u00bb (zaddiq), un hombre que vive seg\u00fan la Ley del Se\u00f1or, que se inspira en ella en todas las ocasiones de su vida. Por tanto, siguiendo la Palabra de Dios, Jos\u00e9 act\u00faa ponderadamente: no se deja vencer por sentimientos instintivos ni teme llevarse a Mar\u00eda con \u00e9l, sino que prefiere dejarse guiar por la sabidur\u00eda divina. Opta por separarse de Mar\u00eda sin clamores, es decir, en privado (cf. Mt 1,19). Y esta sabidur\u00eda de Jos\u00e9 le permite no equivocarse y hacerse abierto y d\u00f3cil a la voz del Se\u00f1or.<\/p>\r\n<p style=\"text-align: justify\">De este modo, Jos\u00e9 de Nazaret nos recuerda a otro Jos\u00e9, hijo de Jacob, apodado \u00abse\u00f1or de los sue\u00f1os\u00bb (cf. Gn 37,19), tan amado por su padre y tan odiado por sus hermanos, a quien Dios elev\u00f3 sent\u00e1ndolo en la corte del fara\u00f3n.<\/p>\r\n<p style=\"text-align: justify\">Ahora bien, \u00bfqu\u00e9 sue\u00f1a Jos\u00e9 de Nazaret? Sue\u00f1a con el milagro que Dios realiza en la vida de Mar\u00eda, y tambi\u00e9n con el milagro que realiza en su propia vida: asumir una paternidad capaz de custodiar, proteger y transmitir una herencia material y espiritual. El vientre de su esposa est\u00e1 gr\u00e1vido de la promesa de Dios, una promesa que lleva un nombre con el que se da a todos la certeza de la salvaci\u00f3n (cf. Hch 4,12).<\/p>\r\n<p style=\"text-align: justify\">Durante su sue\u00f1o, Jos\u00e9 oye estas palabras: \u00abJos\u00e9, hijo de David, no temas acoger a Mar\u00eda, tu mujer, porque la criatura que hay en ella viene del Esp\u00edritu Santo. Dar\u00e1 a luz un hijo y t\u00fa le pondr\u00e1s por nombre Jes\u00fas, porque \u00c9l salvar\u00e1 a su pueblo de sus pecados\u00bb (Mt 1,20-21). Ante esta revelaci\u00f3n, Jos\u00e9 no pide m\u00e1s pruebas, se f\u00eda. Jos\u00e9 conf\u00eda en Dios, acepta el sue\u00f1o de Dios sobre su vida y la de su prometida. As\u00ed entra en la gracia de quien sabe vivir la promesa divina con fe, esperanza y amor.<\/p>\r\n<p style=\"text-align: justify\">Jos\u00e9, en todo esto, no profiere palabra alguna, sino que cree, espera y ama. No habla con \u00abpalabras al viento\u00bb, sino con hechos concretos. \u00c9l pertenece a la estirpe de los que, seg\u00fan el ap\u00f3stol Santiago, \u00abponen en pr\u00e1ctica la Palabra\u00bb (cf. Stg 1,22), traduci\u00e9ndola en hechos, en carne, en vida. Jos\u00e9 conf\u00eda en Dios y obedece: \u00abSu vigilancia interior por Dios&#8230; se convierte espont\u00e1neamente en obediencia\u00bb (Benedicto XVI, La infancia de Jes\u00fas, Mil\u00e1n-Ciudad del Vaticano 2012, 57).<\/p>\r\n<p style=\"text-align: justify\">Hermanas, hermanos, pidamos tambi\u00e9n al Se\u00f1or la gracia de escuchar m\u00e1s de lo que hablamos, la gracia de so\u00f1ar los sue\u00f1os de Dios y de acoger responsablemente a Cristo que, desde el momento de nuestro bautismo, vive y crece en nuestras vidas. \u00a1Gracias!<\/p>\r\n","protected":false},"excerpt":{"rendered":"<p>Una mirada art\u00edstica a l\u2019Evangeli del Diumenge, un gentilesa de l\u2019Amadeu Bonet, artista. Ciclo de catequesis &#8211; Jubileo 2025. Jesucristo, nuestra esperanza. I. La infancia de Jes\u00fas. 3. \u00abLe pondr\u00e1s por nombre Jes\u00fas\u00bb (Mt 1,21). El anuncio a Jos\u00e9 \u00a1Queridos hermanos y hermanas, buenos d\u00edas! Hoy seguiremos contemplando a Jes\u00fas en el misterio de sus &hellip; <\/p>\n<p><a class=\"more-link btn\" href=\"https:\/\/smaria.salou.arqtgn.cat\/es\/domingo-v-de-pascua-c\/\">Seguir leyendo<\/a><\/p>\n","protected":false},"author":11,"featured_media":0,"comment_status":"closed","ping_status":"closed","sticky":false,"template":"","format":"standard","meta":{"footnotes":""},"categories":[52,49],"tags":[],"class_list":["post-24749","post","type-post","status-publish","format-standard","hentry","category-para-reflexionar","category-preparando-el-domingo","item-wrap"],"amp_enabled":true,"_links":{"self":[{"href":"https:\/\/smaria.salou.arqtgn.cat\/es\/wp-json\/wp\/v2\/posts\/24749","targetHints":{"allow":["GET"]}}],"collection":[{"href":"https:\/\/smaria.salou.arqtgn.cat\/es\/wp-json\/wp\/v2\/posts"}],"about":[{"href":"https:\/\/smaria.salou.arqtgn.cat\/es\/wp-json\/wp\/v2\/types\/post"}],"author":[{"embeddable":true,"href":"https:\/\/smaria.salou.arqtgn.cat\/es\/wp-json\/wp\/v2\/users\/11"}],"replies":[{"embeddable":true,"href":"https:\/\/smaria.salou.arqtgn.cat\/es\/wp-json\/wp\/v2\/comments?post=24749"}],"version-history":[{"count":5,"href":"https:\/\/smaria.salou.arqtgn.cat\/es\/wp-json\/wp\/v2\/posts\/24749\/revisions"}],"predecessor-version":[{"id":24754,"href":"https:\/\/smaria.salou.arqtgn.cat\/es\/wp-json\/wp\/v2\/posts\/24749\/revisions\/24754"}],"wp:attachment":[{"href":"https:\/\/smaria.salou.arqtgn.cat\/es\/wp-json\/wp\/v2\/media?parent=24749"}],"wp:term":[{"taxonomy":"category","embeddable":true,"href":"https:\/\/smaria.salou.arqtgn.cat\/es\/wp-json\/wp\/v2\/categories?post=24749"},{"taxonomy":"post_tag","embeddable":true,"href":"https:\/\/smaria.salou.arqtgn.cat\/es\/wp-json\/wp\/v2\/tags?post=24749"}],"curies":[{"name":"wp","href":"https:\/\/api.w.org\/{rel}","templated":true}]}}