{"id":24719,"date":"2025-05-12T14:08:00","date_gmt":"2025-05-12T12:08:00","guid":{"rendered":"https:\/\/smaria.salou.arqtgn.cat\/?p=24719"},"modified":"2025-05-12T14:14:48","modified_gmt":"2025-05-12T12:14:48","slug":"defuncion-de-fuensanta-vazquez-yeste","status":"publish","type":"post","link":"https:\/\/smaria.salou.arqtgn.cat\/es\/defuncion-de-fuensanta-vazquez-yeste\/","title":{"rendered":"Defunci\u00f3n de Fuensanta V\u00e1zquez Yeste"},"content":{"rendered":"\r\n<p><img loading=\"lazy\" decoding=\"async\" class=\"wp-image-21893 alignleft\" src=\"https:\/\/smaria.salou.arqtgn.cat\/wp-content\/uploads\/sites\/10\/2024\/01\/memora.jpg\" alt=\"\" width=\"124\" height=\"126\" srcset=\"https:\/\/smaria.salou.arqtgn.cat\/wp-content\/uploads\/sites\/10\/2024\/01\/memora.jpg 721w, https:\/\/smaria.salou.arqtgn.cat\/wp-content\/uploads\/sites\/10\/2024\/01\/memora-294x300.jpg 294w, https:\/\/smaria.salou.arqtgn.cat\/wp-content\/uploads\/sites\/10\/2024\/01\/memora-560x571.jpg 560w\" sizes=\"auto, (max-width: 124px) 100vw, 124px\" \/><strong>Edad: <\/strong>88 anys<\/p>\r\n<p><strong>Lugar de la ceremonia<\/strong>: Tanatorio Municipal de Salou<\/p>\r\n<p><strong>Fecha y hora: <\/strong>martes,\u00a0 13\u00a0 de mayo de 2025, a las 11:00h<\/p>\r\n<p><em>Jes\u00fas dijo: Jo soy la resurecci\u00f3n y la vida. Quien cree en mi, aunque muera, vivir\u00e1; y todo aquel que vive y cree en mi, no morir\u00e1 nunca<\/em>. <em>Jn 11, 25-26 <\/em><\/p>\r\n\r\n\r\n","protected":false},"excerpt":{"rendered":"<p>Edad: 88 anys Lugar de la ceremonia: Tanatorio Municipal de Salou Fecha y hora: martes,\u00a0 13\u00a0 de mayo de 2025, a las 11:00h Jes\u00fas dijo: Jo soy la resurecci\u00f3n y la vida. Quien cree en mi, aunque muera, vivir\u00e1; y todo aquel que vive y cree en mi, no morir\u00e1 nunca. Jn 11, 25-26<\/p>\n","protected":false},"author":11,"featured_media":0,"comment_status":"closed","ping_status":"closed","sticky":false,"template":"","format":"standard","meta":{"footnotes":""},"categories":[51],"tags":[],"class_list":["post-24719","post","type-post","status-publish","format-standard","hentry","category-defunciones","item-wrap"],"amp_enabled":true,"_links":{"self":[{"href":"https:\/\/smaria.salou.arqtgn.cat\/es\/wp-json\/wp\/v2\/posts\/24719","targetHints":{"allow":["GET"]}}],"collection":[{"href":"https:\/\/smaria.salou.arqtgn.cat\/es\/wp-json\/wp\/v2\/posts"}],"about":[{"href":"https:\/\/smaria.salou.arqtgn.cat\/es\/wp-json\/wp\/v2\/types\/post"}],"author":[{"embeddable":true,"href":"https:\/\/smaria.salou.arqtgn.cat\/es\/wp-json\/wp\/v2\/users\/11"}],"replies":[{"embeddable":true,"href":"https:\/\/smaria.salou.arqtgn.cat\/es\/wp-json\/wp\/v2\/comments?post=24719"}],"version-history":[{"count":4,"href":"https:\/\/smaria.salou.arqtgn.cat\/es\/wp-json\/wp\/v2\/posts\/24719\/revisions"}],"predecessor-version":[{"id":24725,"href":"https:\/\/smaria.salou.arqtgn.cat\/es\/wp-json\/wp\/v2\/posts\/24719\/revisions\/24725"}],"wp:attachment":[{"href":"https:\/\/smaria.salou.arqtgn.cat\/es\/wp-json\/wp\/v2\/media?parent=24719"}],"wp:term":[{"taxonomy":"category","embeddable":true,"href":"https:\/\/smaria.salou.arqtgn.cat\/es\/wp-json\/wp\/v2\/categories?post=24719"},{"taxonomy":"post_tag","embeddable":true,"href":"https:\/\/smaria.salou.arqtgn.cat\/es\/wp-json\/wp\/v2\/tags?post=24719"}],"curies":[{"name":"wp","href":"https:\/\/api.w.org\/{rel}","templated":true}]}}