{"id":24514,"date":"2025-04-04T17:50:38","date_gmt":"2025-04-04T15:50:38","guid":{"rendered":"https:\/\/smaria.salou.arqtgn.cat\/?p=24514"},"modified":"2025-04-04T17:50:40","modified_gmt":"2025-04-04T15:50:40","slug":"domingo-v-de-cuaresma-c","status":"publish","type":"post","link":"https:\/\/smaria.salou.arqtgn.cat\/es\/domingo-v-de-cuaresma-c\/","title":{"rendered":"DOMINGO V de  CUARESMA \/ C"},"content":{"rendered":"\n<table style=\"border-collapse: collapse;width: 96.69%;height: 11px\">\n<tbody>\n<tr style=\"height: 39px\">\n<td style=\"width: 120.145%;text-align: center;height: 11px\">\n<div id=\"attachment_24499\" style=\"width: 321px\" class=\"wp-caption aligncenter\"><a href=\"https:\/\/www.arquebisbattarragona.cat\/es\/recursos-pastorals\/lectures-dominicals\/\" target=\"_blank\" rel=\"noopener\"><img loading=\"lazy\" decoding=\"async\" aria-describedby=\"caption-attachment-24499\" class=\"wp-image-24499\" src=\"https:\/\/smaria.salou.arqtgn.cat\/wp-content\/uploads\/sites\/10\/2025\/04\/Q_05_C_25_i-300x212.jpg\" alt=\"\" width=\"321\" height=\"227\" srcset=\"https:\/\/smaria.salou.arqtgn.cat\/wp-content\/uploads\/sites\/10\/2025\/04\/Q_05_C_25_i-300x212.jpg 300w, https:\/\/smaria.salou.arqtgn.cat\/wp-content\/uploads\/sites\/10\/2025\/04\/Q_05_C_25_i-768x543.jpg 768w, https:\/\/smaria.salou.arqtgn.cat\/wp-content\/uploads\/sites\/10\/2025\/04\/Q_05_C_25_i-560x396.jpg 560w, https:\/\/smaria.salou.arqtgn.cat\/wp-content\/uploads\/sites\/10\/2025\/04\/Q_05_C_25_i.jpg 800w\" sizes=\"auto, (max-width: 321px) 100vw, 321px\" \/><\/a><p id=\"caption-attachment-24499\" class=\"wp-caption-text\">Leer la Palabra de Dios<\/p><\/div>\n<\/td>\n<td style=\"width: 157.786%;height: 11px;text-align: center\">\n<div id=\"attachment_14542\" style=\"width: 206px\" class=\"wp-caption aligncenter\"><a href=\"https:\/\/hemeroteca.arqtgn.cat\/bitstream\/123456789\/13884\/2\/hd3917.pdf\" target=\"_blank\" rel=\"noopener\"><img loading=\"lazy\" decoding=\"async\" aria-describedby=\"caption-attachment-14542\" class=\"wp-image-14542\" src=\"https:\/\/smaria.salou.arqtgn.cat\/wp-content\/uploads\/sites\/10\/2021\/01\/full_es-300x176.jpg\" alt=\"\" width=\"206\" height=\"121\" srcset=\"https:\/\/smaria.salou.arqtgn.cat\/wp-content\/uploads\/sites\/10\/2021\/01\/full_es-300x176.jpg 300w, https:\/\/smaria.salou.arqtgn.cat\/wp-content\/uploads\/sites\/10\/2021\/01\/full_es.jpg 400w\" sizes=\"auto, (max-width: 206px) 100vw, 206px\" \/><\/a><p id=\"caption-attachment-14542\" class=\"wp-caption-text\">Leer la Hoja Dominical<\/p><\/div>\n<\/td>\n<\/tr>\n<\/tbody>\n<\/table>\n\n\n\n<figure class=\"wp-block-embed is-type-video is-provider-youtube wp-block-embed-youtube wp-embed-aspect-16-9 wp-has-aspect-ratio\"><div class=\"wp-block-embed__wrapper\">\n<iframe loading=\"lazy\" title=\"Crtsa dominical. \u00abLa comuni\u00f3n de los santos y la indulgencia?\" width=\"560\" height=\"315\" src=\"https:\/\/www.youtube.com\/embed\/YDEuXKYkRmU?feature=oembed\" frameborder=\"0\" allow=\"accelerometer; autoplay; clipboard-write; encrypted-media; gyroscope; picture-in-picture; web-share\" referrerpolicy=\"strict-origin-when-cross-origin\" allowfullscreen><\/iframe>\n<\/div><\/figure>\n\n\n\n<figure class=\"wp-block-embed is-type-video is-provider-youtube wp-block-embed-youtube wp-embed-aspect-16-9 wp-has-aspect-ratio\"><div class=\"wp-block-embed__wrapper\">\n<iframe loading=\"lazy\" title=\"Una llamada al perdon y a la conversi\u00f3n - 5\u00ba Domingo de Cuaresma, Ciclo C\" width=\"560\" height=\"315\" src=\"https:\/\/www.youtube.com\/embed\/74rTI2STXSk?feature=oembed\" frameborder=\"0\" allow=\"accelerometer; autoplay; clipboard-write; encrypted-media; gyroscope; picture-in-picture; web-share\" referrerpolicy=\"strict-origin-when-cross-origin\" allowfullscreen><\/iframe>\n<\/div><\/figure>\n\n\n\n<figure class=\"wp-block-embed is-type-video is-provider-youtube wp-block-embed-youtube wp-embed-aspect-16-9 wp-has-aspect-ratio\"><div class=\"wp-block-embed__wrapper\">\n<iframe loading=\"lazy\" title=\"1aPedra - 40diesCTF\" width=\"560\" height=\"315\" src=\"https:\/\/www.youtube.com\/embed\/zgY9kf8M5lY?feature=oembed\" frameborder=\"0\" allow=\"accelerometer; autoplay; clipboard-write; encrypted-media; gyroscope; picture-in-picture; web-share\" referrerpolicy=\"strict-origin-when-cross-origin\" allowfullscreen><\/iframe>\n<\/div><\/figure>\n\n\n\n<hr>\n<h4><strong>Lectio Divina<\/strong> de l\u2019<em>Acci\u00f3 Cat\u00f2lica General<\/em> per aquest 5\u00e8&nbsp; diumenge de Quaresma. <a href=\"https:\/\/smaria.salou.arqtgn.cat\/wp-content\/uploads\/sites\/10\/2025\/04\/ACG_Lectio_05_25.pdf\" target=\"_blank\" rel=\"noopener\">Clique aqu\u00ed per llegir-la<\/a>.<\/h4>\n<p>&nbsp;<\/p>\n\n\n\n<hr>\n<h4>Una mirada art\u00edstica a l\u2019Evangeli del Diumenge, un gentilesa de l\u2019<em>Amadeu Bonet<\/em>, artista.<\/h4>\n\n\n\n<figure class=\"wp-block-image size-full\"><a href=\"https:\/\/smaria.salou.arqtgn.cat\/wp-content\/uploads\/sites\/10\/2025\/04\/amadeu_250406.jpg\" target=\"_blank\" rel=\" noreferrer noopener\"><img loading=\"lazy\" decoding=\"async\" width=\"800\" height=\"608\" src=\"https:\/\/smaria.salou.arqtgn.cat\/wp-content\/uploads\/sites\/10\/2025\/04\/amadeu_250406.jpg\" alt=\"\" class=\"wp-image-24506\" srcset=\"https:\/\/smaria.salou.arqtgn.cat\/wp-content\/uploads\/sites\/10\/2025\/04\/amadeu_250406.jpg 800w, https:\/\/smaria.salou.arqtgn.cat\/wp-content\/uploads\/sites\/10\/2025\/04\/amadeu_250406-300x228.jpg 300w, https:\/\/smaria.salou.arqtgn.cat\/wp-content\/uploads\/sites\/10\/2025\/04\/amadeu_250406-768x584.jpg 768w, https:\/\/smaria.salou.arqtgn.cat\/wp-content\/uploads\/sites\/10\/2025\/04\/amadeu_250406-560x426.jpg 560w\" sizes=\"auto, (max-width: 800px) 100vw, 800px\" \/><\/a><\/figure>\n\n\n\n<h4>&nbsp;<\/h4>\n<hr>\n<h4><strong>Catequesi del Papa Francesc. <em>&nbsp;La oraci\u00f3n pascual de Jes\u00fas por nosotros<br><br><\/em><\/strong><\/h4>\n<p style=\"text-align: justify\">En esta serie de catequesis hemos recordado en varias ocasiones c\u00f3mo la oraci\u00f3n es una de las caracter\u00edsticas m\u00e1s evidentes de la vida de Jes\u00fas: Jes\u00fas rezaba, y rezaba mucho. Durante su misi\u00f3n, Jes\u00fas se sumerge en ella, porque el di\u00e1logo con el Padre es el n\u00facleo incandescente de toda su existencia.<\/p>\n<p style=\"text-align: justify\">Los Evangelios testimonian c\u00f3mo la oraci\u00f3n de Jes\u00fas se hizo todav\u00eda m\u00e1s intensa y frecuente en la hora de su pasi\u00f3n y muerte. Estos sucesos culminantes de su vida constituyen el n\u00facleo central de la predicaci\u00f3n cristiana: esas \u00faltimas horas vividas por Jes\u00fas en Jerusal\u00e9n son el coraz\u00f3n del Evangelio no solo porque a esta narraci\u00f3n los evangelistas reservan, en proporci\u00f3n, un espacio mayor, sino tambi\u00e9n porque el evento de la muerte y resurrecci\u00f3n \u2014como un rayo\u2014 arroja luz sobre todo el resto de la historia de Jes\u00fas. \u00c9l no fue un fil\u00e1ntropo que se hizo cargo de los sufrimientos y de las enfermedades humanas: fue y es mucho m\u00e1s. En \u00c9l no hay solamente bondad: hay algo m\u00e1s, est\u00e1 la salvaci\u00f3n, y no una salvaci\u00f3n epis\u00f3dica \u2013 la que me salva de una enfermedad o de un momento de des\u00e1nimo \u2013 sino la salvaci\u00f3n total, la mesi\u00e1nica, la que hace esperar en la victoria definitiva de la vida sobre la muerte.<\/p>\n<p style=\"text-align: justify\">En los d\u00edas de su \u00faltima Pascua, encontramos por tanto a Jes\u00fas, plenamente inmerso en la oraci\u00f3n.<\/p>\n<p style=\"text-align: justify\">\u00c9l reza de forma dram\u00e1tica en el huerto del Getseman\u00ed \u2014lo hemos escuchado\u2014, asaltado por una angustia mortal. Sin embargo, Jes\u00fas, precisamente en ese momento, se dirige a Dios llam\u00e1ndolo \u201c<em>Abb\u00e0<\/em>\u201d, Pap\u00e1 (cfr. <em>Mc<\/em> 14,36). Esta palabra aramea \u2014que era la lengua de Jes\u00fas\u2014 expresa intimidad, expresa confianza. Precisamente cuando siente la oscuridad que lo rodea, Jes\u00fas la atraviesa con esa peque\u00f1a palabra: <em>Abb\u00e0<\/em>, Pap\u00e1.<\/p>\n<p style=\"text-align: justify\">Jes\u00fas reza tambi\u00e9n en la cruz, envuelto en tinieblas por el silencio de Dios. Y sin embargo en sus labios surge una vez m\u00e1s la palabra \u201cPadre\u201d. Es la oraci\u00f3n m\u00e1s audaz, porque en la cruz Jes\u00fas es el intercesor absoluto: reza por los otros, reza por todos, tambi\u00e9n por aquellos que lo condenan, sin que nadie, excepto un pobre malhechor, se ponga de su lado. Todos estaban contra \u00c9l o indiferentes, solamente ese malhechor reconoce el poder. \u00abPadre, perd\u00f3nales, porque no saben lo que hacen\u00bb (<em>Lc<\/em> 23,34). En medio del drama, en el dolor atroz del alma y del cuerpo, Jes\u00fas reza con las palabras de los salmos; con los pobres del mundo, especialmente con los olvidados por todos, pronuncia las palabras tr\u00e1gicas del salmo 22: \u00abDios m\u00edo, Dios m\u00edo, \u00bfpor qu\u00e9 me has abandonado?\u00bb (v. 2): \u00c9l sent\u00eda el abandono y rezaba. En la cruz se cumple el don del Padre, que ofrece el amor, es decir se cumple nuestra salvaci\u00f3n. Y tambi\u00e9n, una vez, lo llama \u201cDios m\u00edo\u201d, \u201cPadre, en tus manos pongo mi esp\u00edritu\u201d: es decir, todo, todo es oraci\u00f3n, en las tres horas de la Cruz.<\/p>\n<p style=\"text-align: justify\">Por tanto, Jes\u00fas reza en las horas decisivas de la pasi\u00f3n y de la muerte. Y con la resurrecci\u00f3n el Padre responder\u00e1 a la oraci\u00f3n. La oraci\u00f3n de Jes\u00fas es intensa, la oraci\u00f3n de Jes\u00fas es \u00fanica y se convierte tambi\u00e9n en el modelo de nuestra oraci\u00f3n. Jes\u00fas ha rezado por todos, ha rezado tambi\u00e9n por m\u00ed, por cada uno de vosotros. Cada uno de nosotros puede decir: \u201cJes\u00fas, en la cruz, ha rezado por m\u00ed\u201d. Ha rezado. Jes\u00fas puede decir a cada uno de nosotros: \u201cHe rezado por ti, en la \u00daltima Cena y en el madero de la Cruz\u201d. Incluso en el m\u00e1s doloroso de nuestros sufrimientos, nunca estamos solos. La oraci\u00f3n de Jes\u00fas est\u00e1 con nosotros. \u201cY ahora, padre, aqu\u00ed, nosotros que estamos escuchando esto, \u00bfJes\u00fas reza por nosotros?\u201d. S\u00ed, sigue rezando para que Su palabra nos ayude a ir adelante. Pero rezar y recordar que \u00c9l reza por nosotros.<\/p>\n<p style=\"text-align: justify\">Y esto me parece lo m\u00e1s bonito para recordar. Esta es la \u00faltima catequesis de este ciclo sobre la oraci\u00f3n: recordar la gracia de que nosotros no solamente rezamos, sino que, por as\u00ed decir, hemos sido \u201crezados\u201d, ya somos acogidos en el di\u00e1logo de Jes\u00fas con el Padre, en la comuni\u00f3n del Esp\u00edritu Santo. Jes\u00fas reza por m\u00ed: cada uno de nosotros puede poner esto en el coraz\u00f3n, no hay que olvidarlo. Tambi\u00e9n en los peores momentos. Somos ya acogidos en el di\u00e1logo de Jes\u00fas con el Padre en la comuni\u00f3n del Esp\u00edritu Santo. Hemos sido queridos en Cristo Jes\u00fas, y tambi\u00e9n en la hora de la pasi\u00f3n, muerte y resurrecci\u00f3n todo ha sido ofrecido por nosotros. Y entonces, con la oraci\u00f3n y con la vida, no nos queda m\u00e1s que tener valent\u00eda, esperanza y con esta valent\u00eda y esperanza sentir fuerte la oraci\u00f3n de Jes\u00fas e ir adelante: que nuestra vida sea un dar gloria a Dios conscientes de que \u00c9l reza por m\u00ed al Padre, que Jes\u00fas reza por m\u00ed.<\/p>\n<p style=\"text-align: right\"><em>Papa Framcesc<\/em><\/p>\n\n\n","protected":false},"excerpt":{"rendered":"<p>Lectio Divina de l\u2019Acci\u00f3 Cat\u00f2lica General per aquest 5\u00e8&nbsp; diumenge de Quaresma. Clique aqu\u00ed per llegir-la. &nbsp; Una mirada art\u00edstica a l\u2019Evangeli del Diumenge, un gentilesa de l\u2019Amadeu Bonet, artista. &nbsp; Catequesi del Papa Francesc. &nbsp;La oraci\u00f3n pascual de Jes\u00fas por nosotros En esta serie de catequesis hemos recordado en varias ocasiones c\u00f3mo la oraci\u00f3n &hellip; <\/p>\n<p><a class=\"more-link btn\" href=\"https:\/\/smaria.salou.arqtgn.cat\/es\/domingo-v-de-cuaresma-c\/\">Seguir leyendo<\/a><\/p>\n","protected":false},"author":11,"featured_media":0,"comment_status":"closed","ping_status":"closed","sticky":false,"template":"","format":"standard","meta":{"footnotes":""},"categories":[52,49],"tags":[],"class_list":["post-24514","post","type-post","status-publish","format-standard","hentry","category-para-reflexionar","category-preparando-el-domingo","item-wrap"],"amp_enabled":true,"_links":{"self":[{"href":"https:\/\/smaria.salou.arqtgn.cat\/es\/wp-json\/wp\/v2\/posts\/24514","targetHints":{"allow":["GET"]}}],"collection":[{"href":"https:\/\/smaria.salou.arqtgn.cat\/es\/wp-json\/wp\/v2\/posts"}],"about":[{"href":"https:\/\/smaria.salou.arqtgn.cat\/es\/wp-json\/wp\/v2\/types\/post"}],"author":[{"embeddable":true,"href":"https:\/\/smaria.salou.arqtgn.cat\/es\/wp-json\/wp\/v2\/users\/11"}],"replies":[{"embeddable":true,"href":"https:\/\/smaria.salou.arqtgn.cat\/es\/wp-json\/wp\/v2\/comments?post=24514"}],"version-history":[{"count":4,"href":"https:\/\/smaria.salou.arqtgn.cat\/es\/wp-json\/wp\/v2\/posts\/24514\/revisions"}],"predecessor-version":[{"id":24518,"href":"https:\/\/smaria.salou.arqtgn.cat\/es\/wp-json\/wp\/v2\/posts\/24514\/revisions\/24518"}],"wp:attachment":[{"href":"https:\/\/smaria.salou.arqtgn.cat\/es\/wp-json\/wp\/v2\/media?parent=24514"}],"wp:term":[{"taxonomy":"category","embeddable":true,"href":"https:\/\/smaria.salou.arqtgn.cat\/es\/wp-json\/wp\/v2\/categories?post=24514"},{"taxonomy":"post_tag","embeddable":true,"href":"https:\/\/smaria.salou.arqtgn.cat\/es\/wp-json\/wp\/v2\/tags?post=24514"}],"curies":[{"name":"wp","href":"https:\/\/api.w.org\/{rel}","templated":true}]}}