{"id":24007,"date":"2024-12-23T12:10:54","date_gmt":"2024-12-23T11:10:54","guid":{"rendered":"https:\/\/smaria.salou.arqtgn.cat\/?p=24007"},"modified":"2024-12-28T12:21:29","modified_gmt":"2024-12-28T11:21:29","slug":"concert-de-nadal-2","status":"publish","type":"post","link":"https:\/\/smaria.salou.arqtgn.cat\/es\/concert-de-nadal-2\/","title":{"rendered":"Concierto de Navidad"},"content":{"rendered":"\n<figure class=\"wp-block-image size-full\"><img loading=\"lazy\" decoding=\"async\" width=\"800\" height=\"800\" src=\"https:\/\/smaria.salou.arqtgn.cat\/wp-content\/uploads\/sites\/10\/2024\/12\/Concert_Corals.jpg\" alt=\"\" class=\"wp-image-24010\" srcset=\"https:\/\/smaria.salou.arqtgn.cat\/wp-content\/uploads\/sites\/10\/2024\/12\/Concert_Corals.jpg 800w, https:\/\/smaria.salou.arqtgn.cat\/wp-content\/uploads\/sites\/10\/2024\/12\/Concert_Corals-300x300.jpg 300w, https:\/\/smaria.salou.arqtgn.cat\/wp-content\/uploads\/sites\/10\/2024\/12\/Concert_Corals-150x150.jpg 150w, https:\/\/smaria.salou.arqtgn.cat\/wp-content\/uploads\/sites\/10\/2024\/12\/Concert_Corals-768x768.jpg 768w, https:\/\/smaria.salou.arqtgn.cat\/wp-content\/uploads\/sites\/10\/2024\/12\/Concert_Corals-560x560.jpg 560w\" sizes=\"auto, (max-width: 800px) 100vw, 800px\" \/><\/figure>\n\n\n\n<p style=\"text-align: justify\">El s\u00e1bado 21 de diciembre, ya pr\u00f3xima la Navidad,\u00a0 en Santa Maria del Mar tuvo lugar el tradicional concierto de Navidad que ofrecen el coraz\u00f3n vasco<em> Ama-Lur<\/em> y la coral <em>Eixarcia<\/em>, ambas vinculadas a la parroquia y que ofrecen voluntariamente. Tambi\u00e9n, como hace unos a\u00f1os, hacen de <em>teloneros<\/em> cantando dos villancicos, los ni\u00f1os de la catequesis de confirmaci\u00f3n.<\/p>\n\n\n\n<figure class=\"wp-block-embed is-type-video is-provider-youtube wp-block-embed-youtube wp-embed-aspect-16-9 wp-has-aspect-ratio\"><div class=\"wp-block-embed__wrapper\">\n<iframe loading=\"lazy\" title=\"Nadales dels infants de catequesi\" width=\"560\" height=\"315\" src=\"https:\/\/www.youtube.com\/embed\/swGBahR9aWQ?feature=oembed\" frameborder=\"0\" allow=\"accelerometer; autoplay; clipboard-write; encrypted-media; gyroscope; picture-in-picture; web-share\" referrerpolicy=\"strict-origin-when-cross-origin\" allowfullscreen><\/iframe>\n<\/div><\/figure>\n\n\n\n<figure class=\"wp-block-embed is-type-video is-provider-youtube wp-block-embed-youtube wp-embed-aspect-16-9 wp-has-aspect-ratio\"><div class=\"wp-block-embed__wrapper\">\n<iframe loading=\"lazy\" title=\"Concert de Nadal, Cor Ama-L\u00far i Coral Eix\u00e0rcia\" width=\"560\" height=\"315\" src=\"https:\/\/www.youtube.com\/embed\/mXw8G_QSui8?feature=oembed\" frameborder=\"0\" allow=\"accelerometer; autoplay; clipboard-write; encrypted-media; gyroscope; picture-in-picture; web-share\" referrerpolicy=\"strict-origin-when-cross-origin\" allowfullscreen><\/iframe>\n<\/div><\/figure>\n\n\n","protected":false},"excerpt":{"rendered":"<p>El s\u00e1bado 21 de diciembre, ya pr\u00f3xima la Navidad,\u00a0 en Santa Maria del Mar tuvo lugar el tradicional concierto de Navidad que ofrecen el coraz\u00f3n vasco Ama-Lur y la coral Eixarcia, ambas vinculadas a la parroquia y que ofrecen voluntariamente. Tambi\u00e9n, como hace unos a\u00f1os, hacen de teloneros cantando dos villancicos, los ni\u00f1os de la &hellip; <\/p>\n<p><a class=\"more-link btn\" href=\"https:\/\/smaria.salou.arqtgn.cat\/es\/concert-de-nadal-2\/\">Seguir leyendo<\/a><\/p>\n","protected":false},"author":11,"featured_media":0,"comment_status":"closed","ping_status":"closed","sticky":false,"template":"","format":"standard","meta":{"footnotes":""},"categories":[50,64],"tags":[],"class_list":["post-24007","post","type-post","status-publish","format-standard","hentry","category-catequesis","category-vida-parroquial-es","item-wrap"],"amp_enabled":true,"_links":{"self":[{"href":"https:\/\/smaria.salou.arqtgn.cat\/es\/wp-json\/wp\/v2\/posts\/24007","targetHints":{"allow":["GET"]}}],"collection":[{"href":"https:\/\/smaria.salou.arqtgn.cat\/es\/wp-json\/wp\/v2\/posts"}],"about":[{"href":"https:\/\/smaria.salou.arqtgn.cat\/es\/wp-json\/wp\/v2\/types\/post"}],"author":[{"embeddable":true,"href":"https:\/\/smaria.salou.arqtgn.cat\/es\/wp-json\/wp\/v2\/users\/11"}],"replies":[{"embeddable":true,"href":"https:\/\/smaria.salou.arqtgn.cat\/es\/wp-json\/wp\/v2\/comments?post=24007"}],"version-history":[{"count":3,"href":"https:\/\/smaria.salou.arqtgn.cat\/es\/wp-json\/wp\/v2\/posts\/24007\/revisions"}],"predecessor-version":[{"id":24014,"href":"https:\/\/smaria.salou.arqtgn.cat\/es\/wp-json\/wp\/v2\/posts\/24007\/revisions\/24014"}],"wp:attachment":[{"href":"https:\/\/smaria.salou.arqtgn.cat\/es\/wp-json\/wp\/v2\/media?parent=24007"}],"wp:term":[{"taxonomy":"category","embeddable":true,"href":"https:\/\/smaria.salou.arqtgn.cat\/es\/wp-json\/wp\/v2\/categories?post=24007"},{"taxonomy":"post_tag","embeddable":true,"href":"https:\/\/smaria.salou.arqtgn.cat\/es\/wp-json\/wp\/v2\/tags?post=24007"}],"curies":[{"name":"wp","href":"https:\/\/api.w.org\/{rel}","templated":true}]}}