{"id":23582,"date":"2024-10-04T13:41:48","date_gmt":"2024-10-04T11:41:48","guid":{"rendered":"https:\/\/smaria.salou.arqtgn.cat\/?p=23582"},"modified":"2024-10-04T13:43:50","modified_gmt":"2024-10-04T11:43:50","slug":"domingo-xxvii-tiempo-ordinario-b","status":"publish","type":"post","link":"https:\/\/smaria.salou.arqtgn.cat\/es\/domingo-xxvii-tiempo-ordinario-b\/","title":{"rendered":"DOMINGO XXVII tiempo ordinario \/ B"},"content":{"rendered":"\n<table style=\"border-collapse: collapse;width: 100%;height: 10px\">\n<tbody>\n<tr style=\"height: 39px\">\n<td style=\"width: 39.9999%;text-align: center;height: 10px\">\n<div id=\"attachment_23575\" style=\"width: 289px\" class=\"wp-caption aligncenter\"><a href=\"https:\/\/www.arquebisbattarragona.cat\/es\/recursos-pastorals\/lectures-dominicals\/\" target=\"_blank\" rel=\"noopener\"><img loading=\"lazy\" decoding=\"async\" aria-describedby=\"caption-attachment-23575\" class=\"wp-image-23575\" src=\"https:\/\/smaria.salou.arqtgn.cat\/wp-content\/uploads\/sites\/10\/2024\/10\/O_27_B_24_i.jpg\" alt=\"\" width=\"289\" height=\"204\" srcset=\"https:\/\/smaria.salou.arqtgn.cat\/wp-content\/uploads\/sites\/10\/2024\/10\/O_27_B_24_i.jpg 800w, https:\/\/smaria.salou.arqtgn.cat\/wp-content\/uploads\/sites\/10\/2024\/10\/O_27_B_24_i-300x212.jpg 300w, https:\/\/smaria.salou.arqtgn.cat\/wp-content\/uploads\/sites\/10\/2024\/10\/O_27_B_24_i-768x542.jpg 768w, https:\/\/smaria.salou.arqtgn.cat\/wp-content\/uploads\/sites\/10\/2024\/10\/O_27_B_24_i-560x396.jpg 560w\" sizes=\"auto, (max-width: 289px) 100vw, 289px\" \/><\/a><p id=\"caption-attachment-23575\" class=\"wp-caption-text\">Leer la Palabra de Dios<\/p><\/div>\n<\/td>\n<td style=\"width: 60.0001%;height: 10px;text-align: center\">\n<div id=\"attachment_14542\" style=\"width: 189px\" class=\"wp-caption aligncenter\"><a href=\"https:\/\/hemeroteca.arqtgn.cat\/bitstream\/123456789\/13801\/2\/hd3891.pdf\" target=\"_blank\" rel=\"noopener\"><img loading=\"lazy\" decoding=\"async\" aria-describedby=\"caption-attachment-14542\" class=\"wp-image-14542\" src=\"https:\/\/smaria.salou.arqtgn.cat\/wp-content\/uploads\/sites\/10\/2021\/01\/full_es.jpg\" alt=\"\" width=\"189\" height=\"111\" srcset=\"https:\/\/smaria.salou.arqtgn.cat\/wp-content\/uploads\/sites\/10\/2021\/01\/full_es.jpg 400w, https:\/\/smaria.salou.arqtgn.cat\/wp-content\/uploads\/sites\/10\/2021\/01\/full_es-300x176.jpg 300w\" sizes=\"auto, (max-width: 189px) 100vw, 189px\" \/><\/a><p id=\"caption-attachment-14542\" class=\"wp-caption-text\">Leer la Hoja Dominical<\/p><\/div>\n<\/td>\n<\/tr>\n<\/tbody>\n<\/table>\n\n\n\n<figure class=\"wp-block-embed is-type-video is-provider-youtube wp-block-embed-youtube wp-embed-aspect-16-9 wp-has-aspect-ratio\"><div class=\"wp-block-embed__wrapper\">\n<iframe loading=\"lazy\" title=\"Carta dominical. \u00abDe sorpresa en sorpresa\u00bb\" width=\"560\" height=\"315\" src=\"https:\/\/www.youtube.com\/embed\/XksH8AR8VQs?feature=oembed\" frameborder=\"0\" allow=\"accelerometer; autoplay; clipboard-write; encrypted-media; gyroscope; picture-in-picture; web-share\" referrerpolicy=\"strict-origin-when-cross-origin\" allowfullscreen><\/iframe>\n<\/div><\/figure>\n\n\n\n<figure class=\"wp-block-embed is-type-video is-provider-youtube wp-block-embed-youtube wp-embed-aspect-16-9 wp-has-aspect-ratio\"><div class=\"wp-block-embed__wrapper\">\n<iframe loading=\"lazy\" title=\"C\u00f3mo recibir el Reino - 27\u00ba Domingo del Tiempo Ordinario, Ciclo B\" width=\"560\" height=\"315\" src=\"https:\/\/www.youtube.com\/embed\/J3gqNz_D5kc?feature=oembed\" frameborder=\"0\" allow=\"accelerometer; autoplay; clipboard-write; encrypted-media; gyroscope; picture-in-picture; web-share\" referrerpolicy=\"strict-origin-when-cross-origin\" allowfullscreen><\/iframe>\n<\/div><\/figure>\n\n\n\n<hr>\n<h4>Una mirada art\u00edstica a l\u2019Evangeli del Diumenge, un gentilesa de l\u2019<em>Amadeu Bonet<\/em>, artista.<\/h4>\n\n\n\n<figure class=\"wp-block-image size-full\"><img loading=\"lazy\" decoding=\"async\" width=\"800\" height=\"608\" src=\"https:\/\/smaria.salou.arqtgn.cat\/wp-content\/uploads\/sites\/10\/2024\/10\/amadeu_241006.jpg\" alt=\"\" class=\"wp-image-23579\" srcset=\"https:\/\/smaria.salou.arqtgn.cat\/wp-content\/uploads\/sites\/10\/2024\/10\/amadeu_241006.jpg 800w, https:\/\/smaria.salou.arqtgn.cat\/wp-content\/uploads\/sites\/10\/2024\/10\/amadeu_241006-300x228.jpg 300w, https:\/\/smaria.salou.arqtgn.cat\/wp-content\/uploads\/sites\/10\/2024\/10\/amadeu_241006-768x584.jpg 768w, https:\/\/smaria.salou.arqtgn.cat\/wp-content\/uploads\/sites\/10\/2024\/10\/amadeu_241006-560x426.jpg 560w\" sizes=\"auto, (max-width: 800px) 100vw, 800px\" \/><\/figure>\n\n\n\n<hr>\n<h3>Lectura Espiritual<\/h3>\n<p style=\"text-align: justify\"><strong>Catequesis: 14. <em>La oraci\u00f3n perseverante<\/em><br><\/strong><\/p>\n<p style=\"text-align: justify\"><em>Queridos hermanos y hermanas, \u00a1buenos d\u00edas!<\/em><\/p>\n<p style=\"text-align: justify\">Seguimos con las catequesis sobre la oraci\u00f3n. Alguien me ha dicho: \u201cUsted habla demasiado sobre la oraci\u00f3n. No es necesario\u201d. S\u00ed, es necesario. Porque si nosotros no rezamos, no tendremos la fuerza para ir adelante en la vida. La oraci\u00f3n es como el ox\u00edgeno de la vida. La oraci\u00f3n es atraer sobre nosotros la presencia del Esp\u00edritu Santo que nos lleva siempre adelante. Por esto yo hablo tanto de la oraci\u00f3n.<\/p>\n<p style=\"text-align: justify\">Jes\u00fas ha dado ejemplo de una oraci\u00f3n continua, practicada con perseverancia. El di\u00e1logo constante con el Padre, en el silencio y en el recogimiento, es el fundamento de toda su misi\u00f3n. Los Evangelios nos cuentan tambi\u00e9n de sus exhortaciones a los disc\u00edpulos, para que recen con insistencia, sin cansarse. El <a href=\"http:\/\/www.vatican.va\/archive\/catechism_sp\/p4s1c1a2_sp.html\">Catecismo<\/a> recuerda las tres par\u00e1bolas contenidas en el Evangelio de Lucas que subrayan esta caracter\u00edstica de la oraci\u00f3n (cfr. <em>CCE<\/em>, 2613) de Jes\u00fas.<\/p>\n<p style=\"text-align: justify\">La oraci\u00f3n debe ser sobre todo tenaz: como el personaje de la par\u00e1bola que, teniendo que acoger un hu\u00e9sped que llega de improviso, en mitad de la noche va a llamar a un amigo y le pide pan. El amigo responde: \u201c\u00a1no!\u201d, porque ya est\u00e1 en la cama, pero \u00e9l insiste e insiste hasta que no le obliga a alzarse y a darle el pan (cfr. <em>Lc<\/em> 11,5-8). Una petici\u00f3n tenaz. Pero Dios es m\u00e1s paciente que nosotros, y quien llama con fe y perseverancia a la puerta de su coraz\u00f3n no queda decepcionado. Dios siempre responde. Siempre. Nuestro Padre sabe bien qu\u00e9 necesitamos; la insistencia no sirve para informarle o convencerle, sino para alimentar en nosotros el deseo y la espera.<\/p>\n<p style=\"text-align: justify\">La segunda par\u00e1bola es la de la viuda que se dirige al juez para que la ayude a obtener justicia. Este juez es corrupto, es un hombre sin escr\u00fapulos, pero al final, exasperado por la insistencia de la viuda, decide complacerla (cfr. <em>Lc<\/em> 18,1-8). Y piensa: \u201cEs mejor que le resuelva el problema y me la quito de encima, y as\u00ed no viene continuamente a quejarse delante de m\u00ed\u201d. Esta par\u00e1bola nos hace entender que la fe no es el impulso de un momento, sino una disposici\u00f3n valiente a invocar a Dios, tambi\u00e9n a \u201cdiscutir\u201d con \u00c9l, sin resignarse frente al mal y la injusticia.<\/p>\n<p style=\"text-align: justify\">La tercera par\u00e1bola presenta un fariseo y un publicano que van al Templo a rezar. El primero se dirige a Dios presumiendo de sus m\u00e9ritos; el otro se siente indigno incluso solo por entrar en el santuario. Pero Dios no escucha la oraci\u00f3n del primero, es decir, de los soberbios, mientras escucha la de los humildes (cfr. <em>Lc<\/em> 18,9-14). No hay verdadera oraci\u00f3n sin esp\u00edritu de humildad. Es precisamente la humildad la que nos lleva a pedir en la oraci\u00f3n.<\/p>\n<p style=\"text-align: justify\">La ense\u00f1anza del Evangelio es clara: se debe rezar siempre, tambi\u00e9n cuando todo parece vano, cuando Dios parece sordo y mudo y nos parece que perdemos el tiempo. Incluso si el cielo se ofusca, el cristiano no deja de rezar. Su oraci\u00f3n va a la par que la fe. Y la fe, en muchos d\u00edas de nuestra vida, puede parecer una ilusi\u00f3n, un cansancio est\u00e9ril. Hay momentos oscuros, en nuestra vida y en esos momentos la fe parece una ilusi\u00f3n. Pero practicar la oraci\u00f3n significa tambi\u00e9n aceptar este cansancio. \u201cPadre, yo voy a rezar y no siento nada\u2026 me siento as\u00ed, con el coraz\u00f3n seco, con el coraz\u00f3n \u00e1rido\u201d. Pero tenemos que ir adelante, con este cansancio de los momentos malos, de los momentos que no sentimos nada. Muchos santos y santas han experimentado la noche de la fe y el silencio de Dios \u2014cuando nosotros llamamos y Dios no responde\u2014 y estos santos han sido perseverantes.<\/p>\n<p style=\"text-align: justify\">En estas noches de la fe, quien reza nunca est\u00e1 solo. Jes\u00fas de hecho no es solo testigo y maestro de oraci\u00f3n, es m\u00e1s. \u00c9l nos acoge en su oraci\u00f3n, para que nosotros podamos rezar en \u00c9l y a trav\u00e9s de \u00c9l. Y esto es obra del Esp\u00edritu Santo. Es por esta raz\u00f3n que el Evangelio nos invita a rezar al Padre en el nombre de Jes\u00fas. San Juan escribe estas palabras del Se\u00f1or:&nbsp;\u00abY todo lo que pid\u00e1is en mi nombre, yo lo har\u00e9, para que el Padre sea glorificado en el Hijo\u00bb (14,13). Y el Catecismo explica que \u00abla certeza de ser escuchados en nuestras peticiones se funda en la oraci\u00f3n de Jes\u00fas\u00bb (n. <a href=\"http:\/\/www.vatican.va\/archive\/catechism_sp\/p4s1c1a2_sp.html\">2614<\/a>). Esta dona las alas que la oraci\u00f3n del hombre siempre ha deseado poseer.<\/p>\n<p style=\"text-align: justify\">C\u00f3mo no recordar aqu\u00ed las palabras del salmo 91, cargadas de confianza, que nacen de un coraz\u00f3n que espera todo de Dios: \u00abTe cubrir\u00e1 con su plumaje, un refugio hallar\u00e1s bajo sus alas. Escudo y adarga es su lealtad. No temer\u00e1s el terror de la noche, ni la saeta que de d\u00eda vuela, ni la peste que avanza en las tinieblas, ni el azote que devasta a mediod\u00eda\u00bb (vv. 4-7). Es en Cristo que se cumple esta maravillosa oraci\u00f3n, es en \u00c9l que encuentra su plena verdad. Sin Jes\u00fas, nuestras oraciones correr\u00edan el riesgo de reducirse a los esfuerzos humanos, destinados la mayor parte de las veces al fracaso. Pero \u00c9l ha tomado sobre s\u00ed cada grito, cada lamento, cada j\u00fabilo, cada s\u00faplica\u2026 cada oraci\u00f3n humana. Y no olvidemos el Esp\u00edritu Santo que reza en nosotros; es Aquel que nos lleva a rezar, nos lleva a Jes\u00fas. Es el don que el Padre y el Hijo nos han dado para proceder al encuentro de Dios. Y el Esp\u00edritu Santo, cuando nosotros rezamos, es el Esp\u00edritu Santo que reza en nuestros corazones.<\/p>\n<p style=\"text-align: justify\">Cristo es todo para nosotros, tambi\u00e9n en nuestra vida de oraci\u00f3n. Lo dec\u00eda San Agust\u00edn con una expresi\u00f3n iluminante, que encontramos tambi\u00e9n en el <a href=\"http:\/\/www.vatican.va\/archive\/catechism_sp\/index_sp.html\">Catecismo<\/a>: Jes\u00fas \u00abora por nosotros como sacerdote nuestro; ora en nosotros como cabeza nuestra; a \u00c9l se dirige nuestra oraci\u00f3n como a Dios nuestro. Reconozcamos, por tanto, en \u00c9l nuestras voces; y la voz de \u00c9l, en nosotros\u00bb (n. <a href=\"http:\/\/www.vatican.va\/archive\/catechism_sp\/p4s1c1a2_sp.html\">2616<\/a>). Es por esto que el cristiano que reza no teme nada, se encomienda al Esp\u00edritu Santo, que se nos ha dado como don y que reza en nosotros, suscitando la oraci\u00f3n. Que sea el mismo Esp\u00edritu Santo, Maestro de oraci\u00f3n, quien nos ense\u00f1e el camino de la oraci\u00f3n.<\/p>\n<p style=\"text-align: right\"><em>Papa Francisco<\/em><\/p>\n<p>&nbsp;<\/p>\n<p>&nbsp;<\/p>\n\n\n","protected":false},"excerpt":{"rendered":"<p>Una mirada art\u00edstica a l\u2019Evangeli del Diumenge, un gentilesa de l\u2019Amadeu Bonet, artista. Lectura Espiritual Catequesis: 14. La oraci\u00f3n perseverante Queridos hermanos y hermanas, \u00a1buenos d\u00edas! Seguimos con las catequesis sobre la oraci\u00f3n. Alguien me ha dicho: \u201cUsted habla demasiado sobre la oraci\u00f3n. No es necesario\u201d. S\u00ed, es necesario. Porque si nosotros no rezamos, no &hellip; <\/p>\n<p><a class=\"more-link btn\" href=\"https:\/\/smaria.salou.arqtgn.cat\/es\/domingo-xxvii-tiempo-ordinario-b\/\">Seguir leyendo<\/a><\/p>\n","protected":false},"author":11,"featured_media":0,"comment_status":"closed","ping_status":"closed","sticky":false,"template":"","format":"standard","meta":{"footnotes":""},"categories":[52,49],"tags":[],"class_list":["post-23582","post","type-post","status-publish","format-standard","hentry","category-para-reflexionar","category-preparando-el-domingo","item-wrap"],"amp_enabled":true,"_links":{"self":[{"href":"https:\/\/smaria.salou.arqtgn.cat\/es\/wp-json\/wp\/v2\/posts\/23582","targetHints":{"allow":["GET"]}}],"collection":[{"href":"https:\/\/smaria.salou.arqtgn.cat\/es\/wp-json\/wp\/v2\/posts"}],"about":[{"href":"https:\/\/smaria.salou.arqtgn.cat\/es\/wp-json\/wp\/v2\/types\/post"}],"author":[{"embeddable":true,"href":"https:\/\/smaria.salou.arqtgn.cat\/es\/wp-json\/wp\/v2\/users\/11"}],"replies":[{"embeddable":true,"href":"https:\/\/smaria.salou.arqtgn.cat\/es\/wp-json\/wp\/v2\/comments?post=23582"}],"version-history":[{"count":4,"href":"https:\/\/smaria.salou.arqtgn.cat\/es\/wp-json\/wp\/v2\/posts\/23582\/revisions"}],"predecessor-version":[{"id":23587,"href":"https:\/\/smaria.salou.arqtgn.cat\/es\/wp-json\/wp\/v2\/posts\/23582\/revisions\/23587"}],"wp:attachment":[{"href":"https:\/\/smaria.salou.arqtgn.cat\/es\/wp-json\/wp\/v2\/media?parent=23582"}],"wp:term":[{"taxonomy":"category","embeddable":true,"href":"https:\/\/smaria.salou.arqtgn.cat\/es\/wp-json\/wp\/v2\/categories?post=23582"},{"taxonomy":"post_tag","embeddable":true,"href":"https:\/\/smaria.salou.arqtgn.cat\/es\/wp-json\/wp\/v2\/tags?post=23582"}],"curies":[{"name":"wp","href":"https:\/\/api.w.org\/{rel}","templated":true}]}}