{"id":23433,"date":"2024-09-13T16:00:32","date_gmt":"2024-09-13T14:00:32","guid":{"rendered":"https:\/\/smaria.salou.arqtgn.cat\/?p=23433"},"modified":"2024-09-13T16:10:31","modified_gmt":"2024-09-13T14:10:31","slug":"domingo-tiempo-ordinario-b","status":"publish","type":"post","link":"https:\/\/smaria.salou.arqtgn.cat\/es\/domingo-tiempo-ordinario-b\/","title":{"rendered":"DOMINGO XXIV tiempo ordinario \/ B"},"content":{"rendered":"\n<table style=\"border-collapse: collapse;width: 100%;height: 10px\">\n<tbody>\n<tr style=\"height: 39px\">\n<td style=\"width: 39.9999%;text-align: center;height: 10px\">\n<div id=\"attachment_23424\" style=\"width: 240px\" class=\"wp-caption aligncenter\"><a href=\"https:\/\/www.arquebisbattarragona.cat\/recursos-pastorals\/lectures-dominicals\/\" target=\"_blank\" rel=\"noopener\"><img loading=\"lazy\" decoding=\"async\" aria-describedby=\"caption-attachment-23424\" class=\"wp-image-23424 size-medium\" src=\"https:\/\/smaria.salou.arqtgn.cat\/wp-content\/uploads\/sites\/10\/2024\/09\/Qui_es_Jesus-240x300.jpg\" alt=\"\" width=\"240\" height=\"300\" srcset=\"https:\/\/smaria.salou.arqtgn.cat\/wp-content\/uploads\/sites\/10\/2024\/09\/Qui_es_Jesus-240x300.jpg 240w, https:\/\/smaria.salou.arqtgn.cat\/wp-content\/uploads\/sites\/10\/2024\/09\/Qui_es_Jesus.jpg 474w\" sizes=\"auto, (max-width: 240px) 100vw, 240px\" \/><\/a><p id=\"caption-attachment-23424\" class=\"wp-caption-text\">Llegir la Paraula de D\u00e9u<\/p><\/div>\n<\/td>\n<td style=\"width: 60.0001%;height: 10px;text-align: center\">\n<div id=\"attachment_14542\" style=\"width: 249px\" class=\"wp-caption aligncenter\"><a href=\"https:\/\/hemeroteca.arqtgn.cat\/bitstream\/123456789\/13789\/1\/fd3888.pdf\" target=\"_blank\" rel=\"noopener\"><img loading=\"lazy\" decoding=\"async\" aria-describedby=\"caption-attachment-14542\" class=\"wp-image-14542\" src=\"https:\/\/smaria.salou.arqtgn.cat\/wp-content\/uploads\/sites\/10\/2021\/01\/full_es.jpg\" alt=\"\" width=\"249\" height=\"146\" srcset=\"https:\/\/smaria.salou.arqtgn.cat\/wp-content\/uploads\/sites\/10\/2021\/01\/full_es.jpg 400w, https:\/\/smaria.salou.arqtgn.cat\/wp-content\/uploads\/sites\/10\/2021\/01\/full_es-300x176.jpg 300w\" sizes=\"auto, (max-width: 249px) 100vw, 249px\" \/><\/a><p id=\"caption-attachment-14542\" class=\"wp-caption-text\">Leer la Hoja Dominical<\/p><\/div>\n<\/td>\n<\/tr>\n<\/tbody>\n<\/table>\n\n\n\n<figure class=\"wp-block-embed is-type-video is-provider-youtube wp-block-embed-youtube wp-embed-aspect-16-9 wp-has-aspect-ratio\"><div class=\"wp-block-embed__wrapper\">\n<iframe loading=\"lazy\" title=\"Carta dominical.\u00abPaciencia con las espinas\u00bb\" width=\"560\" height=\"315\" src=\"https:\/\/www.youtube.com\/embed\/nsQMLP06Q00?feature=oembed\" frameborder=\"0\" allow=\"accelerometer; autoplay; clipboard-write; encrypted-media; gyroscope; picture-in-picture; web-share\" referrerpolicy=\"strict-origin-when-cross-origin\" allowfullscreen><\/iframe>\n<\/div><\/figure>\n\n\n\n<figure class=\"wp-block-embed is-type-video is-provider-youtube wp-block-embed-youtube wp-embed-aspect-16-9 wp-has-aspect-ratio\"><div class=\"wp-block-embed__wrapper\">\n<iframe loading=\"lazy\" title=\"\u00bfQui\u00e9n soy? \u00bfQui\u00e9nes somos? - 24\u00ba Domingo del Tiempo Ordinario, Ciclo B\" width=\"560\" height=\"315\" src=\"https:\/\/www.youtube.com\/embed\/D5R3UfHFPX0?feature=oembed\" frameborder=\"0\" allow=\"accelerometer; autoplay; clipboard-write; encrypted-media; gyroscope; picture-in-picture; web-share\" referrerpolicy=\"strict-origin-when-cross-origin\" allowfullscreen><\/iframe>\n<\/div><\/figure>\n\n\n\n<hr>\n<h4>Una mirada art\u00edstica a l\u2019Evangeli del Diumenge, un gentilesa de l\u2019<em>Amadeu Bonet<\/em>, artista.<\/h4>\n\n\n\n<figure class=\"wp-block-image size-full is-resized\"><a href=\"https:\/\/smaria.salou.arqtgn.cat\/wp-content\/uploads\/sites\/10\/2024\/09\/amadeu_240915.jpg\" target=\"_blank\" rel=\"noreferrer noopener\"><img loading=\"lazy\" decoding=\"async\" width=\"800\" height=\"608\" src=\"https:\/\/smaria.salou.arqtgn.cat\/wp-content\/uploads\/sites\/10\/2024\/09\/amadeu_240915.jpg\" alt=\"\" class=\"wp-image-23428\" style=\"width:799px;height:auto\" srcset=\"https:\/\/smaria.salou.arqtgn.cat\/wp-content\/uploads\/sites\/10\/2024\/09\/amadeu_240915.jpg 800w, https:\/\/smaria.salou.arqtgn.cat\/wp-content\/uploads\/sites\/10\/2024\/09\/amadeu_240915-300x228.jpg 300w, https:\/\/smaria.salou.arqtgn.cat\/wp-content\/uploads\/sites\/10\/2024\/09\/amadeu_240915-768x584.jpg 768w, https:\/\/smaria.salou.arqtgn.cat\/wp-content\/uploads\/sites\/10\/2024\/09\/amadeu_240915-560x426.jpg 560w\" sizes=\"auto, (max-width: 800px) 100vw, 800px\" \/><\/a><\/figure>\n\n\n\n<hr>\n<h3>Lectura Espiritual<\/h3>\n<p style=\"text-align: justify\"><strong>Catequesis: 11. La oraci\u00f3n con los salmos, 2<br><\/strong><\/p>\n<p style=\"text-align: justify\"><em>Queridos hermanos y hermanas, \u00a1buenos d\u00edas!<\/em><\/p>\n<p style=\"text-align: justify\">Completamos hoy la catequesis sobre la oraci\u00f3n de los Salmos.&nbsp; Ante todo notamos que en los Salmos aparece a menudo una figura negativa, la del \u201cimp\u00edo\u201d, es decir aquel o aquella que vive como si Dios no existiera. Es la persona sin ninguna referencia al trascendente, sin ning\u00fan freno a su arrogancia, que no teme juicios sobre lo que piensa y lo que hace.<\/p>\n<p style=\"text-align: justify\">Por esta raz\u00f3n el Salterio presenta la oraci\u00f3n como la realidad fundamental de la vida. La referencia al absoluto y al trascendente \u2014que los maestros de asc\u00e9tica llaman el \u201csagrado temor de Dios\u201d\u2014 es lo que nos hace plenamente humanos, es el l\u00edmite que nos salva de nosotros mismos, impidiendo que nos abalancemos sobre esta vida de forma rapaz y voraz. La oraci\u00f3n es la salvaci\u00f3n del ser humano.<\/p>\n<p style=\"text-align: justify\">Cierto, existe tambi\u00e9n una oraci\u00f3n falsa, una oraci\u00f3n hecha solo para ser admirados por los otros. Ese o esos que van a misa solamente para demostrar que son cat\u00f3licos o para mostrar el \u00faltimo modelo que han comprado, o para hacer una buena figura social. Van a una oraci\u00f3n falsa. Jes\u00fas ha advertido fuertemente sobre esto (cfr. <em>Mt<\/em> 6, 5-6; <em>Lc<\/em> 9, 14). Pero cuando el verdadero esp\u00edritu de la oraci\u00f3n es acogido con sinceridad y desciende al coraz\u00f3n, entonces esta nos hace contemplar la realidad con los ojos mismos de Dios.<\/p>\n<p style=\"text-align: justify\">Cuando se reza, todo adquiere \u201cespesor\u201d. Esto es curioso en la oraci\u00f3n, quiz\u00e1 empezamos en una cosa sutil pero en la oraci\u00f3n esa cosa adquiere espesor, adquiere peso, como si Dios la tomara en sus manos y la transformase. El peor servicio que se puede prestar, a Dios y tambi\u00e9n al hombre, es rezar con cansancio, como si fuera un h\u00e1bito. Rezar como los loros. No, se reza con el coraz\u00f3n. La oraci\u00f3n es el centro de la vida. Si hay oraci\u00f3n, tambi\u00e9n el hermano, la hermana, tambi\u00e9n el enemigo, se vuelve importante. Un antiguo dicho de los primeros monjes cristianos dice as\u00ed: \u00abBeato el monje que, despu\u00e9s de Dios, considera a todos los hombres como Dios\u00bb (Evagrio P\u00f3ntico, <em>Tratado sobre la oraci\u00f3n<\/em>, n. 123). Quien adora a Dios, ama a sus hijos. Quien respeta a Dios, respeta a los seres humanos.<\/p>\n<p style=\"text-align: justify\">Por esto, la oraci\u00f3n no es un calmante para aliviar las ansiedades de la vida; o, de todos modos, una oraci\u00f3n de este tipo no es seguramente cristiana. M\u00e1s bien la oraci\u00f3n responsabiliza a cada uno de nosotros. Lo vemos claramente en el \u201cPadre nuestro\u201d, que Jes\u00fas ha ense\u00f1ado a sus disc\u00edpulos.<\/p>\n<p style=\"text-align: justify\">Para aprender esta forma de rezar, el Salterio es una gran escuela. Hemos visto c\u00f3mo los salmos no usan siempre palabras refinadas y amables, y a menudo llevan marcadas las cicatrices de la existencia.&nbsp; Sin embargo, todas estas oraciones han sido usadas primero en el Templo de Jerusal\u00e9n y despu\u00e9s en las sinagogas; tambi\u00e9n las m\u00e1s \u00edntimas y personales. As\u00ed se expresa el <a href=\"http:\/\/www.vatican.va\/archive\/catechism_sp\/p4s1c1a1_sp.html#ART\u00cdCULO 1 EN EL ANTIGUO TESTAMENTO\"><em>Catecismo de la Iglesia Cat\u00f3lica<\/em><\/a>: \u00abLas m\u00faltiples expresiones de oraci\u00f3n de los Salmos se hacen realidad viva tanto en la liturgia del templo como en el coraz\u00f3n del hombre\u00bb (n. 2588). Y as\u00ed la oraci\u00f3n personal toma y se alimenta de la del pueblo de Israel, primero, y de la del pueblo de la Iglesia, despu\u00e9s.<\/p>\n<p style=\"text-align: justify\">Tambi\u00e9n los salmos en primera persona singular, que conf\u00edan los pensamientos y los problemas m\u00e1s \u00edntimos de un individuo, son patrimonio colectivo, hasta ser rezados por todos y para todos. La oraci\u00f3n de los cristianos tiene esta \u201crespiraci\u00f3n\u201d, esta \u201ctensi\u00f3n\u201d espiritual que mantiene unidos el templo y el mundo. La oraci\u00f3n puede comenzar en la penumbra de una nave, pero luego termina su recorrido por las calles de la ciudad. Y viceversa, puede brotar durante las ocupaciones diarias y encontrar cumplimiento en la liturgia. Las puertas de las iglesias no son barreras, sino \u201cmembranas\u201d permeables, listas para recoger el grito de todos.<\/p>\n<p style=\"text-align: justify\">En la oraci\u00f3n del Salterio el mundo est\u00e1 siempre presente. Los salmos, por ejemplo, dan voz a la promesa divina de salvaci\u00f3n de los m\u00e1s d\u00e9biles: \u00abPor la opresi\u00f3n de los humildes, por el gemido de los pobres, ahora me alzo yo, dice Yahveh: auxilio traigo a quien por \u00e9l suspira\u00bb (12, 6). O advierten sobre el peligro de las riquezas mundanas, porque \u00abel hombre en la opulencia no comprende, a las bestias mudas se asemeja\u00bb (48, 21). O, tambi\u00e9n, abren el horizonte a la mirada de Dios sobre la historia: \u00abYahveh frustra el plan de las naciones, hace vanos los proyectos de los pueblos; mas el plan de Yahveh subsiste para siempre, los proyectos de su coraz\u00f3n por todas las edades\u00bb (33,10-11).<\/p>\n<p style=\"text-align: justify\">En resumen, donde est\u00e1 Dios, tambi\u00e9n debe estar el hombre. La Sagrada Escritura es categ\u00f3rica: \u00abNosotros amemos, porque \u00e9l nos am\u00f3 primero\u00bb (<em>1Jn<\/em> 4, 19). \u00c9l siempre va antes que nosotros. \u00c9l nos espera siempre porque nos ama primero, nos mira primero, nos entiende primero. \u00c9l nos espera siempre. \u00abSi alguno dice \u201cAmo a Dios\u201d, y aborrece a su hermano, es un mentiroso; pues quien no ama a su hermano, a quien ve, no puede amar a Dios a quien no ve\u00bb (<em>1Jn<\/em> 4, 20). Si t\u00fa rezas muchos rosarios al d\u00eda pero luego chismorreas sobre los otros, y despu\u00e9s tienes rencor dentro, tienes odio contra los otros, esto es puro artificio, no es verdad. \u00abY hemos recibido de \u00e9l este mandamiento: quien ama a Dios, ame tambi\u00e9n a su hermano\u00bb (<em>1Jn<\/em> 4, 21). La Escritura admite el caso de una persona que, incluso buscando sinceramente a Dios, nunca logra encontrarlo; pero afirma tambi\u00e9n que las l\u00e1grimas de los pobres no se pueden negar nunca, so pena de no encontrar a Dios. Dios no sostiene el \u201cate\u00edsmo\u201d de quien niega la imagen divina que est\u00e1 impresa en todo ser humano. Ese ate\u00edsmo de todos los d\u00edas: yo creo en Dios pero con los otros mantengo la distancia y me permito odiar a los otros. Esto es el ate\u00edsmo pr\u00e1ctico. No reconocer la persona humana como imagen de Dios es un sacrilegio, es una abominaci\u00f3n, es la peor ofensa que se puede llevar al templo y al altar.<\/p>\n<p style=\"text-align: justify\">Queridos hermanos y hermanas, que la oraci\u00f3n de los salmos nos ayude a no caer en la tentaci\u00f3n de la \u201cimpiedad\u201d, es decir de vivir, y quiz\u00e1 tambi\u00e9n de rezar, como si Dios no existiera, y como si los pobres no existieran.<\/p>\n<p style=\"text-align: right\"><em>Papa Francisco<\/em><\/p>\n<p>&nbsp;<\/p>\n<p>&nbsp;<\/p>\n\n\n\n\n","protected":false},"excerpt":{"rendered":"<p>Una mirada art\u00edstica a l\u2019Evangeli del Diumenge, un gentilesa de l\u2019Amadeu Bonet, artista. Lectura Espiritual Catequesis: 11. La oraci\u00f3n con los salmos, 2 Queridos hermanos y hermanas, \u00a1buenos d\u00edas! Completamos hoy la catequesis sobre la oraci\u00f3n de los Salmos.&nbsp; Ante todo notamos que en los Salmos aparece a menudo una figura negativa, la del \u201cimp\u00edo\u201d, &hellip; <\/p>\n<p><a class=\"more-link btn\" href=\"https:\/\/smaria.salou.arqtgn.cat\/es\/domingo-tiempo-ordinario-b\/\">Seguir leyendo<\/a><\/p>\n","protected":false},"author":11,"featured_media":0,"comment_status":"closed","ping_status":"closed","sticky":false,"template":"","format":"standard","meta":{"footnotes":""},"categories":[52,49],"tags":[],"class_list":["post-23433","post","type-post","status-publish","format-standard","hentry","category-para-reflexionar","category-preparando-el-domingo","item-wrap"],"amp_enabled":true,"_links":{"self":[{"href":"https:\/\/smaria.salou.arqtgn.cat\/es\/wp-json\/wp\/v2\/posts\/23433","targetHints":{"allow":["GET"]}}],"collection":[{"href":"https:\/\/smaria.salou.arqtgn.cat\/es\/wp-json\/wp\/v2\/posts"}],"about":[{"href":"https:\/\/smaria.salou.arqtgn.cat\/es\/wp-json\/wp\/v2\/types\/post"}],"author":[{"embeddable":true,"href":"https:\/\/smaria.salou.arqtgn.cat\/es\/wp-json\/wp\/v2\/users\/11"}],"replies":[{"embeddable":true,"href":"https:\/\/smaria.salou.arqtgn.cat\/es\/wp-json\/wp\/v2\/comments?post=23433"}],"version-history":[{"count":4,"href":"https:\/\/smaria.salou.arqtgn.cat\/es\/wp-json\/wp\/v2\/posts\/23433\/revisions"}],"predecessor-version":[{"id":23442,"href":"https:\/\/smaria.salou.arqtgn.cat\/es\/wp-json\/wp\/v2\/posts\/23433\/revisions\/23442"}],"wp:attachment":[{"href":"https:\/\/smaria.salou.arqtgn.cat\/es\/wp-json\/wp\/v2\/media?parent=23433"}],"wp:term":[{"taxonomy":"category","embeddable":true,"href":"https:\/\/smaria.salou.arqtgn.cat\/es\/wp-json\/wp\/v2\/categories?post=23433"},{"taxonomy":"post_tag","embeddable":true,"href":"https:\/\/smaria.salou.arqtgn.cat\/es\/wp-json\/wp\/v2\/tags?post=23433"}],"curies":[{"name":"wp","href":"https:\/\/api.w.org\/{rel}","templated":true}]}}