{"id":23278,"date":"2024-08-13T11:16:52","date_gmt":"2024-08-13T09:16:52","guid":{"rendered":"https:\/\/smaria.salou.arqtgn.cat\/?p=23278"},"modified":"2024-08-17T11:18:48","modified_gmt":"2024-08-17T09:18:48","slug":"caritas-salou-se-actualiza","status":"publish","type":"post","link":"https:\/\/smaria.salou.arqtgn.cat\/es\/caritas-salou-se-actualiza\/","title":{"rendered":"C\u00e0ritas Salou se actualiza"},"content":{"rendered":"\n<figure class=\"wp-block-image size-large\"><img loading=\"lazy\" decoding=\"async\" width=\"1024\" height=\"683\" src=\"https:\/\/smaria.salou.arqtgn.cat\/wp-content\/uploads\/sites\/10\/2024\/08\/Carits_UPA-1024x683.jpg\" alt=\"\" class=\"wp-image-23273\" srcset=\"https:\/\/smaria.salou.arqtgn.cat\/wp-content\/uploads\/sites\/10\/2024\/08\/Carits_UPA-1024x683.jpg 1024w, https:\/\/smaria.salou.arqtgn.cat\/wp-content\/uploads\/sites\/10\/2024\/08\/Carits_UPA-300x200.jpg 300w, https:\/\/smaria.salou.arqtgn.cat\/wp-content\/uploads\/sites\/10\/2024\/08\/Carits_UPA-768x512.jpg 768w, https:\/\/smaria.salou.arqtgn.cat\/wp-content\/uploads\/sites\/10\/2024\/08\/Carits_UPA-1536x1024.jpg 1536w, https:\/\/smaria.salou.arqtgn.cat\/wp-content\/uploads\/sites\/10\/2024\/08\/Carits_UPA-560x373.jpg 560w, https:\/\/smaria.salou.arqtgn.cat\/wp-content\/uploads\/sites\/10\/2024\/08\/Carits_UPA.jpg 1800w\" sizes=\"auto, (max-width: 1024px) 100vw, 1024px\" \/><\/figure>\n\n\n\n<p style=\"text-align: justify\">C\u00e1ritas Salou ha actualizado su entorno de visualizaci\u00f3n externa con nuevos carteles que tambi\u00e9n recogen a la nueva organizaci\u00f3n diocesana en Unidades Pastorales.<\/p>\n<p style=\"text-align: justify\">Tambi\u00e9n y gracias a algunas empresas que han colaborado en la financiaci\u00f3n, se ha comprado un nuevo furg\u00f3n de la marca Ford modelo Transit, para sustituir a la anterior furgoneta ya obsoleta y con muchos problemas mec\u00e1nicos. Se ha optado por un furg\u00f3n con mayor capacidad para optimizar las cargas y evitar viajes.<\/p>\n\n\n\n<figure class=\"wp-block-image size-full\"><img loading=\"lazy\" decoding=\"async\" width=\"1000\" height=\"1000\" src=\"https:\/\/smaria.salou.arqtgn.cat\/wp-content\/uploads\/sites\/10\/2024\/08\/fiurgo_caritas.jpg\" alt=\"\" class=\"wp-image-23275\" srcset=\"https:\/\/smaria.salou.arqtgn.cat\/wp-content\/uploads\/sites\/10\/2024\/08\/fiurgo_caritas.jpg 1000w, https:\/\/smaria.salou.arqtgn.cat\/wp-content\/uploads\/sites\/10\/2024\/08\/fiurgo_caritas-300x300.jpg 300w, https:\/\/smaria.salou.arqtgn.cat\/wp-content\/uploads\/sites\/10\/2024\/08\/fiurgo_caritas-150x150.jpg 150w, https:\/\/smaria.salou.arqtgn.cat\/wp-content\/uploads\/sites\/10\/2024\/08\/fiurgo_caritas-768x768.jpg 768w, https:\/\/smaria.salou.arqtgn.cat\/wp-content\/uploads\/sites\/10\/2024\/08\/fiurgo_caritas-560x560.jpg 560w\" sizes=\"auto, (max-width: 1000px) 100vw, 1000px\" \/><\/figure>\n\n\n","protected":false},"excerpt":{"rendered":"<p>C\u00e1ritas Salou ha actualizado su entorno de visualizaci\u00f3n externa con nuevos carteles que tambi\u00e9n recogen a la nueva organizaci\u00f3n diocesana en Unidades Pastorales. Tambi\u00e9n y gracias a algunas empresas que han colaborado en la financiaci\u00f3n, se ha comprado un nuevo furg\u00f3n de la marca Ford modelo Transit, para sustituir a la anterior furgoneta ya obsoleta &hellip; <\/p>\n<p><a class=\"more-link btn\" href=\"https:\/\/smaria.salou.arqtgn.cat\/es\/caritas-salou-se-actualiza\/\">Seguir leyendo<\/a><\/p>\n","protected":false},"author":11,"featured_media":0,"comment_status":"closed","ping_status":"closed","sticky":false,"template":"","format":"standard","meta":{"footnotes":""},"categories":[57,64],"tags":[],"class_list":["post-23278","post","type-post","status-publish","format-standard","hentry","category-caritas-interparroquial-es-2","category-vida-parroquial-es","item-wrap"],"amp_enabled":true,"_links":{"self":[{"href":"https:\/\/smaria.salou.arqtgn.cat\/es\/wp-json\/wp\/v2\/posts\/23278","targetHints":{"allow":["GET"]}}],"collection":[{"href":"https:\/\/smaria.salou.arqtgn.cat\/es\/wp-json\/wp\/v2\/posts"}],"about":[{"href":"https:\/\/smaria.salou.arqtgn.cat\/es\/wp-json\/wp\/v2\/types\/post"}],"author":[{"embeddable":true,"href":"https:\/\/smaria.salou.arqtgn.cat\/es\/wp-json\/wp\/v2\/users\/11"}],"replies":[{"embeddable":true,"href":"https:\/\/smaria.salou.arqtgn.cat\/es\/wp-json\/wp\/v2\/comments?post=23278"}],"version-history":[{"count":1,"href":"https:\/\/smaria.salou.arqtgn.cat\/es\/wp-json\/wp\/v2\/posts\/23278\/revisions"}],"predecessor-version":[{"id":23279,"href":"https:\/\/smaria.salou.arqtgn.cat\/es\/wp-json\/wp\/v2\/posts\/23278\/revisions\/23279"}],"wp:attachment":[{"href":"https:\/\/smaria.salou.arqtgn.cat\/es\/wp-json\/wp\/v2\/media?parent=23278"}],"wp:term":[{"taxonomy":"category","embeddable":true,"href":"https:\/\/smaria.salou.arqtgn.cat\/es\/wp-json\/wp\/v2\/categories?post=23278"},{"taxonomy":"post_tag","embeddable":true,"href":"https:\/\/smaria.salou.arqtgn.cat\/es\/wp-json\/wp\/v2\/tags?post=23278"}],"curies":[{"name":"wp","href":"https:\/\/api.w.org\/{rel}","templated":true}]}}