{"id":23136,"date":"2024-08-01T17:00:09","date_gmt":"2024-08-01T15:00:09","guid":{"rendered":"https:\/\/smaria.salou.arqtgn.cat\/?p=23136"},"modified":"2024-08-01T17:04:04","modified_gmt":"2024-08-01T15:04:04","slug":"jornada-mundial-de-los-abuelos-y-la-gent-mayor","status":"publish","type":"post","link":"https:\/\/smaria.salou.arqtgn.cat\/es\/jornada-mundial-de-los-abuelos-y-la-gent-mayor\/","title":{"rendered":"Jornada Mundial de los abuelos y la gent mayor"},"content":{"rendered":"\n<figure class=\"wp-block-image size-full\"><a href=\"https:\/\/smaria.salou.arqtgn.cat\/wp-content\/uploads\/sites\/10\/2024\/08\/240801019.jpg\" target=\"_blank\" rel=\"noreferrer noopener\"><img loading=\"lazy\" decoding=\"async\" width=\"800\" height=\"533\" src=\"https:\/\/smaria.salou.arqtgn.cat\/wp-content\/uploads\/sites\/10\/2024\/08\/240801019.jpg\" alt=\"\" class=\"wp-image-23128\" srcset=\"https:\/\/smaria.salou.arqtgn.cat\/wp-content\/uploads\/sites\/10\/2024\/08\/240801019.jpg 800w, https:\/\/smaria.salou.arqtgn.cat\/wp-content\/uploads\/sites\/10\/2024\/08\/240801019-300x200.jpg 300w, https:\/\/smaria.salou.arqtgn.cat\/wp-content\/uploads\/sites\/10\/2024\/08\/240801019-768x512.jpg 768w, https:\/\/smaria.salou.arqtgn.cat\/wp-content\/uploads\/sites\/10\/2024\/08\/240801019-560x373.jpg 560w\" sizes=\"auto, (max-width: 800px) 100vw, 800px\" \/><\/a><\/figure>\n\n\n\n<p style=\"text-align: justify\">Nuestra comunidad parroquial acogi\u00f3 a Santa Mar\u00eda del Mar en la misa mayor el domingo 28 de julio, la celebraci\u00f3n diocesana de la <em>IV Jornada Mundial de los abuelos y ancianos<\/em>, que con el lema <strong><em>\u00abA la vejez no me abandones\u00bb<\/em><\/strong>, fue presidida por el Arzobispo Juan y con gran participaci\u00f3n de fieles, en especial del colectivo de personas mayores de la parroquia.<\/p>\n<p style=\"text-align: justify\">En su mensaje para esta ocasi\u00f3n, el papa Francisco hace una invitaci\u00f3n a mostrar nuestra ternura y proximidad \u00aba los abuelos ya los mayores de nuestras familias\u00bb. \u00abVisitamos a los que est\u00e1n desanimados o que ya no esperan que un futuro diferente sea posible.\u00bb<\/p>\n<p style=\"text-align: justify\">La celebraci\u00f3n fue animada por las&nbsp;voluntarias de la pastoral de la salud de nuestra comunidad parroquial junto con los colaboradores de la Delegaci\u00f3n para los laicos y la familia de nuestra archidi\u00f3cesis. Fue una buena ocasi\u00f3n para encontrarse a las personas mayores de nuestra comunidad parroquial y con otras de otras parroquias. Al finalizar la celebraci\u00f3n, Mn. Santi Soro, p\u00e1rroco de la Parroquia, agradeci\u00f3 al arzobispo el hecho de celebrar esta Jornada en Santa Mar\u00eda del Mar y tambi\u00e9n toda la labor que se est\u00e1 haciendo desde la pastoral familiar diocesana.<\/p>\n\n\n\n<figure class=\"wp-block-image size-large\"><a href=\"https:\/\/smaria.salou.arqtgn.cat\/wp-content\/uploads\/sites\/10\/2024\/08\/Jor_Avis_24_1-1024x683.jpg\" target=\"_blank\" rel=\"noreferrer noopener\"><img loading=\"lazy\" decoding=\"async\" width=\"1024\" height=\"683\" src=\"https:\/\/smaria.salou.arqtgn.cat\/wp-content\/uploads\/sites\/10\/2024\/08\/Jor_Avis_24_1-1024x683.jpg\" alt=\"\" class=\"wp-image-23131\" srcset=\"https:\/\/smaria.salou.arqtgn.cat\/wp-content\/uploads\/sites\/10\/2024\/08\/Jor_Avis_24_1-1024x683.jpg 1024w, https:\/\/smaria.salou.arqtgn.cat\/wp-content\/uploads\/sites\/10\/2024\/08\/Jor_Avis_24_1-300x200.jpg 300w, https:\/\/smaria.salou.arqtgn.cat\/wp-content\/uploads\/sites\/10\/2024\/08\/Jor_Avis_24_1-768x512.jpg 768w, https:\/\/smaria.salou.arqtgn.cat\/wp-content\/uploads\/sites\/10\/2024\/08\/Jor_Avis_24_1-1536x1024.jpg 1536w, https:\/\/smaria.salou.arqtgn.cat\/wp-content\/uploads\/sites\/10\/2024\/08\/Jor_Avis_24_1-560x373.jpg 560w, https:\/\/smaria.salou.arqtgn.cat\/wp-content\/uploads\/sites\/10\/2024\/08\/Jor_Avis_24_1.jpg 1800w\" sizes=\"auto, (max-width: 1024px) 100vw, 1024px\" \/><\/a><\/figure>\n\n\n\n<figure class=\"wp-block-image size-large\"><a href=\"https:\/\/smaria.salou.arqtgn.cat\/wp-content\/uploads\/sites\/10\/2024\/08\/Jor_Avis_24_2-1024x683.jpg\" target=\"_blank\" rel=\"noreferrer noopener\"><img loading=\"lazy\" decoding=\"async\" width=\"1024\" height=\"683\" src=\"https:\/\/smaria.salou.arqtgn.cat\/wp-content\/uploads\/sites\/10\/2024\/08\/Jor_Avis_24_2-1024x683.jpg\" alt=\"\" class=\"wp-image-23133\" srcset=\"https:\/\/smaria.salou.arqtgn.cat\/wp-content\/uploads\/sites\/10\/2024\/08\/Jor_Avis_24_2-1024x683.jpg 1024w, https:\/\/smaria.salou.arqtgn.cat\/wp-content\/uploads\/sites\/10\/2024\/08\/Jor_Avis_24_2-300x200.jpg 300w, https:\/\/smaria.salou.arqtgn.cat\/wp-content\/uploads\/sites\/10\/2024\/08\/Jor_Avis_24_2-768x512.jpg 768w, https:\/\/smaria.salou.arqtgn.cat\/wp-content\/uploads\/sites\/10\/2024\/08\/Jor_Avis_24_2-1536x1024.jpg 1536w, https:\/\/smaria.salou.arqtgn.cat\/wp-content\/uploads\/sites\/10\/2024\/08\/Jor_Avis_24_2-560x373.jpg 560w, https:\/\/smaria.salou.arqtgn.cat\/wp-content\/uploads\/sites\/10\/2024\/08\/Jor_Avis_24_2.jpg 1800w\" sizes=\"auto, (max-width: 1024px) 100vw, 1024px\" \/><\/a><\/figure>\n\n\n","protected":false},"excerpt":{"rendered":"<p>Nuestra comunidad parroquial acogi\u00f3 a Santa Mar\u00eda del Mar en la misa mayor el domingo 28 de julio, la celebraci\u00f3n diocesana de la IV Jornada Mundial de los abuelos y ancianos, que con el lema \u00abA la vejez no me abandones\u00bb, fue presidida por el Arzobispo Juan y con gran participaci\u00f3n de fieles, en especial &hellip; <\/p>\n<p><a class=\"more-link btn\" href=\"https:\/\/smaria.salou.arqtgn.cat\/es\/jornada-mundial-de-los-abuelos-y-la-gent-mayor\/\">Seguir leyendo<\/a><\/p>\n","protected":false},"author":11,"featured_media":0,"comment_status":"closed","ping_status":"closed","sticky":false,"template":"","format":"standard","meta":{"footnotes":""},"categories":[52,55,64],"tags":[],"class_list":["post-23136","post","type-post","status-publish","format-standard","hentry","category-para-reflexionar","category-pastoral-de-la-salud","category-vida-parroquial-es","item-wrap"],"amp_enabled":true,"_links":{"self":[{"href":"https:\/\/smaria.salou.arqtgn.cat\/es\/wp-json\/wp\/v2\/posts\/23136","targetHints":{"allow":["GET"]}}],"collection":[{"href":"https:\/\/smaria.salou.arqtgn.cat\/es\/wp-json\/wp\/v2\/posts"}],"about":[{"href":"https:\/\/smaria.salou.arqtgn.cat\/es\/wp-json\/wp\/v2\/types\/post"}],"author":[{"embeddable":true,"href":"https:\/\/smaria.salou.arqtgn.cat\/es\/wp-json\/wp\/v2\/users\/11"}],"replies":[{"embeddable":true,"href":"https:\/\/smaria.salou.arqtgn.cat\/es\/wp-json\/wp\/v2\/comments?post=23136"}],"version-history":[{"count":3,"href":"https:\/\/smaria.salou.arqtgn.cat\/es\/wp-json\/wp\/v2\/posts\/23136\/revisions"}],"predecessor-version":[{"id":23140,"href":"https:\/\/smaria.salou.arqtgn.cat\/es\/wp-json\/wp\/v2\/posts\/23136\/revisions\/23140"}],"wp:attachment":[{"href":"https:\/\/smaria.salou.arqtgn.cat\/es\/wp-json\/wp\/v2\/media?parent=23136"}],"wp:term":[{"taxonomy":"category","embeddable":true,"href":"https:\/\/smaria.salou.arqtgn.cat\/es\/wp-json\/wp\/v2\/categories?post=23136"},{"taxonomy":"post_tag","embeddable":true,"href":"https:\/\/smaria.salou.arqtgn.cat\/es\/wp-json\/wp\/v2\/tags?post=23136"}],"curies":[{"name":"wp","href":"https:\/\/api.w.org\/{rel}","templated":true}]}}