{"id":22613,"date":"2024-04-13T08:13:51","date_gmt":"2024-04-13T06:13:51","guid":{"rendered":"http:\/\/smaria.salou.arqtgn.cat\/?p=22613"},"modified":"2024-04-20T08:15:30","modified_gmt":"2024-04-20T06:15:30","slug":"encuentro-de-accion-catolica-general","status":"publish","type":"post","link":"https:\/\/smaria.salou.arqtgn.cat\/es\/encuentro-de-accion-catolica-general\/","title":{"rendered":"Encuentro de Acci\u00f3n Cat\u00f3lica General"},"content":{"rendered":"\n<figure class=\"wp-block-image size-large\"><img loading=\"lazy\" decoding=\"async\" width=\"725\" height=\"1024\" src=\"http:\/\/smaria.salou.arqtgn.cat\/wp-content\/uploads\/sites\/10\/2024\/04\/ACG_Salou-725x1024.jpg\" alt=\"\" class=\"wp-image-22610\" srcset=\"https:\/\/smaria.salou.arqtgn.cat\/wp-content\/uploads\/sites\/10\/2024\/04\/ACG_Salou-725x1024.jpg 725w, https:\/\/smaria.salou.arqtgn.cat\/wp-content\/uploads\/sites\/10\/2024\/04\/ACG_Salou-212x300.jpg 212w, https:\/\/smaria.salou.arqtgn.cat\/wp-content\/uploads\/sites\/10\/2024\/04\/ACG_Salou-768x1085.jpg 768w, https:\/\/smaria.salou.arqtgn.cat\/wp-content\/uploads\/sites\/10\/2024\/04\/ACG_Salou-560x791.jpg 560w, https:\/\/smaria.salou.arqtgn.cat\/wp-content\/uploads\/sites\/10\/2024\/04\/ACG_Salou.jpg 800w\" sizes=\"auto, (max-width: 725px) 100vw, 725px\" \/><\/figure>\n\n\n<p style=\"text-align: justify\">Ayer viernes por la tarde, nos encontramos en <strong>Santa Maria de Mar,<\/strong> los dos grupos de <em>Acci\u00f3n Cat\u00f3lica General<\/em> que ya est\u00e1n funcionando desde inicio del curso en nuestra comunidad parroquial, con los grupos de Tarragona y Vila-seca que actualmente est\u00e1n un ritmo bajo de encuentros.<br \/>El encuentro fue dinamizado por el consiliario general, Jos\u00e9 Antonio y la responsable del sector de adultos. el Angelinas. Despu\u00e9s de la oraci\u00f3n inicial, hicimos un par de din\u00e1micas para expresar y compartir nuestras experiencias en los grupos semanales de revisi\u00f3n de vida as\u00ed como las dificultades que nos encontramos.<br \/>Terminamos con un buen rato de compartir todo mientras hac\u00edamos un \u00abpica pica\u00bb.<\/p>","protected":false},"excerpt":{"rendered":"<p>Ayer viernes por la tarde, nos encontramos en Santa Maria de Mar, los dos grupos de Acci\u00f3n Cat\u00f3lica General que ya est\u00e1n funcionando desde inicio del curso en nuestra comunidad parroquial, con los grupos de Tarragona y Vila-seca que actualmente est\u00e1n un ritmo bajo de encuentros.El encuentro fue dinamizado por el consiliario general, Jos\u00e9 Antonio &hellip; <\/p>\n<p><a class=\"more-link btn\" href=\"https:\/\/smaria.salou.arqtgn.cat\/es\/encuentro-de-accion-catolica-general\/\">Seguir leyendo<\/a><\/p>\n","protected":false},"author":11,"featured_media":0,"comment_status":"closed","ping_status":"closed","sticky":false,"template":"","format":"standard","meta":{"footnotes":""},"categories":[50,64],"tags":[],"class_list":["post-22613","post","type-post","status-publish","format-standard","hentry","category-catequesis","category-vida-parroquial-es","item-wrap"],"amp_enabled":true,"_links":{"self":[{"href":"https:\/\/smaria.salou.arqtgn.cat\/es\/wp-json\/wp\/v2\/posts\/22613","targetHints":{"allow":["GET"]}}],"collection":[{"href":"https:\/\/smaria.salou.arqtgn.cat\/es\/wp-json\/wp\/v2\/posts"}],"about":[{"href":"https:\/\/smaria.salou.arqtgn.cat\/es\/wp-json\/wp\/v2\/types\/post"}],"author":[{"embeddable":true,"href":"https:\/\/smaria.salou.arqtgn.cat\/es\/wp-json\/wp\/v2\/users\/11"}],"replies":[{"embeddable":true,"href":"https:\/\/smaria.salou.arqtgn.cat\/es\/wp-json\/wp\/v2\/comments?post=22613"}],"version-history":[{"count":1,"href":"https:\/\/smaria.salou.arqtgn.cat\/es\/wp-json\/wp\/v2\/posts\/22613\/revisions"}],"predecessor-version":[{"id":22614,"href":"https:\/\/smaria.salou.arqtgn.cat\/es\/wp-json\/wp\/v2\/posts\/22613\/revisions\/22614"}],"wp:attachment":[{"href":"https:\/\/smaria.salou.arqtgn.cat\/es\/wp-json\/wp\/v2\/media?parent=22613"}],"wp:term":[{"taxonomy":"category","embeddable":true,"href":"https:\/\/smaria.salou.arqtgn.cat\/es\/wp-json\/wp\/v2\/categories?post=22613"},{"taxonomy":"post_tag","embeddable":true,"href":"https:\/\/smaria.salou.arqtgn.cat\/es\/wp-json\/wp\/v2\/tags?post=22613"}],"curies":[{"name":"wp","href":"https:\/\/api.w.org\/{rel}","templated":true}]}}