{"id":22440,"date":"2024-03-27T15:21:06","date_gmt":"2024-03-27T14:21:06","guid":{"rendered":"http:\/\/smaria.salou.arqtgn.cat\/?p=22440"},"modified":"2024-03-29T15:22:30","modified_gmt":"2024-03-29T14:22:30","slug":"caritas-firma-el-convenio-de-colaboracion-con-el-ayuntamiento-de-salou","status":"publish","type":"post","link":"https:\/\/smaria.salou.arqtgn.cat\/es\/caritas-firma-el-convenio-de-colaboracion-con-el-ayuntamiento-de-salou\/","title":{"rendered":"C\u00e0ritas firma el convenio de colaboraci\u00f3n con el Ayuntamiento de Salou"},"content":{"rendered":"\n<p>Este martes 26 de marzo se firm\u00f3 el convenio de colaboraci\u00f3n entre C\u00e1ritas Interparroquial de Salou y el Ayuntamiento de Salou. Por parte del Ayuntamiento firm\u00f3 el alcalde Pere Granados, por parte de C\u00e1ritas, Salvador Gran\u00e9, director de C\u00e1ritas Diocesana de Tarragona. Tambi\u00e9n estaban presentes la concejala de Bienestar Social del Ayuntamiento, Mn. Santi y Esteve Tom\u00e0s.<\/p>\n<p>Este convenio de colaboraci\u00f3n consiste en el trabajo coordinado en el servicio de distribuci\u00f3n de alimentos a las personas necesitadas.<\/p>\n\n\n\n<figure class=\"wp-block-image size-full\"><img loading=\"lazy\" decoding=\"async\" width=\"800\" height=\"425\" src=\"http:\/\/smaria.salou.arqtgn.cat\/wp-content\/uploads\/sites\/10\/2024\/03\/Conveni_Caritas.jpg\" alt=\"\" class=\"wp-image-22437\" srcset=\"https:\/\/smaria.salou.arqtgn.cat\/wp-content\/uploads\/sites\/10\/2024\/03\/Conveni_Caritas.jpg 800w, https:\/\/smaria.salou.arqtgn.cat\/wp-content\/uploads\/sites\/10\/2024\/03\/Conveni_Caritas-300x159.jpg 300w, https:\/\/smaria.salou.arqtgn.cat\/wp-content\/uploads\/sites\/10\/2024\/03\/Conveni_Caritas-768x408.jpg 768w, https:\/\/smaria.salou.arqtgn.cat\/wp-content\/uploads\/sites\/10\/2024\/03\/Conveni_Caritas-560x298.jpg 560w\" sizes=\"auto, (max-width: 800px) 100vw, 800px\" \/><\/figure>\n","protected":false},"excerpt":{"rendered":"<p>Este martes 26 de marzo se firm\u00f3 el convenio de colaboraci\u00f3n entre C\u00e1ritas Interparroquial de Salou y el Ayuntamiento de Salou. Por parte del Ayuntamiento firm\u00f3 el alcalde Pere Granados, por parte de C\u00e1ritas, Salvador Gran\u00e9, director de C\u00e1ritas Diocesana de Tarragona. Tambi\u00e9n estaban presentes la concejala de Bienestar Social del Ayuntamiento, Mn. Santi y &hellip; <\/p>\n<p><a class=\"more-link btn\" href=\"https:\/\/smaria.salou.arqtgn.cat\/es\/caritas-firma-el-convenio-de-colaboracion-con-el-ayuntamiento-de-salou\/\">Seguir leyendo<\/a><\/p>\n","protected":false},"author":11,"featured_media":0,"comment_status":"closed","ping_status":"closed","sticky":false,"template":"","format":"standard","meta":{"footnotes":""},"categories":[57],"tags":[],"class_list":["post-22440","post","type-post","status-publish","format-standard","hentry","category-caritas-interparroquial-es-2","item-wrap"],"amp_enabled":true,"_links":{"self":[{"href":"https:\/\/smaria.salou.arqtgn.cat\/es\/wp-json\/wp\/v2\/posts\/22440","targetHints":{"allow":["GET"]}}],"collection":[{"href":"https:\/\/smaria.salou.arqtgn.cat\/es\/wp-json\/wp\/v2\/posts"}],"about":[{"href":"https:\/\/smaria.salou.arqtgn.cat\/es\/wp-json\/wp\/v2\/types\/post"}],"author":[{"embeddable":true,"href":"https:\/\/smaria.salou.arqtgn.cat\/es\/wp-json\/wp\/v2\/users\/11"}],"replies":[{"embeddable":true,"href":"https:\/\/smaria.salou.arqtgn.cat\/es\/wp-json\/wp\/v2\/comments?post=22440"}],"version-history":[{"count":1,"href":"https:\/\/smaria.salou.arqtgn.cat\/es\/wp-json\/wp\/v2\/posts\/22440\/revisions"}],"predecessor-version":[{"id":22441,"href":"https:\/\/smaria.salou.arqtgn.cat\/es\/wp-json\/wp\/v2\/posts\/22440\/revisions\/22441"}],"wp:attachment":[{"href":"https:\/\/smaria.salou.arqtgn.cat\/es\/wp-json\/wp\/v2\/media?parent=22440"}],"wp:term":[{"taxonomy":"category","embeddable":true,"href":"https:\/\/smaria.salou.arqtgn.cat\/es\/wp-json\/wp\/v2\/categories?post=22440"},{"taxonomy":"post_tag","embeddable":true,"href":"https:\/\/smaria.salou.arqtgn.cat\/es\/wp-json\/wp\/v2\/tags?post=22440"}],"curies":[{"name":"wp","href":"https:\/\/api.w.org\/{rel}","templated":true}]}}