{"id":22417,"date":"2024-03-27T17:07:55","date_gmt":"2024-03-27T16:07:55","guid":{"rendered":"http:\/\/smaria.salou.arqtgn.cat\/?p=22417"},"modified":"2024-03-27T17:07:59","modified_gmt":"2024-03-27T16:07:59","slug":"defuncion-de-dilo-cobelas-madarnas","status":"publish","type":"post","link":"https:\/\/smaria.salou.arqtgn.cat\/es\/defuncion-de-dilo-cobelas-madarnas\/","title":{"rendered":"Defunci\u00f3n de dilo Cobelas Madarnas"},"content":{"rendered":"\n<p><img loading=\"lazy\" decoding=\"async\" class=\"wp-image-21893 alignleft\" src=\"http:\/\/smaria.salou.arqtgn.cat\/wp-content\/uploads\/sites\/10\/2024\/01\/memora.jpg\" alt=\"\" width=\"124\" height=\"126\" srcset=\"https:\/\/smaria.salou.arqtgn.cat\/wp-content\/uploads\/sites\/10\/2024\/01\/memora.jpg 721w, https:\/\/smaria.salou.arqtgn.cat\/wp-content\/uploads\/sites\/10\/2024\/01\/memora-294x300.jpg 294w, https:\/\/smaria.salou.arqtgn.cat\/wp-content\/uploads\/sites\/10\/2024\/01\/memora-560x571.jpg 560w\" sizes=\"auto, (max-width: 124px) 100vw, 124px\" \/><strong>Edad:<\/strong> 78 a\u00f1os<\/p>\n<p><strong>Lugar de la ceremonia<\/strong>: Tanatorio Municipal de Salou<strong><br \/><\/strong><\/p>\n<p><strong>Fecha y hora: <\/strong>jueves, 28 de marzo de 2024, a las 11:00h<\/p>\n<p><em>Jes\u00fas dijo: Jo soy la resurecci\u00f3n y la vida. Quien cree en mi, aunque muera, vivir\u00e1; y todo aquel que vive y cree en mi, no morir\u00e1 nunca<\/em>.<\/p>\n<p><em>Jn 11, 25-26<br \/><\/em><\/p>\n","protected":false},"excerpt":{"rendered":"<p>Edad: 78 a\u00f1os Lugar de la ceremonia: Tanatorio Municipal de Salou Fecha y hora: jueves, 28 de marzo de 2024, a las 11:00h Jes\u00fas dijo: Jo soy la resurecci\u00f3n y la vida. Quien cree en mi, aunque muera, vivir\u00e1; y todo aquel que vive y cree en mi, no morir\u00e1 nunca. Jn 11, 25-26<\/p>\n","protected":false},"author":11,"featured_media":0,"comment_status":"closed","ping_status":"closed","sticky":false,"template":"","format":"standard","meta":{"footnotes":""},"categories":[51],"tags":[],"class_list":["post-22417","post","type-post","status-publish","format-standard","hentry","category-defunciones","item-wrap"],"amp_enabled":true,"_links":{"self":[{"href":"https:\/\/smaria.salou.arqtgn.cat\/es\/wp-json\/wp\/v2\/posts\/22417","targetHints":{"allow":["GET"]}}],"collection":[{"href":"https:\/\/smaria.salou.arqtgn.cat\/es\/wp-json\/wp\/v2\/posts"}],"about":[{"href":"https:\/\/smaria.salou.arqtgn.cat\/es\/wp-json\/wp\/v2\/types\/post"}],"author":[{"embeddable":true,"href":"https:\/\/smaria.salou.arqtgn.cat\/es\/wp-json\/wp\/v2\/users\/11"}],"replies":[{"embeddable":true,"href":"https:\/\/smaria.salou.arqtgn.cat\/es\/wp-json\/wp\/v2\/comments?post=22417"}],"version-history":[{"count":1,"href":"https:\/\/smaria.salou.arqtgn.cat\/es\/wp-json\/wp\/v2\/posts\/22417\/revisions"}],"predecessor-version":[{"id":22418,"href":"https:\/\/smaria.salou.arqtgn.cat\/es\/wp-json\/wp\/v2\/posts\/22417\/revisions\/22418"}],"wp:attachment":[{"href":"https:\/\/smaria.salou.arqtgn.cat\/es\/wp-json\/wp\/v2\/media?parent=22417"}],"wp:term":[{"taxonomy":"category","embeddable":true,"href":"https:\/\/smaria.salou.arqtgn.cat\/es\/wp-json\/wp\/v2\/categories?post=22417"},{"taxonomy":"post_tag","embeddable":true,"href":"https:\/\/smaria.salou.arqtgn.cat\/es\/wp-json\/wp\/v2\/tags?post=22417"}],"curies":[{"name":"wp","href":"https:\/\/api.w.org\/{rel}","templated":true}]}}