{"id":22208,"date":"2024-02-27T01:07:37","date_gmt":"2024-02-27T00:07:37","guid":{"rendered":"http:\/\/smaria.salou.arqtgn.cat\/?p=22208"},"modified":"2024-02-27T01:07:39","modified_gmt":"2024-02-27T00:07:39","slug":"misa-rociera-a-santa-maria-del-mar","status":"publish","type":"post","link":"https:\/\/smaria.salou.arqtgn.cat\/es\/misa-rociera-a-santa-maria-del-mar\/","title":{"rendered":"Misa Rociera a Santa Maria del Mar"},"content":{"rendered":"\n<figure class=\"wp-block-image size-full\"><img loading=\"lazy\" decoding=\"async\" width=\"1000\" height=\"1000\" src=\"http:\/\/smaria.salou.arqtgn.cat\/wp-content\/uploads\/sites\/10\/2024\/02\/Rocio_Insta.jpg\" alt=\"\" class=\"wp-image-22204\" srcset=\"https:\/\/smaria.salou.arqtgn.cat\/wp-content\/uploads\/sites\/10\/2024\/02\/Rocio_Insta.jpg 1000w, https:\/\/smaria.salou.arqtgn.cat\/wp-content\/uploads\/sites\/10\/2024\/02\/Rocio_Insta-300x300.jpg 300w, https:\/\/smaria.salou.arqtgn.cat\/wp-content\/uploads\/sites\/10\/2024\/02\/Rocio_Insta-150x150.jpg 150w, https:\/\/smaria.salou.arqtgn.cat\/wp-content\/uploads\/sites\/10\/2024\/02\/Rocio_Insta-768x768.jpg 768w, https:\/\/smaria.salou.arqtgn.cat\/wp-content\/uploads\/sites\/10\/2024\/02\/Rocio_Insta-560x560.jpg 560w\" sizes=\"auto, (max-width: 1000px) 100vw, 1000px\" \/><\/figure>\n\n\n\n<p>Este domingo en la misa de las 10h, por segundo a\u00f1o consecutivo, nuestra comunidad parroquial ha acogido a la comunidad andaluza en la celebraci\u00f3n del d\u00eda de su comunidad aut\u00f3noma. Lo hemos celebrado con una misa rociera y una ofrenda foral a la santa Mar\u00eda del Mar.<\/p>\n<p style=\"text-align: center\">[iframe src=\u00bbhttps:\/\/www.facebook.com\/plugins\/video.php?height=476&amp;href=https%3A%2F%2Fwww.facebook.com%2Fajuntamentdesalou%2Fvideos%2F1104062600621033%2F&amp;show_text=false&amp;width=267&amp;t=0&#8243; width=\u00bb267&#8243; height=\u00bb476&#8243; style=\u00bbborder:none;overflow:hidden\u00bb scrolling=\u00bbno\u00bb frameborder=\u00bb0&#8243; allowfullscreen=\u00bbtrue\u00bb allow=\u00bbautoplay; clipboard-write; encrypted-media; picture-in-picture; web-share\u00bb allowFullScreen=\u00bbtrue\u00bb]<\/p>\n","protected":false},"excerpt":{"rendered":"<p>Este domingo en la misa de las 10h, por segundo a\u00f1o consecutivo, nuestra comunidad parroquial ha acogido a la comunidad andaluza en la celebraci\u00f3n del d\u00eda de su comunidad aut\u00f3noma. Lo hemos celebrado con una misa rociera y una ofrenda foral a la santa Mar\u00eda del Mar. [iframe src=\u00bbhttps:\/\/www.facebook.com\/plugins\/video.php?height=476&amp;href=https%3A%2F%2Fwww.facebook.com%2Fajuntamentdesalou%2Fvideos%2F1104062600621033%2F&amp;show_text=false&amp;width=267&amp;t=0&#8243; width=\u00bb267&#8243; height=\u00bb476&#8243; style=\u00bbborder:none;overflow:hidden\u00bb scrolling=\u00bbno\u00bb frameborder=\u00bb0&#8243; allowfullscreen=\u00bbtrue\u00bb &hellip; <\/p>\n<p><a class=\"more-link btn\" href=\"https:\/\/smaria.salou.arqtgn.cat\/es\/misa-rociera-a-santa-maria-del-mar\/\">Seguir leyendo<\/a><\/p>\n","protected":false},"author":11,"featured_media":0,"comment_status":"closed","ping_status":"closed","sticky":false,"template":"","format":"standard","meta":{"footnotes":""},"categories":[64],"tags":[],"class_list":["post-22208","post","type-post","status-publish","format-standard","hentry","category-vida-parroquial-es","item-wrap"],"amp_enabled":true,"_links":{"self":[{"href":"https:\/\/smaria.salou.arqtgn.cat\/es\/wp-json\/wp\/v2\/posts\/22208","targetHints":{"allow":["GET"]}}],"collection":[{"href":"https:\/\/smaria.salou.arqtgn.cat\/es\/wp-json\/wp\/v2\/posts"}],"about":[{"href":"https:\/\/smaria.salou.arqtgn.cat\/es\/wp-json\/wp\/v2\/types\/post"}],"author":[{"embeddable":true,"href":"https:\/\/smaria.salou.arqtgn.cat\/es\/wp-json\/wp\/v2\/users\/11"}],"replies":[{"embeddable":true,"href":"https:\/\/smaria.salou.arqtgn.cat\/es\/wp-json\/wp\/v2\/comments?post=22208"}],"version-history":[{"count":1,"href":"https:\/\/smaria.salou.arqtgn.cat\/es\/wp-json\/wp\/v2\/posts\/22208\/revisions"}],"predecessor-version":[{"id":22209,"href":"https:\/\/smaria.salou.arqtgn.cat\/es\/wp-json\/wp\/v2\/posts\/22208\/revisions\/22209"}],"wp:attachment":[{"href":"https:\/\/smaria.salou.arqtgn.cat\/es\/wp-json\/wp\/v2\/media?parent=22208"}],"wp:term":[{"taxonomy":"category","embeddable":true,"href":"https:\/\/smaria.salou.arqtgn.cat\/es\/wp-json\/wp\/v2\/categories?post=22208"},{"taxonomy":"post_tag","embeddable":true,"href":"https:\/\/smaria.salou.arqtgn.cat\/es\/wp-json\/wp\/v2\/tags?post=22208"}],"curies":[{"name":"wp","href":"https:\/\/api.w.org\/{rel}","templated":true}]}}