{"id":21445,"date":"2023-10-21T08:10:44","date_gmt":"2023-10-21T06:10:44","guid":{"rendered":"http:\/\/smaria.salou.arqtgn.cat\/?p=21445"},"modified":"2023-10-21T08:12:38","modified_gmt":"2023-10-21T06:12:38","slug":"domingo-xxix-tiempo-ordinario-a-2023","status":"publish","type":"post","link":"https:\/\/smaria.salou.arqtgn.cat\/es\/domingo-xxix-tiempo-ordinario-a-2023\/","title":{"rendered":"DOMINGO XXIX tiempo ordinario \/ A \/ 2023"},"content":{"rendered":"<table style=\"height: 10px;width: 97.3345%\">\n<tbody>\n<tr style=\"height: 256px\">\n<td style=\"height: 10px;width: 32.0029%;text-align: center\">\n<p><div id=\"attachment_21433\" style=\"width: 305px\" class=\"wp-caption aligncenter\"><a href=\"https:\/\/www.arquebisbattarragona.cat\/es\/recursos-pastorals\/lectures-dominicals\/\" target=\"_blank\" rel=\"noopener\"><img loading=\"lazy\" decoding=\"async\" aria-describedby=\"caption-attachment-21433\" class=\"wp-image-21433\" src=\"http:\/\/smaria.salou.arqtgn.cat\/wp-content\/uploads\/sites\/10\/2023\/10\/O_29_A_23_ip.jpg\" alt=\"\" width=\"305\" height=\"215\" srcset=\"https:\/\/smaria.salou.arqtgn.cat\/wp-content\/uploads\/sites\/10\/2023\/10\/O_29_A_23_ip.jpg 800w, https:\/\/smaria.salou.arqtgn.cat\/wp-content\/uploads\/sites\/10\/2023\/10\/O_29_A_23_ip-300x212.jpg 300w, https:\/\/smaria.salou.arqtgn.cat\/wp-content\/uploads\/sites\/10\/2023\/10\/O_29_A_23_ip-768x542.jpg 768w, https:\/\/smaria.salou.arqtgn.cat\/wp-content\/uploads\/sites\/10\/2023\/10\/O_29_A_23_ip-560x396.jpg 560w\" sizes=\"auto, (max-width: 305px) 100vw, 305px\" \/><\/a><p id=\"caption-attachment-21433\" class=\"wp-caption-text\">Leer la Palabra de Dios<\/p><\/div><\/td>\n<td style=\"height: 10px;width: 20.5994%;text-align: center\">\n<p><div id=\"attachment_14542\" style=\"width: 194px\" class=\"wp-caption aligncenter\"><a href=\"http:\/\/hemeroteca.arqtgn.cat\/bitstream\/123456789\/13664\/2\/hd3841.pdf\" target=\"_blank\" rel=\"noopener\"><img loading=\"lazy\" decoding=\"async\" aria-describedby=\"caption-attachment-14542\" class=\"wp-image-14542 \" src=\"http:\/\/smaria.salou.arqtgn.cat\/wp-content\/uploads\/sites\/10\/2021\/01\/full_es.jpg\" alt=\"\" width=\"194\" height=\"114\" srcset=\"https:\/\/smaria.salou.arqtgn.cat\/wp-content\/uploads\/sites\/10\/2021\/01\/full_es.jpg 400w, https:\/\/smaria.salou.arqtgn.cat\/wp-content\/uploads\/sites\/10\/2021\/01\/full_es-300x176.jpg 300w\" sizes=\"auto, (max-width: 194px) 100vw, 194px\" \/><\/a><p id=\"caption-attachment-14542\" class=\"wp-caption-text\">Leer la Hoja Dominical<\/p><\/div><\/td>\n<\/tr>\n<\/tbody>\n<\/table>\n<p>&nbsp;<\/p>\n<div class=\"embed-container\"><iframe loading=\"lazy\" title=\"Carta dominical. \u00abCaminar para explicar\u00bb\" width=\"560\" height=\"315\" src=\"https:\/\/www.youtube.com\/embed\/-09AIbe_l-o?feature=oembed\" frameborder=\"0\" allow=\"accelerometer; autoplay; clipboard-write; encrypted-media; gyroscope; picture-in-picture; web-share\" referrerpolicy=\"strict-origin-when-cross-origin\" allowfullscreen><\/iframe><\/div>\n<p>&nbsp;<\/p>\n<div class=\"embed-container\"><iframe loading=\"lazy\" title=\"Los pobres son de Dios - 29\u00aa Domingo Tiempo Ordinario, Ciclo A\" width=\"560\" height=\"315\" src=\"https:\/\/www.youtube.com\/embed\/VNmM-t7bUxo?feature=oembed\" frameborder=\"0\" allow=\"accelerometer; autoplay; clipboard-write; encrypted-media; gyroscope; picture-in-picture; web-share\" referrerpolicy=\"strict-origin-when-cross-origin\" allowfullscreen><\/iframe><\/div>\n<p>&nbsp;<\/p>\n<h4><span style=\"color: #1c70ed\">Una mirada art\u00edstica a l&#8217;Evangeli del Diumenge, un gentilesa de l&#8217;<em>Amadeu Bonet<\/em>, artista.<\/span><\/h4>\n<p><a href=\"http:\/\/smaria.salou.arqtgn.cat\/wp-content\/uploads\/sites\/10\/2023\/10\/amadeu-1-1024x782.jpg\"><img loading=\"lazy\" decoding=\"async\" class=\"aligncenter wp-image-21438 size-large\" src=\"http:\/\/smaria.salou.arqtgn.cat\/wp-content\/uploads\/sites\/10\/2023\/10\/amadeu-1-1024x782.jpg\" alt=\"\" width=\"560\" height=\"428\" srcset=\"https:\/\/smaria.salou.arqtgn.cat\/wp-content\/uploads\/sites\/10\/2023\/10\/amadeu-1-1024x782.jpg 1024w, https:\/\/smaria.salou.arqtgn.cat\/wp-content\/uploads\/sites\/10\/2023\/10\/amadeu-1-300x229.jpg 300w, https:\/\/smaria.salou.arqtgn.cat\/wp-content\/uploads\/sites\/10\/2023\/10\/amadeu-1-768x587.jpg 768w, https:\/\/smaria.salou.arqtgn.cat\/wp-content\/uploads\/sites\/10\/2023\/10\/amadeu-1-560x428.jpg 560w, https:\/\/smaria.salou.arqtgn.cat\/wp-content\/uploads\/sites\/10\/2023\/10\/amadeu-1.jpg 1399w\" sizes=\"auto, (max-width: 560px) 100vw, 560px\" \/><\/a><\/p>\n<p>&nbsp;<\/p>\n<h2>Lectura Espiritual<\/h2>\n<p><strong>EL JUICIO<br \/>\n<em>Convertirse mansamente en el reo (Jn 38,33-38<\/em><\/strong><strong><em>)<\/em><\/strong><\/p>\n<p style=\"text-align: justify\">El proceso al que Jes\u00fas fue sometido tuvo un car\u00e1cter religioso y pol\u00edtico, jud\u00edo y romano: se le enjuici\u00f3 por partida doble y se le acus\u00f3, en primera instancia, por el asunto del templo.<\/p>\n<p style=\"text-align: justify\">La cuesti\u00f3n no era, simplemente, que Jes\u00fas flexibilizase la ley, a todas luces muy r\u00edgida. Jes\u00fas era para los jud\u00edos ortodoxos algo mucho m\u00e1s grave que un mero reformador, moderno y liberal. No se crucifica a nadie por relatar historias bonitas que estimulan un comportamiento c\u00edvico y moral. El problema estaba en el <em>pero yo os digo<\/em> que preced\u00eda a muchas de sus afirmaciones: ese <em>yo<\/em> de Jes\u00fas -la conciencia que ten\u00eda de s\u00ed- era lo que pone nerviosos a muchos todav\u00eda hoy. Ese <em>yo<\/em>, tal y como \u00e9l lo pronunci\u00f3 para referirse a s\u00ed mismo, es lo que hace de Jes\u00fas un personaje dif\u00edcilmente comparable a otros fundadores religiosos.<\/p>\n<p style=\"text-align: justify\">La particularidad de Jes\u00fas consisti\u00f3 en que no se present\u00f3 tan s\u00f3lo como un hijo de Dios, sino como <em>el <\/em>Hijo de Dios. Afirm\u00f3 que \u00e9l en persona era <em>\u00e9l<\/em> camino, <em>la <\/em>verdad, <em>la<\/em> vida, <em>la<\/em> puerta, <em>la<\/em> luz\u2026, y se propuso como la nueva ley, a la que la de Mois\u00e9s deb\u00eda someterse. Toda una provocaci\u00f3n. Es normal que esto resultase intolerable para muchos, sobre todo para los poderosos y los intelectuales. Estas afirmaciones resuenan todav\u00eda hoy muy excluyentes, y nuestra mentalidad moderna tiende a rechazarlas. El templo es el templo y t\u00fa eres t\u00fa, un profeta si quieres, pero un pobre hombre como los dem\u00e1s -se defend\u00edan los fariseos-. Pero, pese a referirse a s\u00ed mismo con la expresi\u00f3n <em>Hijo del hombre<\/em>, lo cierto es que Jes\u00fas no se ve\u00eda exactamente como uno m\u00e1s, sino como el primog\u00e9nito y, por tanto, como alguien con una relaci\u00f3n muy particular con esa fuente de vida que llam\u00f3 y ense\u00f1\u00f3 a llamar Padre.<\/p>\n<p style=\"text-align: justify\">As\u00ed que Jes\u00fas fue un hereje y, como tal, fue acusado de herej\u00eda. La acusaci\u00f3n no se equivoc\u00f3, otra cosa es que reprobemos los m\u00e9todos que utilizaban para castigar a los disidentes. Un hereje es un traidor al patrimonio religioso recibido de sus mayores, pues lo retoma y reformula para proponerlo de nuevo seg\u00fan su particular\u00edsima visi\u00f3n. Hubo una frontera que Jes\u00fas no respet\u00f3. Porque el cristianismo es una profundizaci\u00f3n en el juda\u00edsmo, cierto, pero tambi\u00e9n afirma y pone en pr\u00e1ctica postulados y ritos que -se mire como se mire- no son jud\u00edos. Jes\u00fas supone una verdadera novedad: el Reino est\u00e1 aqu\u00ed (antes de su llegada no estaba), eso es lo que vino a anunciar. \u00c9l es el Reino en persona, esa es la cuesti\u00f3n que est\u00e1 detr\u00e1s de todas las disputas religiosas entre Jes\u00fas y los fariseos.<\/p>\n<p style=\"text-align: justify\">Por lo que se refiere al juicio pol\u00edtico, las diferencias con el religioso no son sustanciales. Si en \u00e9ste la pregunta fue por su identidad de hijo de Dios, en aquel lo que preocupaba a los gerifaltes era su identidad de rey. T\u00fa, \u00bfun rey?, quer\u00eda saber Pilato, el asunto le inquietaba y divert\u00eda en partes iguales. T\u00fa, \u00bfpretendes suplantar al imperio romano? Los jud\u00edos, en cambio, quer\u00edan saber si pretend\u00eda suplantar a Mois\u00e9s. Tanto Pilato como Caif\u00e1s (como probablemente cualquiera de nosotros) sab\u00edan que, si de repente aparec\u00eda un profeta, lo m\u00e1s sensato era pensar que fuera un desequilibrado o, al menos, un exaltado. El trastorno era la posibilidad m\u00e1s factible, siempre lo es. La credulidad es la esperanza de los d\u00e9biles.<\/p>\n<p style=\"text-align: justify\">Pero, fuera un lun\u00e1tico o no, lo cierto es que la met\u00e1fora <em>Reino<\/em> en que Jes\u00fas centraba sus discursos termin\u00f3 por resultar muy peligrosa para todos. \u00bfNo habr\u00eda podido Jes\u00fas utilizar otra, m\u00e1s inocua? \u00bfNo podr\u00eda haber dicho desde el principio que su Reino no era de este mundo para que nadie se sintiera tan amenazado con su palabra y su presencia? No, no creo que hubiera podido. Por eso, los tribunales que examinaron la causa terminaron conden\u00e1ndole. Lo importante, en cualquier caso, es como termina nuestro juicio particular, pues es evidente que, llegados a este punto, tambi\u00e9n nosotros hemos de pronunciarnos de alg\u00fan modo sobre su identidad y sobre la relaci\u00f3n que mantenemos con \u00e9l. Sobre la relaci\u00f3n que existe entre su luz y la nuestra.<\/p>\n<p style=\"text-align: right\"><em>Pablo d&#8217;Ors, <\/em>Biograf\u00eda de la Luz<\/p>\n<p>&nbsp;<\/p>\n","protected":false},"excerpt":{"rendered":"<p>&nbsp; &nbsp; &nbsp; Una mirada art\u00edstica a l&#8217;Evangeli del Diumenge, un gentilesa de l&#8217;Amadeu Bonet, artista. &nbsp; Lectura Espiritual EL JUICIO Convertirse mansamente en el reo (Jn 38,33-38) El proceso al que Jes\u00fas fue sometido tuvo un car\u00e1cter religioso y pol\u00edtico, jud\u00edo y romano: se le enjuici\u00f3 por partida doble y se le acus\u00f3, en &hellip; <\/p>\n<p><a class=\"more-link btn\" href=\"https:\/\/smaria.salou.arqtgn.cat\/es\/domingo-xxix-tiempo-ordinario-a-2023\/\">Seguir leyendo<\/a><\/p>\n","protected":false},"author":11,"featured_media":0,"comment_status":"closed","ping_status":"closed","sticky":false,"template":"","format":"standard","meta":{"footnotes":""},"categories":[52,49],"tags":[],"class_list":["post-21445","post","type-post","status-publish","format-standard","hentry","category-para-reflexionar","category-preparando-el-domingo","item-wrap"],"amp_enabled":true,"_links":{"self":[{"href":"https:\/\/smaria.salou.arqtgn.cat\/es\/wp-json\/wp\/v2\/posts\/21445","targetHints":{"allow":["GET"]}}],"collection":[{"href":"https:\/\/smaria.salou.arqtgn.cat\/es\/wp-json\/wp\/v2\/posts"}],"about":[{"href":"https:\/\/smaria.salou.arqtgn.cat\/es\/wp-json\/wp\/v2\/types\/post"}],"author":[{"embeddable":true,"href":"https:\/\/smaria.salou.arqtgn.cat\/es\/wp-json\/wp\/v2\/users\/11"}],"replies":[{"embeddable":true,"href":"https:\/\/smaria.salou.arqtgn.cat\/es\/wp-json\/wp\/v2\/comments?post=21445"}],"version-history":[{"count":4,"href":"https:\/\/smaria.salou.arqtgn.cat\/es\/wp-json\/wp\/v2\/posts\/21445\/revisions"}],"predecessor-version":[{"id":21449,"href":"https:\/\/smaria.salou.arqtgn.cat\/es\/wp-json\/wp\/v2\/posts\/21445\/revisions\/21449"}],"wp:attachment":[{"href":"https:\/\/smaria.salou.arqtgn.cat\/es\/wp-json\/wp\/v2\/media?parent=21445"}],"wp:term":[{"taxonomy":"category","embeddable":true,"href":"https:\/\/smaria.salou.arqtgn.cat\/es\/wp-json\/wp\/v2\/categories?post=21445"},{"taxonomy":"post_tag","embeddable":true,"href":"https:\/\/smaria.salou.arqtgn.cat\/es\/wp-json\/wp\/v2\/tags?post=21445"}],"curies":[{"name":"wp","href":"https:\/\/api.w.org\/{rel}","templated":true}]}}