{"id":21420,"date":"2023-10-14T07:03:58","date_gmt":"2023-10-14T05:03:58","guid":{"rendered":"http:\/\/smaria.salou.arqtgn.cat\/?p=21420"},"modified":"2023-10-14T07:03:58","modified_gmt":"2023-10-14T05:03:58","slug":"domingo-xxviii-del-tiempo-ordinario-a-2023","status":"publish","type":"post","link":"https:\/\/smaria.salou.arqtgn.cat\/es\/domingo-xxviii-del-tiempo-ordinario-a-2023\/","title":{"rendered":"DOMINGO XXVIII del tiempo ordinario \/ A \/ 2023"},"content":{"rendered":"<table style=\"height: 10px;width: 97.3345%\">\n<tbody>\n<tr style=\"height: 256px\">\n<td style=\"height: 10px;width: 32.0029%;text-align: center\">\n<p><div id=\"attachment_21407\" style=\"width: 300px\" class=\"wp-caption aligncenter\"><a href=\"https:\/\/www.arquebisbattarragona.cat\/es\/recursos-pastorals\/lectures-dominicals\/\" target=\"_blank\" rel=\"noopener\"><img loading=\"lazy\" decoding=\"async\" aria-describedby=\"caption-attachment-21407\" class=\"wp-image-21407 size-medium\" src=\"http:\/\/smaria.salou.arqtgn.cat\/wp-content\/uploads\/sites\/10\/2023\/10\/O_28_A_23_ip-300x212.jpg\" alt=\"\" width=\"300\" height=\"212\" srcset=\"https:\/\/smaria.salou.arqtgn.cat\/wp-content\/uploads\/sites\/10\/2023\/10\/O_28_A_23_ip-300x212.jpg 300w, https:\/\/smaria.salou.arqtgn.cat\/wp-content\/uploads\/sites\/10\/2023\/10\/O_28_A_23_ip-768x542.jpg 768w, https:\/\/smaria.salou.arqtgn.cat\/wp-content\/uploads\/sites\/10\/2023\/10\/O_28_A_23_ip-560x396.jpg 560w, https:\/\/smaria.salou.arqtgn.cat\/wp-content\/uploads\/sites\/10\/2023\/10\/O_28_A_23_ip.jpg 800w\" sizes=\"auto, (max-width: 300px) 100vw, 300px\" \/><\/a><p id=\"caption-attachment-21407\" class=\"wp-caption-text\">Leer la Palabra de Dios<\/p><\/div><\/td>\n<td style=\"height: 10px;width: 20.5994%;text-align: center\">\n<p><div id=\"attachment_14542\" style=\"width: 192px\" class=\"wp-caption aligncenter\"><a href=\"http:\/\/hemeroteca.arqtgn.cat\/bitstream\/123456789\/13660\/2\/hd3840.pdf\" target=\"_blank\" rel=\"noopener\"><img loading=\"lazy\" decoding=\"async\" aria-describedby=\"caption-attachment-14542\" class=\"wp-image-14542\" src=\"http:\/\/smaria.salou.arqtgn.cat\/wp-content\/uploads\/sites\/10\/2021\/01\/full_es-300x176.jpg\" alt=\"\" width=\"192\" height=\"113\" srcset=\"https:\/\/smaria.salou.arqtgn.cat\/wp-content\/uploads\/sites\/10\/2021\/01\/full_es-300x176.jpg 300w, https:\/\/smaria.salou.arqtgn.cat\/wp-content\/uploads\/sites\/10\/2021\/01\/full_es.jpg 400w\" sizes=\"auto, (max-width: 192px) 100vw, 192px\" \/><\/a><p id=\"caption-attachment-14542\" class=\"wp-caption-text\">Leer la Hoja Dominical<\/p><\/div><\/td>\n<\/tr>\n<\/tbody>\n<\/table>\n<p>&nbsp;<\/p>\n<div class=\"embed-container\"><iframe loading=\"lazy\" title=\"Carta dominical. \u00abFuisteis hijos, sed tambi\u00e9n madres\u00bb\" width=\"560\" height=\"315\" src=\"https:\/\/www.youtube.com\/embed\/mSPyXRUCI9o?feature=oembed\" frameborder=\"0\" allow=\"accelerometer; autoplay; clipboard-write; encrypted-media; gyroscope; picture-in-picture; web-share\" referrerpolicy=\"strict-origin-when-cross-origin\" allowfullscreen><\/iframe><\/div>\n<p>&nbsp;<\/p>\n<div class=\"embed-container\"><iframe loading=\"lazy\" title=\"El mejor vestido - 28\u00ba Domingo del Tiempo Ordinario, Ciclo A.\" width=\"560\" height=\"315\" src=\"https:\/\/www.youtube.com\/embed\/FHlKzh8jRqQ?feature=oembed\" frameborder=\"0\" allow=\"accelerometer; autoplay; clipboard-write; encrypted-media; gyroscope; picture-in-picture; web-share\" referrerpolicy=\"strict-origin-when-cross-origin\" allowfullscreen><\/iframe><\/div>\n<p>&nbsp;<\/p>\n<h4><span style=\"color: #1c70ed\">Una mirada art\u00edstica a l&#8217;Evangeli del Diumenge, un gentilesa de l&#8217;<em>Amadeu Bonet<\/em>, artista.<\/span><\/h4>\n<p><img loading=\"lazy\" decoding=\"async\" class=\"aligncenter size-large wp-image-21412\" src=\"http:\/\/smaria.salou.arqtgn.cat\/wp-content\/uploads\/sites\/10\/2023\/10\/amadeu-1024x777.jpg\" alt=\"\" width=\"560\" height=\"425\" srcset=\"https:\/\/smaria.salou.arqtgn.cat\/wp-content\/uploads\/sites\/10\/2023\/10\/amadeu-1024x777.jpg 1024w, https:\/\/smaria.salou.arqtgn.cat\/wp-content\/uploads\/sites\/10\/2023\/10\/amadeu-300x228.jpg 300w, https:\/\/smaria.salou.arqtgn.cat\/wp-content\/uploads\/sites\/10\/2023\/10\/amadeu-768x583.jpg 768w, https:\/\/smaria.salou.arqtgn.cat\/wp-content\/uploads\/sites\/10\/2023\/10\/amadeu-560x425.jpg 560w, https:\/\/smaria.salou.arqtgn.cat\/wp-content\/uploads\/sites\/10\/2023\/10\/amadeu.jpg 1401w\" sizes=\"auto, (max-width: 560px) 100vw, 560px\" \/><\/p>\n<h2><\/h2>\n<p>&nbsp;<\/p>\n<h2>Lectura Espiritual<\/h2>\n<p><strong>LA HUMILLACI\u00d3N<br \/>\n<em>La verdad brilla en el dolor (Mt 27,27-31<\/em><\/strong><strong><em>)<\/em><\/strong><\/p>\n<p style=\"text-align: justify\">La flagelaci\u00f3n de Jes\u00fas tiene todos los ingredientes propios de la tortura. El manso es arrestado a la fuerza. Se le despoja de la ropa para agravar la vejaci\u00f3n y que su humillaci\u00f3n quede expuesta. Se le pone un manto sobre sus hombros, una corona en la cabeza y una ca\u00f1a en la mano para hacer una parodia de su supuesta realeza. La soldadesca se arrodilla luego ante \u00e9l y le saluda para sellar la burla. Todo es una gran puesta en escena cuyo prop\u00f3sito es ridiculizar la presunta identidad mesi\u00e1nica del reo y acabar con sus fabulosas pretensiones.<\/p>\n<p style=\"text-align: justify\">Empieza la flagelaci\u00f3n. La rabia que los soldados sienten contra sus opresores la vuelcan ahora sobre \u00e9l, con inusitada sa\u00f1a. Casi se dir\u00eda que disfrutan azot\u00e1ndolo. Que les gusta cumplir ese deber. Que se vengan en ese cuerpo indefenso de sus repetidas e infinitas frustraciones. Y se enardec\u00edan unos a otros. Estuvieron flagel\u00e1ndole incansables, tal y como nuestra mente nos flagela incansablemente a nosotros con permanentes reproches de todo tipo.<\/p>\n<p style=\"text-align: justify\">Si no se entiende la necesidad de volcar la agresividad humana de alguna forma, ser\u00e1 dif\u00edcil que pueda entenderse lo que sucede en la Pasi\u00f3n de Cristo, quien \u2013en este instante y ya para siempre- se convierte en el arquetipo del dolor, el fracaso y la ignominia.<\/p>\n<p style=\"text-align: justify\">Lo preocupante no es s\u00f3lo tener que morir a uno mismo, sino lo mucho que se ha de sufrir hasta que por fin se llega a esa muerte. En efecto, cuesta lo suyo marcharse de este mundo. Hay que pasar por incontables humillaciones corporales, torturas familiares, flagelaciones hospitalarias\u2026<\/p>\n<p style=\"text-align: justify\">Toda flagelaci\u00f3n es degradante, no ser\u00eda tal si no se viviera de este modo. El encuentro con tu sombra te coloca en tu lugar, que es abajo. Y te recuerda que no se llega a la verdad sin dolor. La verdad es dolorosa, quiz\u00e1 porque en este mundo no existe el espacio que ella necesita para abrirse paso.<\/p>\n<p style=\"text-align: justify\">Como var\u00f3n de dolores, Jes\u00fas es presentado ante Pilato, quien, a su vez, lo presenta, sin saberlo, a toda la humanidad: <em>\u00a1Ecce Homo!<\/em> Dice. <em>\u00a1Aqu\u00ed ten\u00e9is al hombre! <\/em>(Jn 19,5). No hay que descartar que, por acostumbrado que estuviera a estos degradantes espect\u00e1culos, Pilato no quedara impresionado ante aquel ajusticiado que manten\u00eda su dignidad en medio de su tormento. Por fin ten\u00eda ante s\u00ed al famoso Jes\u00fas de Nazaret, pero no s\u00f3lo. Porque en \u00e9l estaban \u2013ara casi visible, todos los ajusticiados de la historia: los perseguidos, los capturados, los vejados por el destino o por el sistema\u2026 Claro que en esa figura se reflejaba tambi\u00e9n la impiedad de la violencia y, en fin, el poder del pecado, que devasta el coraz\u00f3n del hombre. Todo eso estaba ah\u00ed, la luz y la oscuridad en una misma figura, el mal y el bien m\u00e1s juntos que nunca: las descripciones de los sufrimientos de Cristo en su Pasi\u00f3n y muerte alimentan el horror y hielan la sangre.<\/p>\n<p style=\"text-align: justify\">Lo determinante desde un punto de vista espiritual y pr\u00e1ctico es preguntarnos por nuestra disposici\u00f3n a abrazarnos a la columna a la que se amarra Jes\u00fas, donde se le azota. Esa columna es un claro pre\u00e1mbulo de la cruz. \u00bfC\u00f3mo permanecer en esa columna sin defendernos y, m\u00e1s radicalmente a\u00fan, c\u00f3mo hacerlo sin desesperar? A veces es dif\u00edcil o desesperar en la pr\u00e1ctica de la contemplaci\u00f3n. A veces es dif\u00edcil no sustituirla en ocasiones con otras pr\u00e1cticas espirituales o devocionales menos crudas y severas. Se trata de no desesperar, de no claudicar, de no huir, de no limitarse a buscar soluciones y resolver. El punto crucial es c\u00f3mo permanecer \u2013cada cual en la columna que le haya tocado- con la m\u00e1xima dignidad. Y c\u00f3mo descubrir ah\u00ed, en esa perseverancia, que, en el n\u00facleo del dolor, de cualquier dolor, est\u00e1 Cristo, que ya ha pasado por ah\u00ed y que lo ha redimido.<\/p>\n<p style=\"text-align: right\"><em>Pablo d&#8217;Ors, <\/em>Biograf\u00eda de la Luz<\/p>\n<p>&nbsp;<\/p>\n","protected":false},"excerpt":{"rendered":"<p>&nbsp; &nbsp; &nbsp; Una mirada art\u00edstica a l&#8217;Evangeli del Diumenge, un gentilesa de l&#8217;Amadeu Bonet, artista. &nbsp; Lectura Espiritual LA HUMILLACI\u00d3N La verdad brilla en el dolor (Mt 27,27-31) La flagelaci\u00f3n de Jes\u00fas tiene todos los ingredientes propios de la tortura. El manso es arrestado a la fuerza. Se le despoja de la ropa para &hellip; <\/p>\n<p><a class=\"more-link btn\" href=\"https:\/\/smaria.salou.arqtgn.cat\/es\/domingo-xxviii-del-tiempo-ordinario-a-2023\/\">Seguir leyendo<\/a><\/p>\n","protected":false},"author":11,"featured_media":0,"comment_status":"closed","ping_status":"closed","sticky":false,"template":"","format":"standard","meta":{"footnotes":""},"categories":[52,49],"tags":[],"class_list":["post-21420","post","type-post","status-publish","format-standard","hentry","category-para-reflexionar","category-preparando-el-domingo","item-wrap"],"amp_enabled":true,"_links":{"self":[{"href":"https:\/\/smaria.salou.arqtgn.cat\/es\/wp-json\/wp\/v2\/posts\/21420","targetHints":{"allow":["GET"]}}],"collection":[{"href":"https:\/\/smaria.salou.arqtgn.cat\/es\/wp-json\/wp\/v2\/posts"}],"about":[{"href":"https:\/\/smaria.salou.arqtgn.cat\/es\/wp-json\/wp\/v2\/types\/post"}],"author":[{"embeddable":true,"href":"https:\/\/smaria.salou.arqtgn.cat\/es\/wp-json\/wp\/v2\/users\/11"}],"replies":[{"embeddable":true,"href":"https:\/\/smaria.salou.arqtgn.cat\/es\/wp-json\/wp\/v2\/comments?post=21420"}],"version-history":[{"count":3,"href":"https:\/\/smaria.salou.arqtgn.cat\/es\/wp-json\/wp\/v2\/posts\/21420\/revisions"}],"predecessor-version":[{"id":21424,"href":"https:\/\/smaria.salou.arqtgn.cat\/es\/wp-json\/wp\/v2\/posts\/21420\/revisions\/21424"}],"wp:attachment":[{"href":"https:\/\/smaria.salou.arqtgn.cat\/es\/wp-json\/wp\/v2\/media?parent=21420"}],"wp:term":[{"taxonomy":"category","embeddable":true,"href":"https:\/\/smaria.salou.arqtgn.cat\/es\/wp-json\/wp\/v2\/categories?post=21420"},{"taxonomy":"post_tag","embeddable":true,"href":"https:\/\/smaria.salou.arqtgn.cat\/es\/wp-json\/wp\/v2\/tags?post=21420"}],"curies":[{"name":"wp","href":"https:\/\/api.w.org\/{rel}","templated":true}]}}