{"id":21356,"date":"2023-10-06T23:44:32","date_gmt":"2023-10-06T21:44:32","guid":{"rendered":"http:\/\/smaria.salou.arqtgn.cat\/?p=21356"},"modified":"2023-10-06T23:44:32","modified_gmt":"2023-10-06T21:44:32","slug":"domingo-xxvii-tiempo-ordinario-a-2023","status":"publish","type":"post","link":"https:\/\/smaria.salou.arqtgn.cat\/es\/domingo-xxvii-tiempo-ordinario-a-2023\/","title":{"rendered":"DOMINGO XXVII tiempo ordinario \/ A \/ 2023"},"content":{"rendered":"<table style=\"height: 10px;width: 97.3345%\">\n<tbody>\n<tr style=\"height: 256px\">\n<td style=\"height: 10px;width: 32.0029%;text-align: center\">\n<p><div id=\"attachment_21346\" style=\"width: 316px\" class=\"wp-caption aligncenter\"><a href=\"https:\/\/www.arquebisbattarragona.cat\/recursos-pastorals\/lectures-dominicals\/\" target=\"_blank\" rel=\"noopener\"><img loading=\"lazy\" decoding=\"async\" aria-describedby=\"caption-attachment-21346\" class=\"wp-image-21346\" src=\"http:\/\/smaria.salou.arqtgn.cat\/wp-content\/uploads\/sites\/10\/2023\/10\/O_27_A_23_ip.jpg\" alt=\"\" width=\"316\" height=\"223\" srcset=\"https:\/\/smaria.salou.arqtgn.cat\/wp-content\/uploads\/sites\/10\/2023\/10\/O_27_A_23_ip.jpg 800w, https:\/\/smaria.salou.arqtgn.cat\/wp-content\/uploads\/sites\/10\/2023\/10\/O_27_A_23_ip-300x212.jpg 300w, https:\/\/smaria.salou.arqtgn.cat\/wp-content\/uploads\/sites\/10\/2023\/10\/O_27_A_23_ip-768x542.jpg 768w, https:\/\/smaria.salou.arqtgn.cat\/wp-content\/uploads\/sites\/10\/2023\/10\/O_27_A_23_ip-560x396.jpg 560w\" sizes=\"auto, (max-width: 316px) 100vw, 316px\" \/><\/a><p id=\"caption-attachment-21346\" class=\"wp-caption-text\">Leer la Palabra de Dios<\/p><\/div><\/td>\n<td style=\"height: 10px;width: 20.5994%;text-align: center\">&nbsp;<\/p>\n<div id=\"attachment_14542\" style=\"width: 208px\" class=\"wp-caption aligncenter\"><a href=\"http:\/\/hemeroteca.arqtgn.cat\/bitstream\/123456789\/13655\/2\/hd3839.pdf\" target=\"_blank\" rel=\"noopener\"><img loading=\"lazy\" decoding=\"async\" aria-describedby=\"caption-attachment-14542\" class=\"wp-image-14542\" src=\"http:\/\/smaria.salou.arqtgn.cat\/wp-content\/uploads\/sites\/10\/2021\/01\/full_es.jpg\" alt=\"\" width=\"208\" height=\"122\" srcset=\"https:\/\/smaria.salou.arqtgn.cat\/wp-content\/uploads\/sites\/10\/2021\/01\/full_es.jpg 400w, https:\/\/smaria.salou.arqtgn.cat\/wp-content\/uploads\/sites\/10\/2021\/01\/full_es-300x176.jpg 300w\" sizes=\"auto, (max-width: 208px) 100vw, 208px\" \/><\/a><p id=\"caption-attachment-14542\" class=\"wp-caption-text\">Leer la Hoja Dominical<\/p><\/div>\n<p>&nbsp;<\/td>\n<\/tr>\n<\/tbody>\n<\/table>\n<p>&nbsp;<\/p>\n<div class=\"embed-container\"><iframe loading=\"lazy\" title=\"Carta dominical. \u00ab\u00bfNeutralidad religiosa?\" width=\"560\" height=\"315\" src=\"https:\/\/www.youtube.com\/embed\/9bJ9aREAj4I?feature=oembed\" frameborder=\"0\" allow=\"accelerometer; autoplay; clipboard-write; encrypted-media; gyroscope; picture-in-picture; web-share\" referrerpolicy=\"strict-origin-when-cross-origin\" allowfullscreen><\/iframe><\/div>\n<p>&nbsp;<\/p>\n<div class=\"embed-container\"><iframe loading=\"lazy\" title=\"La receta del Gran Chef - 27\u00ba Domingo Tiempo Ordinario, Ciclo A\" width=\"560\" height=\"315\" src=\"https:\/\/www.youtube.com\/embed\/9PRCkHcptdk?feature=oembed\" frameborder=\"0\" allow=\"accelerometer; autoplay; clipboard-write; encrypted-media; gyroscope; picture-in-picture; web-share\" referrerpolicy=\"strict-origin-when-cross-origin\" allowfullscreen><\/iframe><\/div>\n<p>&nbsp;<\/p>\n<h4><span style=\"color: #1c70ed\">Una mirada art\u00edstica a l&#8217;Evangeli del Diumenge, un gentilesa de l&#8217;<em>Amadeu Bonet<\/em>, artista.<\/span><img loading=\"lazy\" decoding=\"async\" class=\"aligncenter wp-image-21349 size-full\" src=\"http:\/\/smaria.salou.arqtgn.cat\/wp-content\/uploads\/sites\/10\/2023\/10\/Imagen-de-WhatsApp-2023-10-03-a-las-14.43.18_97cf1cdc.jpg\" alt=\"\" width=\"705\" height=\"534\" srcset=\"https:\/\/smaria.salou.arqtgn.cat\/wp-content\/uploads\/sites\/10\/2023\/10\/Imagen-de-WhatsApp-2023-10-03-a-las-14.43.18_97cf1cdc.jpg 705w, https:\/\/smaria.salou.arqtgn.cat\/wp-content\/uploads\/sites\/10\/2023\/10\/Imagen-de-WhatsApp-2023-10-03-a-las-14.43.18_97cf1cdc-300x227.jpg 300w, https:\/\/smaria.salou.arqtgn.cat\/wp-content\/uploads\/sites\/10\/2023\/10\/Imagen-de-WhatsApp-2023-10-03-a-las-14.43.18_97cf1cdc-560x424.jpg 560w\" sizes=\"auto, (max-width: 705px) 100vw, 705px\" \/><\/h4>\n<p>&nbsp;<\/p>\n<h2>Lectura Espiritual<\/h2>\n<p><strong>LA\u00a0 NEGACI\u00d3N<br \/>\nSin tocar fondo, nuestra vida es banal <em>(Lc 22,60-62)<\/em> <\/strong><\/p>\n<p style=\"text-align: justify\"><em>Aunque todos caigan por tu causa <\/em>\u2014afirma un Pedro bravuc\u00f3n\u2014<em> \u00a1yo no caer\u00e9 jam\u00e1s!<\/em> <em>Aunque tenga que morir contigo, no te negar\u00e9. <\/em>Y el resto de los disc\u00edpulos aseguraron lo mismo. Desconoc\u00edan hasta d\u00f3nde pod\u00eda llegar su flaqueza. Ten\u00edan los ojos puestos en ellos mismos y en sus propias capacidades, no en \u00c9l y en su gracia \u2014que es lo \u00fanico que puede vencer la sombra\u2014. Sin conocer la parte oscura del propio ser, es dif\u00edcil que se llegue a la luminosa. Hay que atravesar los propios l\u00edmites para conocer el poder de lo ilimitado.<\/p>\n<p style=\"text-align: justify\">\u00a0Horas despu\u00e9s de su ingenua confesi\u00f3n de perpetua fidelidad, Pedro cede al sue\u00f1o. Todav\u00eda m\u00e1s: cobarde hasta un punto vergonzoso, le niega en p\u00fablico por tres veces consecutivas. Probablemente, tem\u00eda correr el mismo destino de aquel a quien hab\u00eda dicho que amaba. <em>\u00a1No conozco a ese hombre!<\/em>, grita. \u00a1No le conozco!, repite, con el coraz\u00f3n hecho trizas.<\/p>\n<p style=\"text-align: justify\">Es cierto que todav\u00eda no le conoce. Es cierto que todav\u00eda le falta purificarse para poder acceder a la iluminaci\u00f3n. Lo que este grito pone a las claras es que a quien Pedro no conoce es a s\u00ed mismo. Desconoc\u00eda el alcance de su debilidad. Le asusta verse as\u00ed: tan desnudo, tan pobre, tan mezquino. \u00bfEste soy yo? Su esp\u00edritu es ardiente, pero su carne es d\u00e9bil.<\/p>\n<p style=\"text-align: justify\">Pedro nunca imagin\u00f3 que se derrumbar\u00eda porque nunca imagin\u00f3 que las circunstancias ser\u00edan las que de hecho fueron: su maestro de vida se hab\u00eda convertido en portador de la muerte. Nada estaba saliendo, en verdad, conforme a lo previsto. El amigo genial resultaba que quiz\u00e1 no fuera tan genial, sino un aut\u00e9ntico peligro para su vida y la de su familia. Todo el amor que hab\u00eda sentido se deshinch\u00f3, todas las promesas con las que le hab\u00eda hecho so\u00f1ar se desvanecieron en de pocos d\u00edas. Pedro piensa que quiz\u00e1 tambi\u00e9n \u00e9l ha podido ser v\u00edctima de un enga\u00f1o o de una ilusi\u00f3n; y el miedo y la duda llamaron en su alma al embuste y a la cobard\u00eda.<\/p>\n<p style=\"text-align: justify\">En esta experiencia, Pedro toca fondo. Sin tocar fondo, nuestra vida es banal. Pero en el fondo est\u00e1 la verdad, en ese fondo nuestra vida empieza a ser veraz. La excesiva seguridad incapacita para ir al fondo de uno mismo, a ese fondo donde habita el esp\u00edritu. Ah\u00ed s\u00f3lo se puede acceder descalzo, es decir, sin seguridad en uno mismo, sino s\u00f3lo con la confianza en Dios.<\/p>\n<p style=\"text-align: justify\">Todo cambia desde el momento en que Pedro se sabe falible. Esa consciencia la provoca algo cotidiano y en apariencia insignificante: el canto de un gallo. El despertar puede producirlo cualquier m\u00ednimo suceso. El gallo canta y anuncia, que es hora de despertar. Y le hace recordar a Pedro lo que su maestro le hab\u00eda dicho. La conmoci\u00f3n es demasiado intensa y Pedro no puede con ella. Se le viene el mundo abajo y se echa a llorar.<\/p>\n<p style=\"text-align: justify\"><em>Llor\u00f3 amargamente<\/em>, nos dice el evangelista. La amargura no es s\u00f3lo por el pecado cometido, sino por la luz a la que se siente llamado. Lo que le hace llorar es el encuentro con la verdad. Las suyas no son s\u00f3lo las l\u00e1grimas por haber traicionado a alguien, sino por haberse traicionado a s\u00ed mismo. \u00c9se es el verdadero drama, y por eso lloramos cuando recibimos el don del encuentro con nuestra sombra. En la m\u00edstica cristiana hay mucha literatura sobre el car\u00e1cter purificador de las l\u00e1grimas. El llanto limpia la mirada y permite que nuestros ojos, casi siempre enturbiados por el mundo, y nuestro coraz\u00f3n, ofuscado por el ego, vean la luz.<\/p>\n<p style=\"text-align: justify\">Las l\u00e1grimas de Pedro son decisivas, puesto que le salvan de s\u00ed mismo. Le dejan desarmado, con el ego mordiendo el polvo. Y cuando muere el ego, nos abrimos al verdadero yo. Las l\u00e1grimas penitenciales lavan el alma del ap\u00f3stol, le preparan para el apostolado, le permiten ver a su maestro en su verdadera dimensi\u00f3n, le dan el acceso a una forma de pensar y de sentir m\u00e1s profunda y ajustada. Porque llora abre una espita que le introduce en una nueva fuente de conocimiento. Quien llora se ha rendido, por fin. <em>Hombre de poca fe, \u00bfpor qu\u00e9 has dudado?<\/em>, le hab\u00eda recriminado. \u00bfQu\u00e9 tiene que sucedernos para que nos rindamos y tengamos fe?<\/p>\n<p style=\"text-align: justify\">Decir no al amor es negarse a la vida, es negar la vida. Nos duele haber dicho no a la vida. Porque se nos present\u00f3 una oportunidad, y otra, y otra, y volvimos a decir que no: ofuscados, obnubilados, ego\u00edstas, perezosos\u2026 \u00bfQu\u00e9 hemos hecho con la vida que se nos ha regalado?, esa es una buena pregunta. \u00a1Cu\u00e1ntas ocasiones de amor desperdiciadas! Quiz\u00e1 ahora sea un buen momento para, como Pedro, llorar por nuestras repetidas negaciones.<\/p>\n<p style=\"text-align: right\"><em>Pablo d&#8217;Ors, <\/em>Biograf\u00eda de la Luz<\/p>\n<p>&nbsp;<\/p>\n","protected":false},"excerpt":{"rendered":"<p>&nbsp; &nbsp; &nbsp; &nbsp; &nbsp; Una mirada art\u00edstica a l&#8217;Evangeli del Diumenge, un gentilesa de l&#8217;Amadeu Bonet, artista. &nbsp; Lectura Espiritual LA\u00a0 NEGACI\u00d3N Sin tocar fondo, nuestra vida es banal (Lc 22,60-62) Aunque todos caigan por tu causa \u2014afirma un Pedro bravuc\u00f3n\u2014 \u00a1yo no caer\u00e9 jam\u00e1s! Aunque tenga que morir contigo, no te negar\u00e9. Y &hellip; <\/p>\n<p><a class=\"more-link btn\" href=\"https:\/\/smaria.salou.arqtgn.cat\/es\/domingo-xxvii-tiempo-ordinario-a-2023\/\">Seguir leyendo<\/a><\/p>\n","protected":false},"author":11,"featured_media":0,"comment_status":"closed","ping_status":"closed","sticky":false,"template":"","format":"standard","meta":{"footnotes":""},"categories":[52,49],"tags":[],"class_list":["post-21356","post","type-post","status-publish","format-standard","hentry","category-para-reflexionar","category-preparando-el-domingo","item-wrap"],"amp_enabled":true,"_links":{"self":[{"href":"https:\/\/smaria.salou.arqtgn.cat\/es\/wp-json\/wp\/v2\/posts\/21356","targetHints":{"allow":["GET"]}}],"collection":[{"href":"https:\/\/smaria.salou.arqtgn.cat\/es\/wp-json\/wp\/v2\/posts"}],"about":[{"href":"https:\/\/smaria.salou.arqtgn.cat\/es\/wp-json\/wp\/v2\/types\/post"}],"author":[{"embeddable":true,"href":"https:\/\/smaria.salou.arqtgn.cat\/es\/wp-json\/wp\/v2\/users\/11"}],"replies":[{"embeddable":true,"href":"https:\/\/smaria.salou.arqtgn.cat\/es\/wp-json\/wp\/v2\/comments?post=21356"}],"version-history":[{"count":2,"href":"https:\/\/smaria.salou.arqtgn.cat\/es\/wp-json\/wp\/v2\/posts\/21356\/revisions"}],"predecessor-version":[{"id":21359,"href":"https:\/\/smaria.salou.arqtgn.cat\/es\/wp-json\/wp\/v2\/posts\/21356\/revisions\/21359"}],"wp:attachment":[{"href":"https:\/\/smaria.salou.arqtgn.cat\/es\/wp-json\/wp\/v2\/media?parent=21356"}],"wp:term":[{"taxonomy":"category","embeddable":true,"href":"https:\/\/smaria.salou.arqtgn.cat\/es\/wp-json\/wp\/v2\/categories?post=21356"},{"taxonomy":"post_tag","embeddable":true,"href":"https:\/\/smaria.salou.arqtgn.cat\/es\/wp-json\/wp\/v2\/tags?post=21356"}],"curies":[{"name":"wp","href":"https:\/\/api.w.org\/{rel}","templated":true}]}}