{"id":20809,"date":"2023-07-21T08:25:12","date_gmt":"2023-07-21T06:25:12","guid":{"rendered":"http:\/\/smaria.salou.arqtgn.cat\/?p=20809"},"modified":"2023-07-22T11:17:34","modified_gmt":"2023-07-22T09:17:34","slug":"iii-jornada-de-los-mayores-y-los-abuelos","status":"publish","type":"post","link":"https:\/\/smaria.salou.arqtgn.cat\/es\/iii-jornada-de-los-mayores-y-los-abuelos\/","title":{"rendered":"III Jornada de los mayores y los abuelos"},"content":{"rendered":"<p style=\"text-align: justify\">Este domingo celebramos la III Jornada Mundial de los Abuelos y de las personas mayores con el lema <em><strong>\u00abVuestra misericordia se extiende de generaci\u00f3n en generaci\u00f3n\u00bb (Lc 1,50).<\/strong><\/em><\/p>\n<p style=\"text-align: justify\">Os invitamos a venir \u00e9ste a misa este fin de semana en familia, los abuelos con los nietos y haceros una <em>selfie<\/em> y colgarla en las redes.<\/p>\n<p style=\"text-align: justify\">Debajo encontrar\u00e1 una imagen con la oraci\u00f3n de la Jornada y dos v\u00eddeos, uno el oficial de la campa\u00f1a y otro elaborado desde nuestra delegaci\u00f3n diocesana de familias.<\/p>\n<p style=\"text-align: justify\">Podr\u00e1 encontrar el mensaje del papa Francisco para esta jornada en este <a style=\"background-color: #ffffff\" href=\"http:\/\/smaria.salou.arqtgn.cat\/iii-jornada-mundial-dels-avis-i-de-la-gent-gran\/\" target=\"_blank\" rel=\"noopener\">enlace<\/a>.<\/p>\n<p>&nbsp;<\/p>\n<p><a href=\"http:\/\/smaria.salou.arqtgn.cat\/wp-content\/uploads\/sites\/10\/2023\/07\/preg_avis.jpg\"><img loading=\"lazy\" decoding=\"async\" class=\"aligncenter size-full wp-image-20804\" src=\"http:\/\/smaria.salou.arqtgn.cat\/wp-content\/uploads\/sites\/10\/2023\/07\/preg_avis.jpg\" alt=\"\" width=\"800\" height=\"650\" srcset=\"https:\/\/smaria.salou.arqtgn.cat\/wp-content\/uploads\/sites\/10\/2023\/07\/preg_avis.jpg 800w, https:\/\/smaria.salou.arqtgn.cat\/wp-content\/uploads\/sites\/10\/2023\/07\/preg_avis-300x244.jpg 300w, https:\/\/smaria.salou.arqtgn.cat\/wp-content\/uploads\/sites\/10\/2023\/07\/preg_avis-768x624.jpg 768w, https:\/\/smaria.salou.arqtgn.cat\/wp-content\/uploads\/sites\/10\/2023\/07\/preg_avis-560x455.jpg 560w\" sizes=\"auto, (max-width: 800px) 100vw, 800px\" \/><\/a><\/p>\n<p>&nbsp;<\/p>\n<div class=\"embed-container\"><iframe loading=\"lazy\" title=\"Jornada Mundial de los Abuelos 2023\" width=\"560\" height=\"315\" src=\"https:\/\/www.youtube.com\/embed\/iw1ogm-VsYk?feature=oembed\" frameborder=\"0\" allow=\"accelerometer; autoplay; clipboard-write; encrypted-media; gyroscope; picture-in-picture; web-share\" referrerpolicy=\"strict-origin-when-cross-origin\" allowfullscreen><\/iframe><\/div>\n<p>&nbsp;<\/p>\n<div class=\"embed-container\"><iframe loading=\"lazy\" title=\"III JORNADA MUNDIAL DELS AVIS\" width=\"560\" height=\"315\" src=\"https:\/\/www.youtube.com\/embed\/p-xzif_2gTA?feature=oembed\" frameborder=\"0\" allow=\"accelerometer; autoplay; clipboard-write; encrypted-media; gyroscope; picture-in-picture; web-share\" referrerpolicy=\"strict-origin-when-cross-origin\" allowfullscreen><\/iframe><\/div>\n","protected":false},"excerpt":{"rendered":"<p>Este domingo celebramos la III Jornada Mundial de los Abuelos y de las personas mayores con el lema \u00abVuestra misericordia se extiende de generaci\u00f3n en generaci\u00f3n\u00bb (Lc 1,50). Os invitamos a venir \u00e9ste a misa este fin de semana en familia, los abuelos con los nietos y haceros una selfie y colgarla en las redes. &hellip; <\/p>\n<p><a class=\"more-link btn\" href=\"https:\/\/smaria.salou.arqtgn.cat\/es\/iii-jornada-de-los-mayores-y-los-abuelos\/\">Seguir leyendo<\/a><\/p>\n","protected":false},"author":11,"featured_media":0,"comment_status":"closed","ping_status":"closed","sticky":false,"template":"","format":"standard","meta":{"footnotes":""},"categories":[50,52],"tags":[],"class_list":["post-20809","post","type-post","status-publish","format-standard","hentry","category-catequesis","category-para-reflexionar","item-wrap"],"amp_enabled":true,"_links":{"self":[{"href":"https:\/\/smaria.salou.arqtgn.cat\/es\/wp-json\/wp\/v2\/posts\/20809","targetHints":{"allow":["GET"]}}],"collection":[{"href":"https:\/\/smaria.salou.arqtgn.cat\/es\/wp-json\/wp\/v2\/posts"}],"about":[{"href":"https:\/\/smaria.salou.arqtgn.cat\/es\/wp-json\/wp\/v2\/types\/post"}],"author":[{"embeddable":true,"href":"https:\/\/smaria.salou.arqtgn.cat\/es\/wp-json\/wp\/v2\/users\/11"}],"replies":[{"embeddable":true,"href":"https:\/\/smaria.salou.arqtgn.cat\/es\/wp-json\/wp\/v2\/comments?post=20809"}],"version-history":[{"count":3,"href":"https:\/\/smaria.salou.arqtgn.cat\/es\/wp-json\/wp\/v2\/posts\/20809\/revisions"}],"predecessor-version":[{"id":20812,"href":"https:\/\/smaria.salou.arqtgn.cat\/es\/wp-json\/wp\/v2\/posts\/20809\/revisions\/20812"}],"wp:attachment":[{"href":"https:\/\/smaria.salou.arqtgn.cat\/es\/wp-json\/wp\/v2\/media?parent=20809"}],"wp:term":[{"taxonomy":"category","embeddable":true,"href":"https:\/\/smaria.salou.arqtgn.cat\/es\/wp-json\/wp\/v2\/categories?post=20809"},{"taxonomy":"post_tag","embeddable":true,"href":"https:\/\/smaria.salou.arqtgn.cat\/es\/wp-json\/wp\/v2\/tags?post=20809"}],"curies":[{"name":"wp","href":"https:\/\/api.w.org\/{rel}","templated":true}]}}