{"id":20763,"date":"2023-07-22T06:50:27","date_gmt":"2023-07-22T04:50:27","guid":{"rendered":"http:\/\/smaria.salou.arqtgn.cat\/?p=20763"},"modified":"2023-07-22T06:51:34","modified_gmt":"2023-07-22T04:51:34","slug":"diumenge-xvi-durant-lany-a-2023","status":"publish","type":"post","link":"https:\/\/smaria.salou.arqtgn.cat\/es\/diumenge-xvi-durant-lany-a-2023\/","title":{"rendered":"DOMINGO XVI tiempo ordinario \/ A \/ 2023"},"content":{"rendered":"<p>\u200b<\/p>\n<table style=\"height: 10px;width: 97.3345%\">\n<tbody>\n<tr style=\"height: 256px\">\n<td style=\"height: 10px;width: 30.085%;text-align: center\">\n<p><div id=\"attachment_20755\" style=\"width: 258px\" class=\"wp-caption aligncenter\"><a href=\"https:\/\/www.arquebisbattarragona.cat\/es\/recursos-pastorals\/lectures-dominicals\/\" target=\"_blank\" rel=\"noopener\"><img loading=\"lazy\" decoding=\"async\" aria-describedby=\"caption-attachment-20755\" class=\"wp-image-20755\" src=\"http:\/\/smaria.salou.arqtgn.cat\/wp-content\/uploads\/sites\/10\/2023\/07\/Pregaria_-JMA_-23-CAT.jpg\" alt=\"\" width=\"258\" height=\"356\" srcset=\"https:\/\/smaria.salou.arqtgn.cat\/wp-content\/uploads\/sites\/10\/2023\/07\/Pregaria_-JMA_-23-CAT.jpg 800w, https:\/\/smaria.salou.arqtgn.cat\/wp-content\/uploads\/sites\/10\/2023\/07\/Pregaria_-JMA_-23-CAT-217x300.jpg 217w, https:\/\/smaria.salou.arqtgn.cat\/wp-content\/uploads\/sites\/10\/2023\/07\/Pregaria_-JMA_-23-CAT-741x1024.jpg 741w, https:\/\/smaria.salou.arqtgn.cat\/wp-content\/uploads\/sites\/10\/2023\/07\/Pregaria_-JMA_-23-CAT-768x1062.jpg 768w, https:\/\/smaria.salou.arqtgn.cat\/wp-content\/uploads\/sites\/10\/2023\/07\/Pregaria_-JMA_-23-CAT-560x774.jpg 560w\" sizes=\"auto, (max-width: 258px) 100vw, 258px\" \/><\/a><p id=\"caption-attachment-20755\" class=\"wp-caption-text\">Llegir la Paraula de D\u00e9u<\/p><\/div><\/td>\n<td style=\"height: 10px;width: 22.5173%;text-align: center\">\n<p><div id=\"attachment_14530\" style=\"width: 200px\" class=\"wp-caption aligncenter\"><a href=\"https:\/\/www.arquebisbattarragona.cat\/wp-content\/uploads\/2023\/07\/fd3828.pdf\" target=\"_blank\" rel=\"noopener noreferrer\"><img loading=\"lazy\" decoding=\"async\" aria-describedby=\"caption-attachment-14530\" class=\"wp-image-14530\" src=\"http:\/\/smaria.salou.arqtgn.cat\/wp-content\/uploads\/sites\/10\/2021\/01\/full_ca.jpg\" alt=\"\" width=\"200\" height=\"115\" srcset=\"https:\/\/smaria.salou.arqtgn.cat\/wp-content\/uploads\/sites\/10\/2021\/01\/full_ca.jpg 400w, https:\/\/smaria.salou.arqtgn.cat\/wp-content\/uploads\/sites\/10\/2021\/01\/full_ca-300x173.jpg 300w\" sizes=\"auto, (max-width: 200px) 100vw, 200px\" \/><\/a><p id=\"caption-attachment-14530\" class=\"wp-caption-text\">Leer la Hoja Dominical. <em>(durante el verano es edici\u00f3n biling\u00fce)<\/em><\/p><\/div><\/td>\n<\/tr>\n<\/tbody>\n<\/table>\n<p>&nbsp;<\/p>\n<div class=\"embed-container\"><iframe loading=\"lazy\" title=\"Carta dominical. \u00abBendita vejez\u00bb\" width=\"560\" height=\"315\" src=\"https:\/\/www.youtube.com\/embed\/QmHyKJxSq10?feature=oembed\" frameborder=\"0\" allow=\"accelerometer; autoplay; clipboard-write; encrypted-media; gyroscope; picture-in-picture; web-share\" referrerpolicy=\"strict-origin-when-cross-origin\" allowfullscreen><\/iframe><\/div>\n<p>&nbsp;<\/p>\n<div class=\"embed-container\"><iframe loading=\"lazy\" title=\"La belleza de las cosas sencillas - 16\u00ba Domingo del Tiempo Ordinario, Ciclo A\" width=\"560\" height=\"315\" src=\"https:\/\/www.youtube.com\/embed\/ovB0L3WB0fU?feature=oembed\" frameborder=\"0\" allow=\"accelerometer; autoplay; clipboard-write; encrypted-media; gyroscope; picture-in-picture; web-share\" referrerpolicy=\"strict-origin-when-cross-origin\" allowfullscreen><\/iframe><\/div>\n<h4><\/h4>\n<h4><\/h4>\n<p>&nbsp;<\/p>\n<h4><\/h4>\n<h4><span style=\"color: #1c70ed\">Una mirada art\u00edstica al Evangelio del Domingo, un gentileza de <em>Amadeu Bonet<\/em>, artista.<\/span><\/h4>\n<p><a href=\"https:\/\/upapilarmagdalena.org\/levangeli-des-de-lart-una-mirada-artistica-a-levangeli-del-diumenge-23-de-juliol-de-2023\/\" target=\"_blank\" rel=\"noopener\"><img loading=\"lazy\" decoding=\"async\" class=\"aligncenter\" src=\"https:\/\/upapilarmagdalena.org\/wp-content\/uploads\/2023\/07\/COMPOSICION-20230723.jpg\" alt=\"\" width=\"1417\" height=\"1077\" \/><\/a><\/p>\n<p>&nbsp;<\/p>\n<h2>Lectura Espiritual<\/h2>\n<p><strong>LA SUBIDA <em>(Lc 9,51; 57-58; Mc 10,33-39)<\/em><br \/>\nAl final entregamos lo que somos<\/strong><\/p>\n<p style=\"text-align: justify\">Jes\u00fas sube a Jerusal\u00e9n junto a sus disc\u00edpulos, porque para \u00e9l ha llegado la hora de la verdad: el momento sublime de su Pasi\u00f3n y entrega definitiva. Y esa subida nos da una idea de c\u00f3mo es para todos, el camino de la vida. Porque tambi\u00e9n nosotros, seamos o no conscientes, caminamos hacia nuestro G\u00f3lgota particular. Siempre nos dirigimos hacia la entrega de lo que somos. Estamos optando permanentemente entre avanzar o retroceder, entre vivir caminando hacia la muerte o morir agarr\u00e1ndonos a la vida.<\/p>\n<p style=\"text-align: justify\">El primer aspirante al discipulado es tan inconsciente y pretencioso que asegura a Jes\u00fas que est\u00e1 dispuesto a seguirle adondequiera que \u00e9l vaya. No sab\u00eda lo que estaba diciendo. Quiz\u00e1 imaginaba que la aventura espiritual no le iba a resultar, despu\u00e9s de todo, muy dif\u00edcil; o que quiz\u00e1 ser\u00eda hermosa; o al menos digna de ser relatada y merecedora de posteridad. No sab\u00eda bien que seguir a Jes\u00fas supone siempre caminar hacia un Calvario. Jes\u00fas no le hace falsas promesas y se lo hace saber al instante. <em>Este hombre no tiene d\u00f3nde recostar la cabeza, <\/em>le dice. O, lo que es lo mismo: para m\u00ed ya no hay descanso. No tengo lugar, no hay espacio para alguien como yo en este mundo. \u00bfEst\u00e1s dispuesto a vivir sin una tierra, sin suelo bajo los pies? El disc\u00edpulo ha escuchado todo esto muy bien, pero se atreve a pensar lo contrario. \u00bfC\u00f3mo no vas a tener un lugar t\u00fa, que eres la Luz del mundo? \u00bfC\u00f3mo va a ser posible que el bien no tenga ning\u00fan derecho entre los humanos? Est\u00e1s exagerando, todos los maestros exageran, dices eso s\u00f3lo para probarme\u2026 \u00a1T\u00fa eres un maestro poderoso!<\/p>\n<p style=\"text-align: justify\">Los cristianos han convertido el fracaso de Jes\u00fas en un \u00e9xito camuflado. Porque cualquier disc\u00edpulo se hace una idea de Dios, antes o despu\u00e9s. Hace a\u00f1os que vivo as\u00ed y ahora me dices que no puedo descansar en mis ideas ni en mis experiencias, que no hay nada, \u00a1nada!, donde pueda apoyarme. Que no sue\u00f1e con que en alg\u00fan momento podremos descansar\u2026 Maestro, \u00a1d\u00e9jame al menos que te interprete y me interprete como me parezca! Jes\u00fas se alegra de que toques fondo, pero se entristece por tus resistencias. No dice nada m\u00e1s. Eres t\u00fa quien ha de ver hasta d\u00f3nde quieres llegar.<\/p>\n<p style=\"text-align: justify\">Mientras, los hijos del Zebedeo han estado discutiendo sobre qui\u00e9n ser\u00eda el m\u00e1s grande en ese nuevo Reino prometido por Jes\u00fas. No han entendido nada. \u00bfC\u00f3mo tuvo que sentirse Jes\u00fas? Les pregunta si est\u00e1n dispuestos a compartir la suerte que le espera, para dejarlo todo. Si se han preparado para el escarnio y la mofa, para morir y ser olvidados. Los disc\u00edpulos no entienden lo que les est\u00e1 diciendo. Resulta escalofriante hasta d\u00f3nde puede llegar la ceguera de quienes en teor\u00eda son para Jes\u00fas sus seres m\u00e1s cercanos y queridos.<\/p>\n<p style=\"text-align: justify\">Esta advertencia que Jes\u00fas hace a los suyos (voy a sufrir, voy a morir\u2026) es la que la vida -la mejor maestra- nos hace a nosotros a cada momento. Todo pasa, ent\u00e9rate. Est\u00e1s muriendo a lo que eras hace un segundo. Ya no eres tan joven como ayer. No mires para otro lado cuando aparecen los primeros signos de decadencia. Todo indica que estamos de paso, pero no aceptamos nuestra condici\u00f3n de peregrinos. No queremos padecer, morir ni resucitar; no queremos lo que esta vida implica. Lo queremos es la seguridad econ\u00f3mica, el bienestar familiar, nuestras pr\u00f3ximas vacaciones o, incluso, la iluminaci\u00f3n.<\/p>\n<p style=\"text-align: justify\">\u00bfSois capaces de vivir esta vida?, les insiste Jes\u00fas. \u00a1Podemos!, responden ellos. Pero \u00a1qu\u00e9 van a poder! Lo opuesto a la vida no es la muerte o el sufrimiento, sino nuestra ceguera y cerraz\u00f3n ante la muerte y el sufrimiento. Desprenderse, entregarse, morir: \u00e9se es el plan. No acabamos de creernos que el amor y la entrega a los dem\u00e1s comporten la muerte y el escarnio. Amar s\u00ed, pero \u00bfmorir? Entregarse y perderse no es la l\u00f3gica del mundo.<\/p>\n<p style=\"text-align: justify\">En el camino de la vida, de nuestro G\u00f3lgota, no nos enteramos de lo que pasa a nuestro alrededor porque vamos pensando en nuestras cosas, recordando el pasado o planificando el futuro. Durante la adoraci\u00f3n se nos acercan distracciones que nos invitan a fantasear, divagar, proyectar, enso\u00f1ar, entretenernos\u2026 Siempre lo mismo: la gloria, la autoafirmaci\u00f3n, poseernos\u2026<\/p>\n<p style=\"text-align: justify\">El Jes\u00fas del evangelio nos advierte continuamente que todas esas enso\u00f1aciones y fantas\u00edas nos har\u00e1n incapaces de beber el c\u00e1liz que \u00e9l va a beber o a bautizarse con la sangre con que \u00e9l se va a bautizar. Todo lo que aparece en el territorio de nuestra mente cuyo aspecto sea grande acaba por tiranizarnos y oprimirnos. No se practica la adoraci\u00f3n en busca del placer, sino de la vida. En esa vida reina la paz, aunque no una paz ut\u00f3pica o id\u00edlica.<\/p>\n<p style=\"text-align: right\"><em>Pablo d\u2019Ors<\/em>, Biograf\u00eda de la luz<\/p>\n","protected":false},"excerpt":{"rendered":"<p>\u200b &nbsp; &nbsp; &nbsp; Una mirada art\u00edstica al Evangelio del Domingo, un gentileza de Amadeu Bonet, artista. &nbsp; Lectura Espiritual LA SUBIDA (Lc 9,51; 57-58; Mc 10,33-39) Al final entregamos lo que somos Jes\u00fas sube a Jerusal\u00e9n junto a sus disc\u00edpulos, porque para \u00e9l ha llegado la hora de la verdad: el momento sublime de &hellip; <\/p>\n<p><a class=\"more-link btn\" href=\"https:\/\/smaria.salou.arqtgn.cat\/es\/diumenge-xvi-durant-lany-a-2023\/\">Seguir leyendo<\/a><\/p>\n","protected":false},"author":11,"featured_media":0,"comment_status":"closed","ping_status":"closed","sticky":false,"template":"","format":"standard","meta":{"footnotes":""},"categories":[52,49],"tags":[],"class_list":["post-20763","post","type-post","status-publish","format-standard","hentry","category-para-reflexionar","category-preparando-el-domingo","item-wrap"],"amp_enabled":true,"_links":{"self":[{"href":"https:\/\/smaria.salou.arqtgn.cat\/es\/wp-json\/wp\/v2\/posts\/20763","targetHints":{"allow":["GET"]}}],"collection":[{"href":"https:\/\/smaria.salou.arqtgn.cat\/es\/wp-json\/wp\/v2\/posts"}],"about":[{"href":"https:\/\/smaria.salou.arqtgn.cat\/es\/wp-json\/wp\/v2\/types\/post"}],"author":[{"embeddable":true,"href":"https:\/\/smaria.salou.arqtgn.cat\/es\/wp-json\/wp\/v2\/users\/11"}],"replies":[{"embeddable":true,"href":"https:\/\/smaria.salou.arqtgn.cat\/es\/wp-json\/wp\/v2\/comments?post=20763"}],"version-history":[{"count":4,"href":"https:\/\/smaria.salou.arqtgn.cat\/es\/wp-json\/wp\/v2\/posts\/20763\/revisions"}],"predecessor-version":[{"id":20770,"href":"https:\/\/smaria.salou.arqtgn.cat\/es\/wp-json\/wp\/v2\/posts\/20763\/revisions\/20770"}],"wp:attachment":[{"href":"https:\/\/smaria.salou.arqtgn.cat\/es\/wp-json\/wp\/v2\/media?parent=20763"}],"wp:term":[{"taxonomy":"category","embeddable":true,"href":"https:\/\/smaria.salou.arqtgn.cat\/es\/wp-json\/wp\/v2\/categories?post=20763"},{"taxonomy":"post_tag","embeddable":true,"href":"https:\/\/smaria.salou.arqtgn.cat\/es\/wp-json\/wp\/v2\/tags?post=20763"}],"curies":[{"name":"wp","href":"https:\/\/api.w.org\/{rel}","templated":true}]}}