{"id":20260,"date":"2023-05-31T12:35:48","date_gmt":"2023-05-31T10:35:48","guid":{"rendered":"http:\/\/smaria.salou.arqtgn.cat\/?p=20260"},"modified":"2023-06-03T12:37:05","modified_gmt":"2023-06-03T10:37:05","slug":"sesion-final-con-los-ninos-de-1o-de-la-iniciacion-cristiana-de-familias-e-ninos","status":"publish","type":"post","link":"https:\/\/smaria.salou.arqtgn.cat\/es\/sesion-final-con-los-ninos-de-1o-de-la-iniciacion-cristiana-de-familias-e-ninos\/","title":{"rendered":"Sesi\u00f3n final con los ni\u00f1os de 1\u00ba de la Iniciaci\u00f3n Cristiana de Familias e Ni\u00f1os"},"content":{"rendered":"<p style=\"text-align: justify\"><a href=\"http:\/\/smaria.salou.arqtgn.cat\/wp-content\/uploads\/sites\/10\/2023\/06\/cATR.jpg\"><img loading=\"lazy\" decoding=\"async\" class=\"aligncenter size-full wp-image-20256\" src=\"http:\/\/smaria.salou.arqtgn.cat\/wp-content\/uploads\/sites\/10\/2023\/06\/cATR.jpg\" alt=\"\" width=\"800\" height=\"348\" srcset=\"https:\/\/smaria.salou.arqtgn.cat\/wp-content\/uploads\/sites\/10\/2023\/06\/cATR.jpg 800w, https:\/\/smaria.salou.arqtgn.cat\/wp-content\/uploads\/sites\/10\/2023\/06\/cATR-300x131.jpg 300w, https:\/\/smaria.salou.arqtgn.cat\/wp-content\/uploads\/sites\/10\/2023\/06\/cATR-768x334.jpg 768w, https:\/\/smaria.salou.arqtgn.cat\/wp-content\/uploads\/sites\/10\/2023\/06\/cATR-560x244.jpg 560w\" sizes=\"auto, (max-width: 800px) 100vw, 800px\" \/><\/a><\/p>\n<p style=\"text-align: justify\">El pasado martes, con las familias y ni\u00f1os de 1r a\u00f1o de la Iniciaci\u00f3n Cristiana de Familias e Ni\u00f1os, tuvimos la \u00faltima sesi\u00f3n presencial conjunta con un tono festivo, l\u00fadico ya la vez de oraci\u00f3n.<\/p>\n<p style=\"text-align: justify\">Comenzamos haciendo un Kahoot en familia con preguntas sobre lo que hemos hecho durante este a\u00f1o. Despu\u00e9s de este momento de jolgorio, enseguida pasamos al silencio para hacer una peque\u00f1a oraci\u00f3n en dos partes. En la primera parte los ni\u00f1os mostraron lo aprendido en el oratorio: ha empezado a descubrir al Jes\u00fas amigo, a trav\u00e9s de su Palabra que ilumine nuestro coraz\u00f3n para que podamos vivir el Amor de Dios en nuestras vidas . En una segunda parte, algunos padres con sus hijos, dejaron escritas unas intenciones de oraci\u00f3n que fueron iluminadas por unos cirios encendidos del cirio de la Palabra de Dios.<\/p>\n<p style=\"text-align: justify\">Finalmente, juntos en el patio, compartimos un poco de torta, chocolate y refrescos.<\/p>\n<p><a href=\"http:\/\/smaria.salou.arqtgn.cat\/wp-content\/uploads\/sites\/10\/2023\/06\/kahoot.jpg\"><img loading=\"lazy\" decoding=\"async\" class=\"aligncenter size-full wp-image-20254\" src=\"http:\/\/smaria.salou.arqtgn.cat\/wp-content\/uploads\/sites\/10\/2023\/06\/kahoot.jpg\" alt=\"\" width=\"1800\" height=\"1200\" srcset=\"https:\/\/smaria.salou.arqtgn.cat\/wp-content\/uploads\/sites\/10\/2023\/06\/kahoot.jpg 1800w, https:\/\/smaria.salou.arqtgn.cat\/wp-content\/uploads\/sites\/10\/2023\/06\/kahoot-300x200.jpg 300w, https:\/\/smaria.salou.arqtgn.cat\/wp-content\/uploads\/sites\/10\/2023\/06\/kahoot-1024x683.jpg 1024w, https:\/\/smaria.salou.arqtgn.cat\/wp-content\/uploads\/sites\/10\/2023\/06\/kahoot-768x512.jpg 768w, https:\/\/smaria.salou.arqtgn.cat\/wp-content\/uploads\/sites\/10\/2023\/06\/kahoot-1536x1024.jpg 1536w, https:\/\/smaria.salou.arqtgn.cat\/wp-content\/uploads\/sites\/10\/2023\/06\/kahoot-560x373.jpg 560w\" sizes=\"auto, (max-width: 1800px) 100vw, 1800px\" \/><\/a><\/p>\n","protected":false},"excerpt":{"rendered":"<p>El pasado martes, con las familias y ni\u00f1os de 1r a\u00f1o de la Iniciaci\u00f3n Cristiana de Familias e Ni\u00f1os, tuvimos la \u00faltima sesi\u00f3n presencial conjunta con un tono festivo, l\u00fadico ya la vez de oraci\u00f3n. Comenzamos haciendo un Kahoot en familia con preguntas sobre lo que hemos hecho durante este a\u00f1o. Despu\u00e9s de este momento &hellip; <\/p>\n<p><a class=\"more-link btn\" href=\"https:\/\/smaria.salou.arqtgn.cat\/es\/sesion-final-con-los-ninos-de-1o-de-la-iniciacion-cristiana-de-familias-e-ninos\/\">Seguir leyendo<\/a><\/p>\n","protected":false},"author":11,"featured_media":0,"comment_status":"closed","ping_status":"closed","sticky":false,"template":"","format":"standard","meta":{"footnotes":""},"categories":[50,64],"tags":[],"class_list":["post-20260","post","type-post","status-publish","format-standard","hentry","category-catequesis","category-vida-parroquial-es","item-wrap"],"amp_enabled":true,"_links":{"self":[{"href":"https:\/\/smaria.salou.arqtgn.cat\/es\/wp-json\/wp\/v2\/posts\/20260","targetHints":{"allow":["GET"]}}],"collection":[{"href":"https:\/\/smaria.salou.arqtgn.cat\/es\/wp-json\/wp\/v2\/posts"}],"about":[{"href":"https:\/\/smaria.salou.arqtgn.cat\/es\/wp-json\/wp\/v2\/types\/post"}],"author":[{"embeddable":true,"href":"https:\/\/smaria.salou.arqtgn.cat\/es\/wp-json\/wp\/v2\/users\/11"}],"replies":[{"embeddable":true,"href":"https:\/\/smaria.salou.arqtgn.cat\/es\/wp-json\/wp\/v2\/comments?post=20260"}],"version-history":[{"count":2,"href":"https:\/\/smaria.salou.arqtgn.cat\/es\/wp-json\/wp\/v2\/posts\/20260\/revisions"}],"predecessor-version":[{"id":20263,"href":"https:\/\/smaria.salou.arqtgn.cat\/es\/wp-json\/wp\/v2\/posts\/20260\/revisions\/20263"}],"wp:attachment":[{"href":"https:\/\/smaria.salou.arqtgn.cat\/es\/wp-json\/wp\/v2\/media?parent=20260"}],"wp:term":[{"taxonomy":"category","embeddable":true,"href":"https:\/\/smaria.salou.arqtgn.cat\/es\/wp-json\/wp\/v2\/categories?post=20260"},{"taxonomy":"post_tag","embeddable":true,"href":"https:\/\/smaria.salou.arqtgn.cat\/es\/wp-json\/wp\/v2\/tags?post=20260"}],"curies":[{"name":"wp","href":"https:\/\/api.w.org\/{rel}","templated":true}]}}